{"id":1287,"date":"2024-01-10T21:58:24","date_gmt":"2024-01-10T21:58:24","guid":{"rendered":"https:\/\/roexit.info\/?p=1287"},"modified":"2025-10-21T15:43:49","modified_gmt":"2025-10-21T15:43:49","slug":"daca-nimeni-nu-se-preocupa-de-cautarea-pacii-fara-indoiala-ca-vom-gasi-razboiul-daca-razboiul-se-va-amplifica-problemele-sociale-si-politice-se-vor-amplifica-pledoaria-pentru-pace-a-lui-adrian-sev","status":"publish","type":"post","link":"https:\/\/roexit.info\/?p=1287","title":{"rendered":"Dac\u0103 nimeni nu se preocup\u0103 de c\u0103utarea p\u0103cii, f\u0103r\u0103 \u00eendoial\u0103 c\u0103 vom g\u0103si r\u0103zboiul. Dac\u0103 r\u0103zboiul se va amplifica, problemele sociale \u0219i politice se vor amplifica. PLEDOARIA PENTRU PACE a lui Adrian Severin. VIDEO BZI"},"content":{"rendered":"<p>Diplomatul \u0219i fostul politician prof. dr. Adrian Severin face, la emisiunea lui Valentin Hu\u021banu de la <a href=\"https:\/\/www.bzi.ro\/\">BZI.ro<\/a>, observa\u021bii generale \u0219i anumite predic\u021bii despre anul 2024, an care va fi unul electoral nu doar pentru rom\u00e2ni, ci pentru circa dou\u0103 miliarde de oameni din lume. Dl. Severin se \u00eengrijoreaz\u0103 de faptul c\u0103 pacea pare a nu mai fi pe agend\u0103, ci actualii conduc\u0103tori par a dori s\u0103 rezolve crizele societ\u0103\u021bilor lor prin r\u0103zboaie. R\u0103zboiul pare a fi devenit leacul universal al tuturor problemelor, \u00een timp ce pacea pare s\u0103 fi disp\u0103rut din panoplia solu\u021biilor posibile. Puterea pare a fi acaparat\u0103 de anumite grupuri de interese care dispre\u021buiesc \u0219i lucreaz\u0103 \u00eempotriva interesului popoarelor, ceea ce consfin\u021be\u0219te moartea democra\u021biei. Astfel, chiar \u0219i alegerile par a deveni un fals strident, o parodie zgomotoas\u0103 a unei democra\u021bii ca o form\u0103 golit\u0103 de fond. Drepturile \u0219i libert\u0103\u021bile se cer rec\u00e2\u0219tigate prin proteste \u0219i revolu\u021bii, iar conducerea astfel instaurat\u0103 trebuie s\u0103 fie extras\u0103 din popor \u0219i s\u0103 \u021bin\u0103 seama de interesele poporului, nu de ale celor afla\u021bi \u00een cercurile puterii. Iat\u0103 pledoaria lui Adrian Severin:<\/p>\n<p>\u201eDin p\u0103cate, ceea ce pot eu sesiza \u00een acest moment este <strong>lipsa unei culturi a p\u0103cii, unui apetit, unui interes pentru pace.<\/strong> Lipsesc aceste preocup\u0103ri, aceste \u00eenclina\u021bii, aceste instincte, <strong>aproape toat\u0103 lumea se g\u00e2nde\u0219te oare cum mai putem amorsa un r\u0103zboi, cum putem ie\u0219i din criz\u0103 nu printr-un proiect pozitiv, nu printr-un proiect constructiv, ci prin r\u0103zboi, prin complicarea crizei. Deci, criza este gestionat\u0103 prin amplificarea crizei: criz\u0103 prin criz\u0103.<\/strong> Sigur, printre rom\u00e2ni noi avem acea zical\u0103 care spune \u201ecui pe cui se scoate\u201d, dar parc\u0103 sunt prea multe cuie de scos \u0219i prea multe cuie care sunt folosite pentru a scoate cuiele care sunt de scos.<\/p>\n<p>Acesta este primul meu sentiment, sentimentul c\u0103 lipse\u0219te oriunde ne uit\u0103m \u00een jurul nostru o preocupare pentru pace. <strong>Toat\u0103 lumea caut\u0103 solu\u021bia r\u0103zboiului \u201esalvator\u201d, a r\u0103zboiului care s\u0103 ne scoat\u0103 din criz\u0103, iar nu solu\u021bia p\u0103cii.<\/strong> Asta, la nivelul rela\u021biilor interna\u021bionale.<\/p>\n<p>Nu se caut\u0103, \u00eens\u0103, nici<strong> solu\u021bia p\u0103cii sociale \u00een or\u00e2nduirea intern\u0103 a statelor lumii.<\/strong> Exist\u0103 o tensiune social\u0103 din ce \u00een ce mai mare, exist\u0103 un divor\u021b din ce \u00een ce mai pronun\u021bat \u00eentre conduc\u0103tori \u0219i condu\u0219i \u0219i, cu toate acestea, se pare c\u0103 nimeni nu se g\u00e2nde\u0219te cum s\u0103 dep\u0103\u0219easc\u0103 aceast\u0103 criz\u0103 intern\u0103, cum s\u0103 refac\u0103 leg\u0103tura de \u00eencredere \u00eentre conduc\u0103tori \u0219i condu\u0219i, ci to\u021bi se g\u00e2ndesc cum s\u0103 limiteze capacitatea celor condu\u0219i de a protesta \u00eempotriva politicilor duse de conduc\u0103tori \u00een dispre\u021bul interesului condu\u0219ilor.<\/p>\n<p>V\u0103d, la acest \u00eenceput de an,<strong> o criz\u0103 extraordinar\u0103 a democra\u021biei<\/strong>, criza aceasta are r\u0103d\u0103cini mai vechi, dar ceea ce m\u0103 \u00eengrijoreaz\u0103 este faptul c\u0103 nimeni nu se preocup\u0103 dec\u00e2t de pudrarea realit\u0103\u021bii politice cu pudr\u0103 democratic\u0103:<strong> noi \u00eencerc\u0103m s\u0103 deghiz\u0103m oligarhia \u00een haine democratice.<\/strong> Cel pu\u021bin \u00een lumea noastr\u0103, \u00een lumea occidental\u0103, constat o oligarhizare a regimurilor politice &#8211; \u0219i oligarhia \u00eenseamn\u0103 conducerea de c\u0103tre o grupare, ca s\u0103 n-o numesc \u201ega\u0219c\u0103\u201d, de interese personale, o grupare format\u0103 din persoane care au \u00eentre ele raporturi circumscrise de interese de grup, f\u0103r\u0103 nici o leg\u0103tur\u0103 cu interesele marii mase a celor care sunt condu\u0219i, \u0219i care gestioneaz\u0103 aceste interese prin metodele cunoscute ale corup\u021biei, dup\u0103 cum gestioneaz\u0103 \u0219i rela\u021bia cu restul lumii, cu cei din afara cercului conduc\u0103tor prin metode specifice corup\u021biei.<\/p>\n<p>Deci aici sunt, dup\u0103 p\u0103rerea mea, c\u00e2teva observa\u021bii care privesc situa\u021bia din momentul actual \u0219i, <strong>dac\u0103 nimeni nu se preocup\u0103 de c\u0103utarea p\u0103cii, f\u0103r\u0103 \u00eendoial\u0103 c\u0103 vom g\u0103si r\u0103zboiul.<\/strong> <strong>Dac\u0103 r\u0103zboiul se amplific\u0103, toate problemele sociale se vor amplifica, problemele politice se vor amplifica.<\/strong><\/p>\n<p>Am spus c\u0103 sunt c\u00e2teva miliarde de oameni care vor participa la alegeri \u00een acest an.<strong> Aceste alegeri, dup\u0103 p\u0103rerea mea, sunt un ritual democratic c\u0103ruia \u00eei lipse\u0219te fondul, substan\u021ba, pentru c\u0103 \u00een majoritatea locurilor unde se vor \u021bine alegerile, ceea ce este de fapt tipul de guvernare nu este democra\u021bia &#8211; democra\u021bie care are printre instrumentele sale alegerile libere \u0219i corecte -, ci oligarhia, conducerea de c\u0103tre un grup restr\u00e2ns \u00een interesele grupului.<\/strong> \u00cen aceste situa\u021bii, care este efectul alegerilor? Alegerile sunt doar un fel de anestezic care se administreaz\u0103 maselor pentru ca ele s\u0103 cread\u0103 c\u0103 au un cuv\u00e2nt de spus \u00een actul de conducere a societ\u0103\u021bii. \u0218i, vorba lui Mark Twain, mi se pare: dac\u0103 votul nostru ar putea schimba ceva, cu certitudine n-am mai fi l\u0103sa\u021bi s\u0103 vot\u0103m! Suntem l\u0103sa\u021bi s\u0103 vot\u0103m, din contr\u0103, asta \u00eenseamn\u0103 c\u0103 cei care ne las\u0103 s\u0103 vot\u0103m sunt convin\u0219i c\u0103 votul nostru nu va putea schimba nimic.<\/p>\n<p>\u0218i mi-e team\u0103 c\u0103 lucrurile a\u0219a stau:<strong> vot\u0103m ca s\u0103 credem c\u0103 avem vreo influen\u021b\u0103 dar, \u00een realitate, votul acesta este un simplu ritual f\u0103r\u0103 nici un fel de consecin\u021be practice. Circa dou\u0103 miliarde de oameni vor vota, \u00een principiu, degeaba!<\/strong><\/p>\n<p>Este limpede c\u0103 noi cu to\u021bii avem nevoie de pace. <strong>Pacea \u00eenseamn\u0103 stabilitate, pacea \u00eenseamn\u0103 ordine, pacea \u00eenseamn\u0103 \u00eencredere \u00eentre oameni, pacea \u00eenseamn\u0103 prosperitate, pacea \u00eenseamn\u0103 progres.<\/strong> F\u0103r\u0103 asta nu se poate.<\/p>\n<p>Dar, de\u0219i noi, votan\u021bii, avem nevoie de pace, guvernan\u021bii ne r\u0103spund oferindu-ne peste tot r\u0103zboaie. Vom vedea \u00een ce m\u0103sur\u0103 se va ajunge la concluzia c\u0103 am avut destul r\u0103zboi \u0219i c\u0103 putem s\u0103 revenim la ordine &#8211; pentru c\u0103 r\u0103zboiul \u00eenseamn\u0103 dezordine. <strong>R\u0103zboiul este \u00eentotdeauna dezordine, pacea \u00eenseamn\u0103 ordine, dar p\u0103cile difer\u0103 \u00eentre ele pentru c\u0103 juc\u0103torii cei mai influen\u021bi doresc s\u0103 organizeze pacea \u00een a\u0219a fel \u00eenc\u00e2t interesele lor s\u0103 fie satisf\u0103cute &#8211; deci, o pace nu \u00een interesul tuturor, ci o pace \u00een interesul unora numai.<\/strong> Aicea este marea problem\u0103 \u0219i marea miz\u0103 care se g\u0103se\u0219te pe masa deciziilor politice ale anului care vine, decizii politice care, trebuie s\u0103 fim l\u0103muri\u021bi, nu avem a le l\u0103sa numai la dispozi\u021bia conduc\u0103torilor.<\/p>\n<p><strong>C\u00e2t\u0103 vreme conducerea este oligarhic\u0103, c\u00e2t\u0103 vreme sistemul este oligarhic, poporul are dreptul s\u0103 pun\u0103 toate presiunile folosind toate mijloacele disponibile astfel \u00eenc\u00e2t \u0219i interesele sale s\u0103 fie luate \u00een considerare.<\/strong><\/p>\n<p>Este foarte adev\u0103rat c\u0103 la nivelul de sofisticare, la nivelul de complexitate al vie\u021bii noastre sociale, economice de ast\u0103zi, \u00een condi\u021biile tehnologiilor foarte avansate, la acest nivel, a solicita poporului s\u0103 ia decizii, popor care pune la un loc pe cei care \u0219tiu \u0219i pe cei care nu \u0219tiu, popor \u00een care votul este egal \u0219i al celui care este inteligent \u0219i al celui care este prost, \u0219i al celui care este harnic \u0219i al celui care este lene\u0219 \u0219.a.m.d.,<strong> \u00een aceste condi\u021bii sistemul democratic pur \u0219i simplu ar putea s\u0103 nu func\u021bioneze. \u00cens\u0103 trebuie ca, sub supravegherea poporului, sub supravegherea masei, s\u0103 existe un sistem de conducere meritocratic, un sistem de conducere \u00een care din mase s\u0103 se selec\u021bioneze persoanele care au capacitatea de a conduce \u0219i aceste persoane s\u0103 primeasc\u0103 puterea, dar s\u0103 o \u0219i foloseasc\u0103 \u00een interesul \u00eentregii societ\u0103\u021bi, ci nu doar \u00een interesul grupusculului, clanului corupt din care ei\/ele fac parte.<\/strong><\/p>\n<p>E vorba s\u0103 avem \u0219i cred c\u0103 trebuie s\u0103 avem o discu\u021bie foarte larg\u0103 \u00een societatea rom\u00e2neasc\u0103 \u0219i nu numai \u00een leg\u0103tur\u0103 cu ceea ce trebuie s\u0103 facem, pentru c\u0103 eu constat c\u0103 <strong>nu discut\u0103m dec\u00e2t despre alegeri \u0219i vom avea din nou aceea\u0219i deziluzie, nemul\u021bumire extraordinar\u0103.<\/strong><\/p>\n<p>S-o spunem foarte clar: <strong>alegerile acestea sunt un fals, ele nu sunt alegeri, nu ai o posibilitate s\u0103 optezi \u0219i op\u021biunile tale s\u0103 se transforme \u00een politici, \u00een decizii politice care s\u0103 r\u0103spund\u0103 nevoilor \u0219i intereselor tale, ci sunt doar un simplu exerci\u021biu care ofer\u0103 un alibi democratic unei conduceri nedemocratice,<\/strong> care face complimente poporului \u00een discursul public \u0219i \u00eel insult\u0103 \u00een ac\u021biunea concret\u0103, nepublic\u0103.<\/p>\n<p>Probabil c\u0103 nu este prea optimist ceea ce spun eu, dar, repet, <strong>trebuie s\u0103 punem diagnosticul corect bolii pentru a \u0219ti ce avem de f\u0103cut.<\/strong> Cu alte cuvinte, dac\u0103 vre\u021bi, trebuie s\u0103 ie\u0219im din nou pe strad\u0103, trebuie s\u0103 ne urc\u0103m din nou pe baricade, sunt sute de ani \u00een care, prin lupte \u0219i prin eforturi populare, s-a ajuns s\u0103 se c\u00e2\u0219tige anumite drepturi fundamentale, s-a ajuns la o structur\u0103, la<strong> institu\u021bii conduc\u0103toare apte s\u0103 r\u0103spund\u0103 \u0219i intereselor popula\u021biei, nu doar intereselor conduc\u0103torilor.<\/strong><\/p>\n<p>Se pare c\u0103 s-a pierdut mult din aceasta \u0219i, desigur, va trebui s\u0103 facem cum am mai f\u0103cut, adic\u0103<strong> \u00eenapoi pe strad\u0103, \u00eenapoi pe baricade ca s\u0103 ne rec\u00e2\u0219tig\u0103m drepturile<\/strong> \u0219i s\u0103 ne asigur\u0103m de institu\u021bii care r\u0103spund a\u0219tept\u0103rilor \u0219i aspira\u021biilor noastre legitime\u201d, a declarat Adrian Severin \u00een emisiunea g\u0103zduit\u0103 de Valentin Hu\u021banu la \u201eBun\u0103 Ziua, Ia\u0219i!\u201d (BZI). <a href=\"https:\/\/www.youtube.com\/watch?v=qKZKpXmTjZ8\"><strong>VIDEO:<\/strong><\/a><\/p>\n<p><iframe loading=\"lazy\" title=\"Prof. univ. dr. Adrian Severin revine la bzi live \u00eentr-o nou\u0103 emisiune premium\" width=\"640\" height=\"360\" src=\"https:\/\/www.youtube.com\/embed\/qKZKpXmTjZ8?feature=oembed\" frameborder=\"0\" allow=\"accelerometer; autoplay; clipboard-write; encrypted-media; gyroscope; picture-in-picture; web-share\" referrerpolicy=\"strict-origin-when-cross-origin\" allowfullscreen><\/iframe><\/p>\n","protected":false},"excerpt":{"rendered":"<p>Diplomatul \u0219i fostul politician prof. dr. Adrian Severin face, la emisiunea lui Valentin Hu\u021banu de la BZI.ro, observa\u021bii generale \u0219i anumite predic\u021bii despre anul 2024, an care va fi unul electoral nu doar pentru rom\u00e2ni, ci pentru circa dou\u0103 miliarde de oameni din lume. Dl. Severin se \u00eengrijoreaz\u0103 de faptul c\u0103 pacea pare a nu [&hellip;]<\/p>\n","protected":false},"author":3,"featured_media":1291,"comment_status":"open","ping_status":"open","sticky":false,"template":"","format":"standard","meta":{"footnotes":""},"categories":[267,32,290,268,4],"tags":[200,73,389,347,393,396,399,394,391,395,221,10,398,225,397,392,206,27],"class_list":["post-1287","post","type-post","status-publish","format-standard","has-post-thumbnail","hentry","category-economie","category-opinii","category-politica","category-social","category-stil_de_viata","tag-buna-ziua-iasi-bzi","tag-coruptie","tag-crize","tag-democratie","tag-democratie-participativa","tag-dezordine","tag-drepturile-omului","tag-meritocratie","tag-oligarhie","tag-ordine","tag-pace","tag-politica","tag-progres","tag-razboi","tag-stabilitate","tag-tiranie","tag-valentin-hutanu","tag-video"],"yoast_head":"<!-- This site is optimized with the Yoast SEO plugin v24.4 - https:\/\/yoast.com\/wordpress\/plugins\/seo\/ -->\n<title>Dac\u0103 nimeni nu se preocup\u0103 de c\u0103utarea p\u0103cii, f\u0103r\u0103 \u00eendoial\u0103 c\u0103 vom g\u0103si r\u0103zboiul. Dac\u0103 r\u0103zboiul se va amplifica, problemele sociale \u0219i politice se vor amplifica. PLEDOARIA PENTRU PACE a lui Adrian Severin. VIDEO BZI - RoExit<\/title>\n<meta name=\"robots\" content=\"index, follow, max-snippet:-1, max-image-preview:large, max-video-preview:-1\" \/>\n<link rel=\"canonical\" href=\"https:\/\/roexit.info\/?p=1287\" \/>\n<meta property=\"og:locale\" content=\"ro_RO\" \/>\n<meta property=\"og:type\" content=\"article\" \/>\n<meta property=\"og:title\" content=\"Dac\u0103 nimeni nu se preocup\u0103 de c\u0103utarea p\u0103cii, f\u0103r\u0103 \u00eendoial\u0103 c\u0103 vom g\u0103si r\u0103zboiul. Dac\u0103 r\u0103zboiul se va amplifica, problemele sociale \u0219i politice se vor amplifica. PLEDOARIA PENTRU PACE a lui Adrian Severin. VIDEO BZI - RoExit\" \/>\n<meta property=\"og:description\" content=\"Diplomatul \u0219i fostul politician prof. dr. Adrian Severin face, la emisiunea lui Valentin Hu\u021banu de la BZI.ro, observa\u021bii generale \u0219i anumite predic\u021bii despre anul 2024, an care va fi unul electoral nu doar pentru rom\u00e2ni, ci pentru circa dou\u0103 miliarde de oameni din lume. Dl. Severin se \u00eengrijoreaz\u0103 de faptul c\u0103 pacea pare a nu [&hellip;]\" \/>\n<meta property=\"og:url\" content=\"https:\/\/roexit.info\/?p=1287\" \/>\n<meta property=\"og:site_name\" content=\"RoExit\" \/>\n<meta property=\"article:published_time\" content=\"2024-01-10T21:58:24+00:00\" \/>\n<meta property=\"article:modified_time\" content=\"2025-10-21T15:43:49+00:00\" \/>\n<meta property=\"og:image\" content=\"https:\/\/roexit.info\/wp-content\/uploads\/2024\/01\/severin-hutanu-pace.jpg\" \/>\n\t<meta property=\"og:image:width\" content=\"1280\" \/>\n\t<meta property=\"og:image:height\" content=\"781\" \/>\n\t<meta property=\"og:image:type\" content=\"image\/jpeg\" \/>\n<meta name=\"author\" content=\"P\u00e2r\u0103u Vlad\" \/>\n<meta name=\"twitter:card\" content=\"summary_large_image\" \/>\n<meta name=\"twitter:label1\" content=\"Scris de\" \/>\n\t<meta name=\"twitter:data1\" content=\"P\u00e2r\u0103u Vlad\" \/>\n\t<meta name=\"twitter:label2\" content=\"Timp estimat pentru citire\" \/>\n\t<meta name=\"twitter:data2\" content=\"8 minute\" \/>\n<script type=\"application\/ld+json\" class=\"yoast-schema-graph\">{\"@context\":\"https:\/\/schema.org\",\"@graph\":[{\"@type\":\"Article\",\"@id\":\"https:\/\/roexit.info\/?p=1287#article\",\"isPartOf\":{\"@id\":\"https:\/\/roexit.info\/?p=1287\"},\"author\":{\"name\":\"P\u00e2r\u0103u Vlad\",\"@id\":\"https:\/\/roexit.info\/#\/schema\/person\/3822a7ccbd940791ab5628bbe51086c1\"},\"headline\":\"Dac\u0103 nimeni nu se preocup\u0103 de c\u0103utarea p\u0103cii, f\u0103r\u0103 \u00eendoial\u0103 c\u0103 vom g\u0103si r\u0103zboiul. Dac\u0103 r\u0103zboiul se va amplifica, problemele sociale \u0219i politice se vor amplifica. PLEDOARIA PENTRU PACE a lui Adrian Severin. VIDEO BZI\",\"datePublished\":\"2024-01-10T21:58:24+00:00\",\"dateModified\":\"2025-10-21T15:43:49+00:00\",\"mainEntityOfPage\":{\"@id\":\"https:\/\/roexit.info\/?p=1287\"},\"wordCount\":1608,\"commentCount\":1,\"publisher\":{\"@id\":\"https:\/\/roexit.info\/#organization\"},\"image\":{\"@id\":\"https:\/\/roexit.info\/?p=1287#primaryimage\"},\"thumbnailUrl\":\"https:\/\/roexit.info\/wp-content\/uploads\/2024\/01\/severin-hutanu-pace.jpg\",\"keywords\":[\"Bun\u0103 Ziua Ia\u0219i BZI\",\"corup\u021bie\",\"crize\",\"democra\u021bie\",\"democra\u021bie participativ\u0103\",\"dezordine\",\"drepturile omului\",\"meritocra\u021bie\",\"oligarhie\",\"ordine\",\"Pace\",\"Politic\u0103\",\"progres\",\"r\u0103zboi\",\"stabilitate\",\"tiranie\",\"Valentin Hu\u021banu\",\"video\"],\"articleSection\":[\"Economie\",\"Opinii\",\"Politic\u0103\",\"Social\",\"Via\u021ba \u00een secolul XXI\"],\"inLanguage\":\"ro-RO\",\"potentialAction\":[{\"@type\":\"CommentAction\",\"name\":\"Comment\",\"target\":[\"https:\/\/roexit.info\/?p=1287#respond\"]}]},{\"@type\":\"WebPage\",\"@id\":\"https:\/\/roexit.info\/?p=1287\",\"url\":\"https:\/\/roexit.info\/?p=1287\",\"name\":\"Dac\u0103 nimeni nu se preocup\u0103 de c\u0103utarea p\u0103cii, f\u0103r\u0103 \u00eendoial\u0103 c\u0103 vom g\u0103si r\u0103zboiul. Dac\u0103 r\u0103zboiul se va amplifica, problemele sociale \u0219i politice se vor amplifica. PLEDOARIA PENTRU PACE a lui Adrian Severin. VIDEO BZI - RoExit\",\"isPartOf\":{\"@id\":\"https:\/\/roexit.info\/#website\"},\"primaryImageOfPage\":{\"@id\":\"https:\/\/roexit.info\/?p=1287#primaryimage\"},\"image\":{\"@id\":\"https:\/\/roexit.info\/?p=1287#primaryimage\"},\"thumbnailUrl\":\"https:\/\/roexit.info\/wp-content\/uploads\/2024\/01\/severin-hutanu-pace.jpg\",\"datePublished\":\"2024-01-10T21:58:24+00:00\",\"dateModified\":\"2025-10-21T15:43:49+00:00\",\"breadcrumb\":{\"@id\":\"https:\/\/roexit.info\/?p=1287#breadcrumb\"},\"inLanguage\":\"ro-RO\",\"potentialAction\":[{\"@type\":\"ReadAction\",\"target\":[\"https:\/\/roexit.info\/?p=1287\"]}]},{\"@type\":\"ImageObject\",\"inLanguage\":\"ro-RO\",\"@id\":\"https:\/\/roexit.info\/?p=1287#primaryimage\",\"url\":\"https:\/\/roexit.info\/wp-content\/uploads\/2024\/01\/severin-hutanu-pace.jpg\",\"contentUrl\":\"https:\/\/roexit.info\/wp-content\/uploads\/2024\/01\/severin-hutanu-pace.jpg\",\"width\":1280,\"height\":781},{\"@type\":\"BreadcrumbList\",\"@id\":\"https:\/\/roexit.info\/?p=1287#breadcrumb\",\"itemListElement\":[{\"@type\":\"ListItem\",\"position\":1,\"name\":\"Prima pagin\u0103\",\"item\":\"https:\/\/roexit.info\/\"},{\"@type\":\"ListItem\",\"position\":2,\"name\":\"Dac\u0103 nimeni nu se preocup\u0103 de c\u0103utarea p\u0103cii, f\u0103r\u0103 \u00eendoial\u0103 c\u0103 vom g\u0103si r\u0103zboiul. Dac\u0103 r\u0103zboiul se va amplifica, problemele sociale \u0219i politice se vor amplifica. PLEDOARIA PENTRU PACE a lui Adrian Severin. VIDEO BZI\"}]},{\"@type\":\"WebSite\",\"@id\":\"https:\/\/roexit.info\/#website\",\"url\":\"https:\/\/roexit.info\/\",\"name\":\"RoExit\",\"description\":\"UE la co\u0219ul de gunoi al istoriei\",\"publisher\":{\"@id\":\"https:\/\/roexit.info\/#organization\"},\"potentialAction\":[{\"@type\":\"SearchAction\",\"target\":{\"@type\":\"EntryPoint\",\"urlTemplate\":\"https:\/\/roexit.info\/?s={search_term_string}\"},\"query-input\":{\"@type\":\"PropertyValueSpecification\",\"valueRequired\":true,\"valueName\":\"search_term_string\"}}],\"inLanguage\":\"ro-RO\"},{\"@type\":\"Organization\",\"@id\":\"https:\/\/roexit.info\/#organization\",\"name\":\"RoExit\",\"url\":\"https:\/\/roexit.info\/\",\"logo\":{\"@type\":\"ImageObject\",\"inLanguage\":\"ro-RO\",\"@id\":\"https:\/\/roexit.info\/#\/schema\/logo\/image\/\",\"url\":\"https:\/\/roexit.info\/wp-content\/uploads\/2023\/12\/cropped-logo-vsrianta-2.jpeg\",\"contentUrl\":\"https:\/\/roexit.info\/wp-content\/uploads\/2023\/12\/cropped-logo-vsrianta-2.jpeg\",\"width\":358,\"height\":277,\"caption\":\"RoExit\"},\"image\":{\"@id\":\"https:\/\/roexit.info\/#\/schema\/logo\/image\/\"}},{\"@type\":\"Person\",\"@id\":\"https:\/\/roexit.info\/#\/schema\/person\/3822a7ccbd940791ab5628bbe51086c1\",\"name\":\"P\u00e2r\u0103u Vlad\",\"image\":{\"@type\":\"ImageObject\",\"inLanguage\":\"ro-RO\",\"@id\":\"https:\/\/roexit.info\/#\/schema\/person\/image\/\",\"url\":\"https:\/\/secure.gravatar.com\/avatar\/14aff8b17897b19faac02aca2a116530d9e5c8912df6512c1bf3efb45f65a5f7?s=96&d=mm&r=g\",\"contentUrl\":\"https:\/\/secure.gravatar.com\/avatar\/14aff8b17897b19faac02aca2a116530d9e5c8912df6512c1bf3efb45f65a5f7?s=96&d=mm&r=g\",\"caption\":\"P\u00e2r\u0103u Vlad\"},\"description\":\"Redactor\/Editor at ROexit.info Redactor at Cerul, codrul \u0219i p\u00e2r\u0103ul Studied at Universitatea Lucian Blaga Sibiu\",\"sameAs\":[\"http:\/\/roexit.info\"],\"url\":\"https:\/\/roexit.info\/?author=3\"}]}<\/script>\n<!-- \/ Yoast SEO plugin. -->","yoast_head_json":{"title":"Dac\u0103 nimeni nu se preocup\u0103 de c\u0103utarea p\u0103cii, f\u0103r\u0103 \u00eendoial\u0103 c\u0103 vom g\u0103si r\u0103zboiul. Dac\u0103 r\u0103zboiul se va amplifica, problemele sociale \u0219i politice se vor amplifica. PLEDOARIA PENTRU PACE a lui Adrian Severin. VIDEO BZI - RoExit","robots":{"index":"index","follow":"follow","max-snippet":"max-snippet:-1","max-image-preview":"max-image-preview:large","max-video-preview":"max-video-preview:-1"},"canonical":"https:\/\/roexit.info\/?p=1287","og_locale":"ro_RO","og_type":"article","og_title":"Dac\u0103 nimeni nu se preocup\u0103 de c\u0103utarea p\u0103cii, f\u0103r\u0103 \u00eendoial\u0103 c\u0103 vom g\u0103si r\u0103zboiul. Dac\u0103 r\u0103zboiul se va amplifica, problemele sociale \u0219i politice se vor amplifica. PLEDOARIA PENTRU PACE a lui Adrian Severin. VIDEO BZI - RoExit","og_description":"Diplomatul \u0219i fostul politician prof. dr. Adrian Severin face, la emisiunea lui Valentin Hu\u021banu de la BZI.ro, observa\u021bii generale \u0219i anumite predic\u021bii despre anul 2024, an care va fi unul electoral nu doar pentru rom\u00e2ni, ci pentru circa dou\u0103 miliarde de oameni din lume. Dl. Severin se \u00eengrijoreaz\u0103 de faptul c\u0103 pacea pare a nu [&hellip;]","og_url":"https:\/\/roexit.info\/?p=1287","og_site_name":"RoExit","article_published_time":"2024-01-10T21:58:24+00:00","article_modified_time":"2025-10-21T15:43:49+00:00","og_image":[{"width":1280,"height":781,"url":"https:\/\/roexit.info\/wp-content\/uploads\/2024\/01\/severin-hutanu-pace.jpg","type":"image\/jpeg"}],"author":"P\u00e2r\u0103u Vlad","twitter_card":"summary_large_image","twitter_misc":{"Scris de":"P\u00e2r\u0103u Vlad","Timp estimat pentru citire":"8 minute"},"schema":{"@context":"https:\/\/schema.org","@graph":[{"@type":"Article","@id":"https:\/\/roexit.info\/?p=1287#article","isPartOf":{"@id":"https:\/\/roexit.info\/?p=1287"},"author":{"name":"P\u00e2r\u0103u Vlad","@id":"https:\/\/roexit.info\/#\/schema\/person\/3822a7ccbd940791ab5628bbe51086c1"},"headline":"Dac\u0103 nimeni nu se preocup\u0103 de c\u0103utarea p\u0103cii, f\u0103r\u0103 \u00eendoial\u0103 c\u0103 vom g\u0103si r\u0103zboiul. Dac\u0103 r\u0103zboiul se va amplifica, problemele sociale \u0219i politice se vor amplifica. PLEDOARIA PENTRU PACE a lui Adrian Severin. VIDEO BZI","datePublished":"2024-01-10T21:58:24+00:00","dateModified":"2025-10-21T15:43:49+00:00","mainEntityOfPage":{"@id":"https:\/\/roexit.info\/?p=1287"},"wordCount":1608,"commentCount":1,"publisher":{"@id":"https:\/\/roexit.info\/#organization"},"image":{"@id":"https:\/\/roexit.info\/?p=1287#primaryimage"},"thumbnailUrl":"https:\/\/roexit.info\/wp-content\/uploads\/2024\/01\/severin-hutanu-pace.jpg","keywords":["Bun\u0103 Ziua Ia\u0219i BZI","corup\u021bie","crize","democra\u021bie","democra\u021bie participativ\u0103","dezordine","drepturile omului","meritocra\u021bie","oligarhie","ordine","Pace","Politic\u0103","progres","r\u0103zboi","stabilitate","tiranie","Valentin Hu\u021banu","video"],"articleSection":["Economie","Opinii","Politic\u0103","Social","Via\u021ba \u00een secolul XXI"],"inLanguage":"ro-RO","potentialAction":[{"@type":"CommentAction","name":"Comment","target":["https:\/\/roexit.info\/?p=1287#respond"]}]},{"@type":"WebPage","@id":"https:\/\/roexit.info\/?p=1287","url":"https:\/\/roexit.info\/?p=1287","name":"Dac\u0103 nimeni nu se preocup\u0103 de c\u0103utarea p\u0103cii, f\u0103r\u0103 \u00eendoial\u0103 c\u0103 vom g\u0103si r\u0103zboiul. Dac\u0103 r\u0103zboiul se va amplifica, problemele sociale \u0219i politice se vor amplifica. PLEDOARIA PENTRU PACE a lui Adrian Severin. VIDEO BZI - RoExit","isPartOf":{"@id":"https:\/\/roexit.info\/#website"},"primaryImageOfPage":{"@id":"https:\/\/roexit.info\/?p=1287#primaryimage"},"image":{"@id":"https:\/\/roexit.info\/?p=1287#primaryimage"},"thumbnailUrl":"https:\/\/roexit.info\/wp-content\/uploads\/2024\/01\/severin-hutanu-pace.jpg","datePublished":"2024-01-10T21:58:24+00:00","dateModified":"2025-10-21T15:43:49+00:00","breadcrumb":{"@id":"https:\/\/roexit.info\/?p=1287#breadcrumb"},"inLanguage":"ro-RO","potentialAction":[{"@type":"ReadAction","target":["https:\/\/roexit.info\/?p=1287"]}]},{"@type":"ImageObject","inLanguage":"ro-RO","@id":"https:\/\/roexit.info\/?p=1287#primaryimage","url":"https:\/\/roexit.info\/wp-content\/uploads\/2024\/01\/severin-hutanu-pace.jpg","contentUrl":"https:\/\/roexit.info\/wp-content\/uploads\/2024\/01\/severin-hutanu-pace.jpg","width":1280,"height":781},{"@type":"BreadcrumbList","@id":"https:\/\/roexit.info\/?p=1287#breadcrumb","itemListElement":[{"@type":"ListItem","position":1,"name":"Prima pagin\u0103","item":"https:\/\/roexit.info\/"},{"@type":"ListItem","position":2,"name":"Dac\u0103 nimeni nu se preocup\u0103 de c\u0103utarea p\u0103cii, f\u0103r\u0103 \u00eendoial\u0103 c\u0103 vom g\u0103si r\u0103zboiul. Dac\u0103 r\u0103zboiul se va amplifica, problemele sociale \u0219i politice se vor amplifica. PLEDOARIA PENTRU PACE a lui Adrian Severin. VIDEO BZI"}]},{"@type":"WebSite","@id":"https:\/\/roexit.info\/#website","url":"https:\/\/roexit.info\/","name":"RoExit","description":"UE la co\u0219ul de gunoi al istoriei","publisher":{"@id":"https:\/\/roexit.info\/#organization"},"potentialAction":[{"@type":"SearchAction","target":{"@type":"EntryPoint","urlTemplate":"https:\/\/roexit.info\/?s={search_term_string}"},"query-input":{"@type":"PropertyValueSpecification","valueRequired":true,"valueName":"search_term_string"}}],"inLanguage":"ro-RO"},{"@type":"Organization","@id":"https:\/\/roexit.info\/#organization","name":"RoExit","url":"https:\/\/roexit.info\/","logo":{"@type":"ImageObject","inLanguage":"ro-RO","@id":"https:\/\/roexit.info\/#\/schema\/logo\/image\/","url":"https:\/\/roexit.info\/wp-content\/uploads\/2023\/12\/cropped-logo-vsrianta-2.jpeg","contentUrl":"https:\/\/roexit.info\/wp-content\/uploads\/2023\/12\/cropped-logo-vsrianta-2.jpeg","width":358,"height":277,"caption":"RoExit"},"image":{"@id":"https:\/\/roexit.info\/#\/schema\/logo\/image\/"}},{"@type":"Person","@id":"https:\/\/roexit.info\/#\/schema\/person\/3822a7ccbd940791ab5628bbe51086c1","name":"P\u00e2r\u0103u Vlad","image":{"@type":"ImageObject","inLanguage":"ro-RO","@id":"https:\/\/roexit.info\/#\/schema\/person\/image\/","url":"https:\/\/secure.gravatar.com\/avatar\/14aff8b17897b19faac02aca2a116530d9e5c8912df6512c1bf3efb45f65a5f7?s=96&d=mm&r=g","contentUrl":"https:\/\/secure.gravatar.com\/avatar\/14aff8b17897b19faac02aca2a116530d9e5c8912df6512c1bf3efb45f65a5f7?s=96&d=mm&r=g","caption":"P\u00e2r\u0103u Vlad"},"description":"Redactor\/Editor at ROexit.info Redactor at Cerul, codrul \u0219i p\u00e2r\u0103ul Studied at Universitatea Lucian Blaga Sibiu","sameAs":["http:\/\/roexit.info"],"url":"https:\/\/roexit.info\/?author=3"}]}},"_links":{"self":[{"href":"https:\/\/roexit.info\/index.php?rest_route=\/wp\/v2\/posts\/1287","targetHints":{"allow":["GET"]}}],"collection":[{"href":"https:\/\/roexit.info\/index.php?rest_route=\/wp\/v2\/posts"}],"about":[{"href":"https:\/\/roexit.info\/index.php?rest_route=\/wp\/v2\/types\/post"}],"author":[{"embeddable":true,"href":"https:\/\/roexit.info\/index.php?rest_route=\/wp\/v2\/users\/3"}],"replies":[{"embeddable":true,"href":"https:\/\/roexit.info\/index.php?rest_route=%2Fwp%2Fv2%2Fcomments&post=1287"}],"version-history":[{"count":3,"href":"https:\/\/roexit.info\/index.php?rest_route=\/wp\/v2\/posts\/1287\/revisions"}],"predecessor-version":[{"id":1290,"href":"https:\/\/roexit.info\/index.php?rest_route=\/wp\/v2\/posts\/1287\/revisions\/1290"}],"wp:featuredmedia":[{"embeddable":true,"href":"https:\/\/roexit.info\/index.php?rest_route=\/wp\/v2\/media\/1291"}],"wp:attachment":[{"href":"https:\/\/roexit.info\/index.php?rest_route=%2Fwp%2Fv2%2Fmedia&parent=1287"}],"wp:term":[{"taxonomy":"category","embeddable":true,"href":"https:\/\/roexit.info\/index.php?rest_route=%2Fwp%2Fv2%2Fcategories&post=1287"},{"taxonomy":"post_tag","embeddable":true,"href":"https:\/\/roexit.info\/index.php?rest_route=%2Fwp%2Fv2%2Ftags&post=1287"}],"curies":[{"name":"wp","href":"https:\/\/api.w.org\/{rel}","templated":true}]}}