{"id":1334,"date":"2024-01-12T20:21:27","date_gmt":"2024-01-12T20:21:27","guid":{"rendered":"https:\/\/roexit.info\/?p=1334"},"modified":"2025-10-21T15:43:48","modified_gmt":"2025-10-21T15:43:48","slug":"de-ce-iohannis-nu-va-fi-presedintele-consiliului-ue-opinia-lui-chiazna","status":"publish","type":"post","link":"https:\/\/roexit.info\/?p=1334","title":{"rendered":"De ce Iohannis nu va fi pre\u0219edintele Consiliului UE. Opinia lui Chiazna"},"content":{"rendered":"<p><em>Un articol de G. Chiazna preluat de pe <a href=\"https:\/\/chiazna.ro\/2024\/01\/de-ce-iohannis-nu-va-fi-presedintele-consiliului-european\/\">chiazna.ro<\/a> cu acordul autorului.<\/em><\/p>\n<p>Un nebun a aruncat o piatr\u0103 \u00een lac \u015fi o gr\u0103mad\u0103 de al\u0163i nebuni \u00eencearc\u0103 s\u0103 o scoat\u0103 afar\u0103.<\/p>\n<p>Adev\u0103rul este c\u0103 Iohannis nu este mental func\u0163ional pentru a de\u0163ine o func\u0163ie politic\u0103 unde e necesar\u0103 comunicarea. Nu trebuie s\u0103 fi super-expert ca s\u0103 \u00ee\u0163i dai seama c\u0103 din p\u0103cate avem un pre\u015fedinte pu\u0163in retardat care tocmai prin aceast\u0103 prostie a atras voturile \u015fi simpatia rum\u00e2nilor.<\/p>\n<p>De ce zic c\u0103 retardul mental l-a ajutat pe neam\u0163 s\u0103 ajung\u0103 pre\u015fedinte. Pe l\u00e2ng\u0103 faptul c\u0103 rum\u00e2nii voteaz\u0103 cu imaginea lor, s-a nimerit ca neam\u0163ul s\u0103 joace un rol perfect pentru momentul acelor alegeri, \u00een sensul c\u0103 el a preluat anumite mantre verbale care efectiv l-au propulsat la putere rapid \u015fi spectaculos. Cel care l-a ales este un geniu, de\u015fi evident, un geniu malefic.<\/p>\n<p>Acum se discut\u0103 despre cum va demisiona Ionannis \u015fi va ajunge pre\u015fedintele Consiliului European. Chiar nume cu preten\u0163ie, scriitori \u015fi publici\u015fti cu experien\u0163\u0103 tatoneaz\u0103 cu aceast\u0103 idee ignor\u00e2nd un mic mare am\u0103nunt: Ionannis nu este func\u0163ional pentru un post public unde trebuie s\u0103 comunice orice, s\u0103 aib\u0103 un discurs, s\u0103 prezinte o oarecare dinamic\u0103. Avem suficient\u0103 experien\u0163\u0103 cu acest personaj de trist\u0103 amintire pentru a realiza c\u0103 problema principal\u0103 nu \u0163ine nici de personalitate sau caracter ci efectiv omul are probleme fiziologice legate de capacitatea mental\u0103 de comunicare. Nu doar \u00een limba rom\u00e2n\u0103!<\/p>\n<p>Prin urmare, voi prezice f\u0103r\u0103 emo\u0163ii c\u0103 Iohannis nu va ajunge niciodat\u0103 s\u0103 de\u0163in\u0103 vreo func\u0163ie undeva, ci va intra \u00een istorie mai fad dec\u00e2t Constantinescu deoarece nici pe plan politic local acest om nu mai poate face nimic deoarece oricum nu a f\u0103cut nimic, el fiind un simplu actor potrivit pentru un anume rol temporar, jucat \u00eentr-un anume moment de turbare istoric\u0103 a poporului rom\u00e2n, care turbare nu s-a terminat evident, dar ca fapt divers \u00een niciun caz acest om nu ar putea face fa\u0163\u0103 cerin\u0163elor postului de pre\u015fedinte al Consiliului European \u015fi nu doar c\u0103 nu ar fi \u00een stare, dar este chiar terorizat de ideea c\u0103 lumea rumeg\u0103 asemenea abera\u0163ii, visul s\u0103u fiind s\u0103 iese la pensie c\u00e2t mai repede.<\/p>\n","protected":false},"excerpt":{"rendered":"<p>Un articol de G. Chiazna preluat de pe chiazna.ro cu acordul autorului. Un nebun a aruncat o piatr\u0103 \u00een lac \u015fi o gr\u0103mad\u0103 de al\u0163i nebuni \u00eencearc\u0103 s\u0103 o scoat\u0103 afar\u0103. Adev\u0103rul este c\u0103 Iohannis nu este mental func\u0163ional pentru a de\u0163ine o func\u0163ie politic\u0103 unde e necesar\u0103 comunicarea. Nu trebuie s\u0103 fi super-expert ca [&hellip;]<\/p>\n","protected":false},"author":3,"featured_media":1335,"comment_status":"open","ping_status":"open","sticky":false,"template":"","format":"standard","meta":{"footnotes":""},"categories":[32,290,4],"tags":[310,443,242,196,65,442],"class_list":["post-1334","post","type-post","status-publish","format-standard","has-post-thumbnail","hentry","category-opinii","category-politica","category-stil_de_viata","tag-chiazna-ro","tag-comunicare","tag-consiliul-ue","tag-gigel-chiazna","tag-klaus-iohannis","tag-presedinte"],"yoast_head":"<!-- This site is optimized with the Yoast SEO plugin v24.4 - https:\/\/yoast.com\/wordpress\/plugins\/seo\/ -->\n<title>De ce Iohannis nu va fi pre\u0219edintele Consiliului UE. Opinia lui Chiazna - RoExit<\/title>\n<meta name=\"robots\" content=\"index, follow, max-snippet:-1, max-image-preview:large, max-video-preview:-1\" \/>\n<link rel=\"canonical\" href=\"https:\/\/roexit.info\/?p=1334\" \/>\n<meta property=\"og:locale\" content=\"ro_RO\" \/>\n<meta property=\"og:type\" content=\"article\" \/>\n<meta property=\"og:title\" content=\"De ce Iohannis nu va fi pre\u0219edintele Consiliului UE. Opinia lui Chiazna - RoExit\" \/>\n<meta property=\"og:description\" content=\"Un articol de G. Chiazna preluat de pe chiazna.ro cu acordul autorului. Un nebun a aruncat o piatr\u0103 \u00een lac \u015fi o gr\u0103mad\u0103 de al\u0163i nebuni \u00eencearc\u0103 s\u0103 o scoat\u0103 afar\u0103. Adev\u0103rul este c\u0103 Iohannis nu este mental func\u0163ional pentru a de\u0163ine o func\u0163ie politic\u0103 unde e necesar\u0103 comunicarea. Nu trebuie s\u0103 fi super-expert ca [&hellip;]\" \/>\n<meta property=\"og:url\" content=\"https:\/\/roexit.info\/?p=1334\" \/>\n<meta property=\"og:site_name\" content=\"RoExit\" \/>\n<meta property=\"article:published_time\" content=\"2024-01-12T20:21:27+00:00\" \/>\n<meta property=\"article:modified_time\" content=\"2025-10-21T15:43:48+00:00\" \/>\n<meta property=\"og:image\" content=\"https:\/\/roexit.info\/wp-content\/uploads\/2024\/01\/iohannis-robot.jpg\" \/>\n\t<meta property=\"og:image:width\" content=\"2048\" \/>\n\t<meta property=\"og:image:height\" content=\"1178\" \/>\n\t<meta property=\"og:image:type\" content=\"image\/jpeg\" \/>\n<meta name=\"author\" content=\"P\u00e2r\u0103u Vlad\" \/>\n<meta name=\"twitter:card\" content=\"summary_large_image\" \/>\n<meta name=\"twitter:label1\" content=\"Scris de\" \/>\n\t<meta name=\"twitter:data1\" content=\"P\u00e2r\u0103u Vlad\" \/>\n\t<meta name=\"twitter:label2\" content=\"Timp estimat pentru citire\" \/>\n\t<meta name=\"twitter:data2\" content=\"3 minute\" \/>\n<script type=\"application\/ld+json\" class=\"yoast-schema-graph\">{\"@context\":\"https:\/\/schema.org\",\"@graph\":[{\"@type\":\"Article\",\"@id\":\"https:\/\/roexit.info\/?p=1334#article\",\"isPartOf\":{\"@id\":\"https:\/\/roexit.info\/?p=1334\"},\"author\":{\"name\":\"P\u00e2r\u0103u Vlad\",\"@id\":\"https:\/\/roexit.info\/#\/schema\/person\/3822a7ccbd940791ab5628bbe51086c1\"},\"headline\":\"De ce Iohannis nu va fi pre\u0219edintele Consiliului UE. Opinia lui Chiazna\",\"datePublished\":\"2024-01-12T20:21:27+00:00\",\"dateModified\":\"2025-10-21T15:43:48+00:00\",\"mainEntityOfPage\":{\"@id\":\"https:\/\/roexit.info\/?p=1334\"},\"wordCount\":407,\"commentCount\":1,\"publisher\":{\"@id\":\"https:\/\/roexit.info\/#organization\"},\"image\":{\"@id\":\"https:\/\/roexit.info\/?p=1334#primaryimage\"},\"thumbnailUrl\":\"https:\/\/roexit.info\/wp-content\/uploads\/2024\/01\/iohannis-robot.jpg\",\"keywords\":[\"chiazna.ro\",\"comunicare\",\"Consiliul UE\",\"Gigel Chiazna\",\"Klaus Iohannis\",\"pre\u0219edinte\"],\"articleSection\":[\"Opinii\",\"Politic\u0103\",\"Via\u021ba \u00een secolul XXI\"],\"inLanguage\":\"ro-RO\",\"potentialAction\":[{\"@type\":\"CommentAction\",\"name\":\"Comment\",\"target\":[\"https:\/\/roexit.info\/?p=1334#respond\"]}]},{\"@type\":\"WebPage\",\"@id\":\"https:\/\/roexit.info\/?p=1334\",\"url\":\"https:\/\/roexit.info\/?p=1334\",\"name\":\"De ce Iohannis nu va fi pre\u0219edintele Consiliului UE. Opinia lui Chiazna - RoExit\",\"isPartOf\":{\"@id\":\"https:\/\/roexit.info\/#website\"},\"primaryImageOfPage\":{\"@id\":\"https:\/\/roexit.info\/?p=1334#primaryimage\"},\"image\":{\"@id\":\"https:\/\/roexit.info\/?p=1334#primaryimage\"},\"thumbnailUrl\":\"https:\/\/roexit.info\/wp-content\/uploads\/2024\/01\/iohannis-robot.jpg\",\"datePublished\":\"2024-01-12T20:21:27+00:00\",\"dateModified\":\"2025-10-21T15:43:48+00:00\",\"breadcrumb\":{\"@id\":\"https:\/\/roexit.info\/?p=1334#breadcrumb\"},\"inLanguage\":\"ro-RO\",\"potentialAction\":[{\"@type\":\"ReadAction\",\"target\":[\"https:\/\/roexit.info\/?p=1334\"]}]},{\"@type\":\"ImageObject\",\"inLanguage\":\"ro-RO\",\"@id\":\"https:\/\/roexit.info\/?p=1334#primaryimage\",\"url\":\"https:\/\/roexit.info\/wp-content\/uploads\/2024\/01\/iohannis-robot.jpg\",\"contentUrl\":\"https:\/\/roexit.info\/wp-content\/uploads\/2024\/01\/iohannis-robot.jpg\",\"width\":2048,\"height\":1178},{\"@type\":\"BreadcrumbList\",\"@id\":\"https:\/\/roexit.info\/?p=1334#breadcrumb\",\"itemListElement\":[{\"@type\":\"ListItem\",\"position\":1,\"name\":\"Prima pagin\u0103\",\"item\":\"https:\/\/roexit.info\/\"},{\"@type\":\"ListItem\",\"position\":2,\"name\":\"De ce Iohannis nu va fi pre\u0219edintele Consiliului UE. Opinia lui Chiazna\"}]},{\"@type\":\"WebSite\",\"@id\":\"https:\/\/roexit.info\/#website\",\"url\":\"https:\/\/roexit.info\/\",\"name\":\"RoExit\",\"description\":\"UE la co\u0219ul de gunoi al istoriei\",\"publisher\":{\"@id\":\"https:\/\/roexit.info\/#organization\"},\"potentialAction\":[{\"@type\":\"SearchAction\",\"target\":{\"@type\":\"EntryPoint\",\"urlTemplate\":\"https:\/\/roexit.info\/?s={search_term_string}\"},\"query-input\":{\"@type\":\"PropertyValueSpecification\",\"valueRequired\":true,\"valueName\":\"search_term_string\"}}],\"inLanguage\":\"ro-RO\"},{\"@type\":\"Organization\",\"@id\":\"https:\/\/roexit.info\/#organization\",\"name\":\"RoExit\",\"url\":\"https:\/\/roexit.info\/\",\"logo\":{\"@type\":\"ImageObject\",\"inLanguage\":\"ro-RO\",\"@id\":\"https:\/\/roexit.info\/#\/schema\/logo\/image\/\",\"url\":\"https:\/\/roexit.info\/wp-content\/uploads\/2023\/12\/cropped-logo-vsrianta-2.jpeg\",\"contentUrl\":\"https:\/\/roexit.info\/wp-content\/uploads\/2023\/12\/cropped-logo-vsrianta-2.jpeg\",\"width\":358,\"height\":277,\"caption\":\"RoExit\"},\"image\":{\"@id\":\"https:\/\/roexit.info\/#\/schema\/logo\/image\/\"}},{\"@type\":\"Person\",\"@id\":\"https:\/\/roexit.info\/#\/schema\/person\/3822a7ccbd940791ab5628bbe51086c1\",\"name\":\"P\u00e2r\u0103u Vlad\",\"image\":{\"@type\":\"ImageObject\",\"inLanguage\":\"ro-RO\",\"@id\":\"https:\/\/roexit.info\/#\/schema\/person\/image\/\",\"url\":\"https:\/\/secure.gravatar.com\/avatar\/14aff8b17897b19faac02aca2a116530d9e5c8912df6512c1bf3efb45f65a5f7?s=96&d=mm&r=g\",\"contentUrl\":\"https:\/\/secure.gravatar.com\/avatar\/14aff8b17897b19faac02aca2a116530d9e5c8912df6512c1bf3efb45f65a5f7?s=96&d=mm&r=g\",\"caption\":\"P\u00e2r\u0103u Vlad\"},\"description\":\"Redactor\/Editor at ROexit.info Redactor at Cerul, codrul \u0219i p\u00e2r\u0103ul Studied at Universitatea Lucian Blaga Sibiu\",\"sameAs\":[\"http:\/\/roexit.info\"],\"url\":\"https:\/\/roexit.info\/?author=3\"}]}<\/script>\n<!-- \/ Yoast SEO plugin. -->","yoast_head_json":{"title":"De ce Iohannis nu va fi pre\u0219edintele Consiliului UE. Opinia lui Chiazna - RoExit","robots":{"index":"index","follow":"follow","max-snippet":"max-snippet:-1","max-image-preview":"max-image-preview:large","max-video-preview":"max-video-preview:-1"},"canonical":"https:\/\/roexit.info\/?p=1334","og_locale":"ro_RO","og_type":"article","og_title":"De ce Iohannis nu va fi pre\u0219edintele Consiliului UE. Opinia lui Chiazna - RoExit","og_description":"Un articol de G. Chiazna preluat de pe chiazna.ro cu acordul autorului. Un nebun a aruncat o piatr\u0103 \u00een lac \u015fi o gr\u0103mad\u0103 de al\u0163i nebuni \u00eencearc\u0103 s\u0103 o scoat\u0103 afar\u0103. Adev\u0103rul este c\u0103 Iohannis nu este mental func\u0163ional pentru a de\u0163ine o func\u0163ie politic\u0103 unde e necesar\u0103 comunicarea. Nu trebuie s\u0103 fi super-expert ca [&hellip;]","og_url":"https:\/\/roexit.info\/?p=1334","og_site_name":"RoExit","article_published_time":"2024-01-12T20:21:27+00:00","article_modified_time":"2025-10-21T15:43:48+00:00","og_image":[{"width":2048,"height":1178,"url":"https:\/\/roexit.info\/wp-content\/uploads\/2024\/01\/iohannis-robot.jpg","type":"image\/jpeg"}],"author":"P\u00e2r\u0103u Vlad","twitter_card":"summary_large_image","twitter_misc":{"Scris de":"P\u00e2r\u0103u Vlad","Timp estimat pentru citire":"3 minute"},"schema":{"@context":"https:\/\/schema.org","@graph":[{"@type":"Article","@id":"https:\/\/roexit.info\/?p=1334#article","isPartOf":{"@id":"https:\/\/roexit.info\/?p=1334"},"author":{"name":"P\u00e2r\u0103u Vlad","@id":"https:\/\/roexit.info\/#\/schema\/person\/3822a7ccbd940791ab5628bbe51086c1"},"headline":"De ce Iohannis nu va fi pre\u0219edintele Consiliului UE. Opinia lui Chiazna","datePublished":"2024-01-12T20:21:27+00:00","dateModified":"2025-10-21T15:43:48+00:00","mainEntityOfPage":{"@id":"https:\/\/roexit.info\/?p=1334"},"wordCount":407,"commentCount":1,"publisher":{"@id":"https:\/\/roexit.info\/#organization"},"image":{"@id":"https:\/\/roexit.info\/?p=1334#primaryimage"},"thumbnailUrl":"https:\/\/roexit.info\/wp-content\/uploads\/2024\/01\/iohannis-robot.jpg","keywords":["chiazna.ro","comunicare","Consiliul UE","Gigel Chiazna","Klaus Iohannis","pre\u0219edinte"],"articleSection":["Opinii","Politic\u0103","Via\u021ba \u00een secolul XXI"],"inLanguage":"ro-RO","potentialAction":[{"@type":"CommentAction","name":"Comment","target":["https:\/\/roexit.info\/?p=1334#respond"]}]},{"@type":"WebPage","@id":"https:\/\/roexit.info\/?p=1334","url":"https:\/\/roexit.info\/?p=1334","name":"De ce Iohannis nu va fi pre\u0219edintele Consiliului UE. Opinia lui Chiazna - RoExit","isPartOf":{"@id":"https:\/\/roexit.info\/#website"},"primaryImageOfPage":{"@id":"https:\/\/roexit.info\/?p=1334#primaryimage"},"image":{"@id":"https:\/\/roexit.info\/?p=1334#primaryimage"},"thumbnailUrl":"https:\/\/roexit.info\/wp-content\/uploads\/2024\/01\/iohannis-robot.jpg","datePublished":"2024-01-12T20:21:27+00:00","dateModified":"2025-10-21T15:43:48+00:00","breadcrumb":{"@id":"https:\/\/roexit.info\/?p=1334#breadcrumb"},"inLanguage":"ro-RO","potentialAction":[{"@type":"ReadAction","target":["https:\/\/roexit.info\/?p=1334"]}]},{"@type":"ImageObject","inLanguage":"ro-RO","@id":"https:\/\/roexit.info\/?p=1334#primaryimage","url":"https:\/\/roexit.info\/wp-content\/uploads\/2024\/01\/iohannis-robot.jpg","contentUrl":"https:\/\/roexit.info\/wp-content\/uploads\/2024\/01\/iohannis-robot.jpg","width":2048,"height":1178},{"@type":"BreadcrumbList","@id":"https:\/\/roexit.info\/?p=1334#breadcrumb","itemListElement":[{"@type":"ListItem","position":1,"name":"Prima pagin\u0103","item":"https:\/\/roexit.info\/"},{"@type":"ListItem","position":2,"name":"De ce Iohannis nu va fi pre\u0219edintele Consiliului UE. Opinia lui Chiazna"}]},{"@type":"WebSite","@id":"https:\/\/roexit.info\/#website","url":"https:\/\/roexit.info\/","name":"RoExit","description":"UE la co\u0219ul de gunoi al istoriei","publisher":{"@id":"https:\/\/roexit.info\/#organization"},"potentialAction":[{"@type":"SearchAction","target":{"@type":"EntryPoint","urlTemplate":"https:\/\/roexit.info\/?s={search_term_string}"},"query-input":{"@type":"PropertyValueSpecification","valueRequired":true,"valueName":"search_term_string"}}],"inLanguage":"ro-RO"},{"@type":"Organization","@id":"https:\/\/roexit.info\/#organization","name":"RoExit","url":"https:\/\/roexit.info\/","logo":{"@type":"ImageObject","inLanguage":"ro-RO","@id":"https:\/\/roexit.info\/#\/schema\/logo\/image\/","url":"https:\/\/roexit.info\/wp-content\/uploads\/2023\/12\/cropped-logo-vsrianta-2.jpeg","contentUrl":"https:\/\/roexit.info\/wp-content\/uploads\/2023\/12\/cropped-logo-vsrianta-2.jpeg","width":358,"height":277,"caption":"RoExit"},"image":{"@id":"https:\/\/roexit.info\/#\/schema\/logo\/image\/"}},{"@type":"Person","@id":"https:\/\/roexit.info\/#\/schema\/person\/3822a7ccbd940791ab5628bbe51086c1","name":"P\u00e2r\u0103u Vlad","image":{"@type":"ImageObject","inLanguage":"ro-RO","@id":"https:\/\/roexit.info\/#\/schema\/person\/image\/","url":"https:\/\/secure.gravatar.com\/avatar\/14aff8b17897b19faac02aca2a116530d9e5c8912df6512c1bf3efb45f65a5f7?s=96&d=mm&r=g","contentUrl":"https:\/\/secure.gravatar.com\/avatar\/14aff8b17897b19faac02aca2a116530d9e5c8912df6512c1bf3efb45f65a5f7?s=96&d=mm&r=g","caption":"P\u00e2r\u0103u Vlad"},"description":"Redactor\/Editor at ROexit.info Redactor at Cerul, codrul \u0219i p\u00e2r\u0103ul Studied at Universitatea Lucian Blaga Sibiu","sameAs":["http:\/\/roexit.info"],"url":"https:\/\/roexit.info\/?author=3"}]}},"_links":{"self":[{"href":"https:\/\/roexit.info\/index.php?rest_route=\/wp\/v2\/posts\/1334","targetHints":{"allow":["GET"]}}],"collection":[{"href":"https:\/\/roexit.info\/index.php?rest_route=\/wp\/v2\/posts"}],"about":[{"href":"https:\/\/roexit.info\/index.php?rest_route=\/wp\/v2\/types\/post"}],"author":[{"embeddable":true,"href":"https:\/\/roexit.info\/index.php?rest_route=\/wp\/v2\/users\/3"}],"replies":[{"embeddable":true,"href":"https:\/\/roexit.info\/index.php?rest_route=%2Fwp%2Fv2%2Fcomments&post=1334"}],"version-history":[{"count":1,"href":"https:\/\/roexit.info\/index.php?rest_route=\/wp\/v2\/posts\/1334\/revisions"}],"predecessor-version":[{"id":1336,"href":"https:\/\/roexit.info\/index.php?rest_route=\/wp\/v2\/posts\/1334\/revisions\/1336"}],"wp:featuredmedia":[{"embeddable":true,"href":"https:\/\/roexit.info\/index.php?rest_route=\/wp\/v2\/media\/1335"}],"wp:attachment":[{"href":"https:\/\/roexit.info\/index.php?rest_route=%2Fwp%2Fv2%2Fmedia&parent=1334"}],"wp:term":[{"taxonomy":"category","embeddable":true,"href":"https:\/\/roexit.info\/index.php?rest_route=%2Fwp%2Fv2%2Fcategories&post=1334"},{"taxonomy":"post_tag","embeddable":true,"href":"https:\/\/roexit.info\/index.php?rest_route=%2Fwp%2Fv2%2Ftags&post=1334"}],"curies":[{"name":"wp","href":"https:\/\/api.w.org\/{rel}","templated":true}]}}