{"id":1350,"date":"2024-01-14T15:48:23","date_gmt":"2024-01-14T15:48:23","guid":{"rendered":"https:\/\/roexit.info\/?p=1350"},"modified":"2025-10-21T15:44:27","modified_gmt":"2025-10-21T15:44:27","slug":"daca-ar-fi-avut-caragiale-la-vremea-lui-telefon-mobil-cum-are-acum-sosoaca-d-ale-lui-cristoiu-video","status":"publish","type":"post","link":"https:\/\/roexit.info\/?p=1350","title":{"rendered":"Dac\u0103 ar fi avut Caragiale la vremea lui telefon mobil cum are acum \u0218o\u0219oac\u0103&#8230; D-ale lui Cristoiu. VIDEO"},"content":{"rendered":"<p>Scriitorul \u0219i gazetarul Ion Cristoiu regret\u0103 faptul c\u0103 scriitorul, dramaturgul \u0219i gazetarul Ion Luca Caragiale nu avea un smartphone pe care s\u0103-l \u00eentrebuin\u021beze a\u0219a cum face senatoarea Diana \u0218o\u0219oac\u0103 &#8211; \u0219i nu numai ea -, c\u0103ci astfel am fi avut \u0219i noi mai multe m\u0103rturii savuroase din via\u021ba de simplu cet\u0103\u021bean a lui Caragiale, din care nu ni s-au p\u0103strat dec\u00e2t m\u0103rturii fragmentare, adunate de Academia Rom\u00e2n\u0103 \u00eentr-un volum de coresponden\u021b\u0103 (scrisori, telegrame etc.). \u00centruc\u00e2t azi, duminic\u0103 14 ianuarie 2024, dl. <a href=\"https:\/\/www.youtube.com\/watch?v=ECoGiTman_0\">Cristoiu \u00eempline\u0219te 4 ani de la difuzarea primului s\u0103u jurnal video<\/a>, \u00eei dorim, pe aceast\u0103 cale, <strong>La Mul\u021bi Ani rodnici!\u00a0<\/strong><\/p>\n<p>\u201eCred c\u0103 de mai multe ori am scris c\u0103 Ion Luca Caragiale este genial \u0219i c\u00e2nd scrie scrisori \u0219i coresponden\u021b\u0103! Barbu Br\u0103ni\u0219teanu de la \u201eAdev\u0103rul\u201d scria, dup\u0103 moartea lui Caragiale, c\u0103 nenorocirea noastr\u0103, a rom\u00e2nilor, e faptul c\u0103 nu am avut pe cineva care s\u0103-l \u00eenso\u021beasc\u0103 pe Caragiale \u0219i s\u0103 noteze tot ce spunea el. Eu am spus c\u0103, dac\u0103 ar fi avut la vremea respectiv\u0103, cum are acum \u0218o\u0219oac\u0103 &#8230; telefon mobil&#8230; transmite \u00een direct ce zice ea&#8230;<\/p>\n<p>V\u0103 imagina\u021bi Caragiale dac\u0103 avea telefon mobil ca \u0218o\u0219oac\u0103, cum se ducea undeva, c\u0103 el era \u0219i actor, spunea&#8230; el un banc! Din nenorocire, are \u0218o\u0219oac\u0103, n-are Caragiale! \u0102sta este ghinionul rom\u00e2nilor.<\/p>\n<p>Coresponden\u021ba lui, de care s-a ocupat \u0218erban Cioculescu, scos \u00een 1942 &#8211; dac\u0103 nu m\u0103 \u00een\u0219el &#8211; volumul 7 de opere, a fost reeditat\u0103 \u0219i completat\u0103 de Academie \u00een aceast\u0103 serie (arat\u0103 o carte, n.n.)&#8230; A fost o idee extraordinar\u0103, gen Gallimard! Am aici \u0219i recitesc a treia oar\u0103 volumul de Coresponden\u021b\u0103 \u0219i v\u0103 spun \u00eenc\u0103 o dat\u0103: este fermec\u0103tor Caragiale \u00een coresponden\u021b\u0103, c\u00e2nd scrie! S\u0103 vedem \u0219i ce probleme avea Caragiale:<\/p>\n<p>El era prieten cu Gherea. \u0218ti\u021bi c\u0103 Gherea era proprietarul restaurantului g\u0103rii din Ploie\u0219ti. H\u0103-h\u0103\u0103\u0103, socialist-socialist, dar c\u00e2\u0219tiga! \u0218i scrie Caragiale de la Berlin miercuri, 27 iulie 1905, bine-n\u021beles, o scrisoare c\u0103 n-avea bani. \u0218i spune:<\/p>\n<p>\u201eFrate Costic\u0103, dac\u0103 cuno\u0219ti pe cineva la Casa \u0218coalelor de la Ministerul Cultelor, rogu-te, f\u0103-\u021bi poman\u0103 cu mine \u0219i \u00eentreab\u0103-l pe dl. G. St\u0103nescu, subadministratorul care \u021bine locul lui Cristu Negoiescu \u00een concediu, ori \u00eentreab\u0103-l pe dl. contabil de acolo, cine-o fi, ce s-a f\u0103cut cu nenorocita afacere a lui Caragiale (trebuia s\u0103 primeasc\u0103 ni\u0219te bani de la Casa \u0218coalelor).<\/p>\n<p>De 15 s\u0103pt\u0103m\u00e2ni a\u0219tept. Scriu, depe\u0219ez cu r\u0103spuns pl\u0103tit \u0219i d-lui ministru \u0219i impiega\u021bilor \u0219i nimini nu se-ndur\u0103 s\u0103-mi dea o vorb\u0103 de r\u0103spuns. Parc\u0103 scriu \u00een Lun\u0103, nu pe P\u0103m\u00e2nt! (\u0219i-aicea vine am\u0103r\u0103ciunea lui Caragiale. Era Caragiale!)<\/p>\n<p>Ciudat\u0103 purtare! A\u0219a se trateaz\u0103 la noi cine nu e politic temut \u0219i, mai ales, cine e un literat prost ca mine, fiecare dup\u0103 merit!\u201d<\/p>\n<p>Extraordinar\u0103 aceast\u0103 observa\u021bie! Era Caragiale, \u00een 1905 era mare, uria\u0219, era la Berlin \u0219i, cu toate astea, nu-i d\u0103dea nimeni aten\u021bie \u0219i are aceast\u0103 replic\u0103 genial\u0103: B\u0103, zice, dac\u0103 eram politician temut acuma, eram, nu \u0219tiu, Grindeanu, dau un exemplu, aoleu, p\u0103i venea Raluca Turcan \u00een persoan\u0103, dac\u0103 era la Culte!\u201d, a povestit Ion Cristoiu despre neajunsurile unui alt Ion de peste veacuri, \u0219i anume I.L. Caragiale.<\/p>\n<p>\u00cen jurnalul s\u0103u video de s\u00e2mb\u0103t\u0103, 13 ianuarie 2024, el a mai tratat despre protestele fermierilor \u00een Capital\u0103 \u0219i despre cum PNL se face c\u0103 n-ar fi partener la guvernare cu PSD-ul care p\u0103store\u0219te Ministerul Agriculturii. <a href=\"https:\/\/www.youtube.com\/watch?v=TlkQ1sMjsA8\"><strong>VIDEO:<\/strong><\/a><\/p>\n<p><iframe loading=\"lazy\" title=\"Fa\u021b\u0103 de protestele fermierilor, liderii PNL se poart\u0103 de parc\u0103 n-ar fi \u0219i Guvernul lor\" width=\"640\" height=\"360\" src=\"https:\/\/www.youtube.com\/embed\/TlkQ1sMjsA8?feature=oembed\" frameborder=\"0\" allow=\"accelerometer; autoplay; clipboard-write; encrypted-media; gyroscope; picture-in-picture; web-share\" referrerpolicy=\"strict-origin-when-cross-origin\" allowfullscreen><\/iframe><\/p>\n","protected":false},"excerpt":{"rendered":"<p>Scriitorul \u0219i gazetarul Ion Cristoiu regret\u0103 faptul c\u0103 scriitorul, dramaturgul \u0219i gazetarul Ion Luca Caragiale nu avea un smartphone pe care s\u0103-l \u00eentrebuin\u021beze a\u0219a cum face senatoarea Diana \u0218o\u0219oac\u0103 &#8211; \u0219i nu numai ea -, c\u0103ci astfel am fi avut \u0219i noi mai multe m\u0103rturii savuroase din via\u021ba de simplu cet\u0103\u021bean a lui Caragiale, din [&hellip;]<\/p>\n","protected":false},"author":3,"featured_media":1352,"comment_status":"open","ping_status":"open","sticky":false,"template":"","format":"standard","meta":{"footnotes":""},"categories":[31,32,33],"tags":[463,339,477,272,468,466,338,462,461,471,469,474,472,465,475,473,27,476],"class_list":["post-1350","post","type-post","status-publish","format-standard","has-post-thumbnail","hentry","category-cultura","category-opinii","category-umor","tag-constantin-dobrogeanu-gherea","tag-cristoiu-tv","tag-cristoiublog-ro","tag-diana-sosoaca","tag-editions-gallimard","tag-eugen-simion","tag-ion-cristoiu","tag-ion-luca-caragiale","tag-jurnalul-meu-video-ion-cristoiu","tag-ministerul-cultelor","tag-ploiesti","tag-raluca-turcan","tag-regatul-romaniei","tag-serban-cioculescu","tag-smartphone","tag-sorin-grindeanu","tag-video","tag-vlogging"],"yoast_head":"<!-- This site is optimized with the Yoast SEO plugin v24.4 - https:\/\/yoast.com\/wordpress\/plugins\/seo\/ -->\n<title>Dac\u0103 ar fi avut Caragiale la vremea lui telefon mobil cum are acum \u0218o\u0219oac\u0103... D-ale lui Cristoiu. VIDEO - RoExit<\/title>\n<meta name=\"robots\" content=\"index, follow, max-snippet:-1, max-image-preview:large, max-video-preview:-1\" \/>\n<link rel=\"canonical\" href=\"https:\/\/roexit.info\/?p=1350\" \/>\n<meta property=\"og:locale\" content=\"ro_RO\" \/>\n<meta property=\"og:type\" content=\"article\" \/>\n<meta property=\"og:title\" content=\"Dac\u0103 ar fi avut Caragiale la vremea lui telefon mobil cum are acum \u0218o\u0219oac\u0103... D-ale lui Cristoiu. VIDEO - RoExit\" \/>\n<meta property=\"og:description\" content=\"Scriitorul \u0219i gazetarul Ion Cristoiu regret\u0103 faptul c\u0103 scriitorul, dramaturgul \u0219i gazetarul Ion Luca Caragiale nu avea un smartphone pe care s\u0103-l \u00eentrebuin\u021beze a\u0219a cum face senatoarea Diana \u0218o\u0219oac\u0103 &#8211; \u0219i nu numai ea -, c\u0103ci astfel am fi avut \u0219i noi mai multe m\u0103rturii savuroase din via\u021ba de simplu cet\u0103\u021bean a lui Caragiale, din [&hellip;]\" \/>\n<meta property=\"og:url\" content=\"https:\/\/roexit.info\/?p=1350\" \/>\n<meta property=\"og:site_name\" content=\"RoExit\" \/>\n<meta property=\"article:published_time\" content=\"2024-01-14T15:48:23+00:00\" \/>\n<meta property=\"article:modified_time\" content=\"2025-10-21T15:44:27+00:00\" \/>\n<meta property=\"og:image\" content=\"https:\/\/roexit.info\/wp-content\/uploads\/2024\/01\/soso-cara.jpg\" \/>\n\t<meta property=\"og:image:width\" content=\"1280\" \/>\n\t<meta property=\"og:image:height\" content=\"1280\" \/>\n\t<meta property=\"og:image:type\" content=\"image\/jpeg\" \/>\n<meta name=\"author\" content=\"P\u00e2r\u0103u Vlad\" \/>\n<meta name=\"twitter:card\" content=\"summary_large_image\" \/>\n<meta name=\"twitter:label1\" content=\"Scris de\" \/>\n\t<meta name=\"twitter:data1\" content=\"P\u00e2r\u0103u Vlad\" \/>\n\t<meta name=\"twitter:label2\" content=\"Timp estimat pentru citire\" \/>\n\t<meta name=\"twitter:data2\" content=\"4 minute\" \/>\n<script type=\"application\/ld+json\" class=\"yoast-schema-graph\">{\"@context\":\"https:\/\/schema.org\",\"@graph\":[{\"@type\":\"Article\",\"@id\":\"https:\/\/roexit.info\/?p=1350#article\",\"isPartOf\":{\"@id\":\"https:\/\/roexit.info\/?p=1350\"},\"author\":{\"name\":\"P\u00e2r\u0103u Vlad\",\"@id\":\"https:\/\/roexit.info\/#\/schema\/person\/3822a7ccbd940791ab5628bbe51086c1\"},\"headline\":\"Dac\u0103 ar fi avut Caragiale la vremea lui telefon mobil cum are acum \u0218o\u0219oac\u0103&#8230; D-ale lui Cristoiu. VIDEO\",\"datePublished\":\"2024-01-14T15:48:23+00:00\",\"dateModified\":\"2025-10-21T15:44:27+00:00\",\"mainEntityOfPage\":{\"@id\":\"https:\/\/roexit.info\/?p=1350\"},\"wordCount\":634,\"commentCount\":0,\"publisher\":{\"@id\":\"https:\/\/roexit.info\/#organization\"},\"image\":{\"@id\":\"https:\/\/roexit.info\/?p=1350#primaryimage\"},\"thumbnailUrl\":\"https:\/\/roexit.info\/wp-content\/uploads\/2024\/01\/soso-cara.jpg\",\"keywords\":[\"Constantin Dobrogeanu Gherea\",\"Cristoiu TV\",\"CristoiuBlog.ro\",\"Diana \u0218o\u0219oac\u0103\",\"Editions Gallimard\",\"Eugen Simion\",\"Ion Cristoiu\",\"Ion Luca Caragiale\",\"Jurnalul meu video - Ion Cristoiu\",\"Ministerul Cultelor\",\"Ploie\u0219ti\",\"Raluca Turcan\",\"Regatul Rom\u00e2niei\",\"\u0218erban Cioculescu\",\"smartphone\",\"Sorin Grindeanu\",\"video\",\"vlogging\"],\"articleSection\":[\"Cultur\u0103\",\"Opinii\",\"Umor\"],\"inLanguage\":\"ro-RO\",\"potentialAction\":[{\"@type\":\"CommentAction\",\"name\":\"Comment\",\"target\":[\"https:\/\/roexit.info\/?p=1350#respond\"]}]},{\"@type\":\"WebPage\",\"@id\":\"https:\/\/roexit.info\/?p=1350\",\"url\":\"https:\/\/roexit.info\/?p=1350\",\"name\":\"Dac\u0103 ar fi avut Caragiale la vremea lui telefon mobil cum are acum \u0218o\u0219oac\u0103... D-ale lui Cristoiu. VIDEO - RoExit\",\"isPartOf\":{\"@id\":\"https:\/\/roexit.info\/#website\"},\"primaryImageOfPage\":{\"@id\":\"https:\/\/roexit.info\/?p=1350#primaryimage\"},\"image\":{\"@id\":\"https:\/\/roexit.info\/?p=1350#primaryimage\"},\"thumbnailUrl\":\"https:\/\/roexit.info\/wp-content\/uploads\/2024\/01\/soso-cara.jpg\",\"datePublished\":\"2024-01-14T15:48:23+00:00\",\"dateModified\":\"2025-10-21T15:44:27+00:00\",\"breadcrumb\":{\"@id\":\"https:\/\/roexit.info\/?p=1350#breadcrumb\"},\"inLanguage\":\"ro-RO\",\"potentialAction\":[{\"@type\":\"ReadAction\",\"target\":[\"https:\/\/roexit.info\/?p=1350\"]}]},{\"@type\":\"ImageObject\",\"inLanguage\":\"ro-RO\",\"@id\":\"https:\/\/roexit.info\/?p=1350#primaryimage\",\"url\":\"https:\/\/roexit.info\/wp-content\/uploads\/2024\/01\/soso-cara.jpg\",\"contentUrl\":\"https:\/\/roexit.info\/wp-content\/uploads\/2024\/01\/soso-cara.jpg\",\"width\":1280,\"height\":1280},{\"@type\":\"BreadcrumbList\",\"@id\":\"https:\/\/roexit.info\/?p=1350#breadcrumb\",\"itemListElement\":[{\"@type\":\"ListItem\",\"position\":1,\"name\":\"Prima pagin\u0103\",\"item\":\"https:\/\/roexit.info\/\"},{\"@type\":\"ListItem\",\"position\":2,\"name\":\"Dac\u0103 ar fi avut Caragiale la vremea lui telefon mobil cum are acum \u0218o\u0219oac\u0103&#8230; D-ale lui Cristoiu. VIDEO\"}]},{\"@type\":\"WebSite\",\"@id\":\"https:\/\/roexit.info\/#website\",\"url\":\"https:\/\/roexit.info\/\",\"name\":\"RoExit\",\"description\":\"UE la co\u0219ul de gunoi al istoriei\",\"publisher\":{\"@id\":\"https:\/\/roexit.info\/#organization\"},\"potentialAction\":[{\"@type\":\"SearchAction\",\"target\":{\"@type\":\"EntryPoint\",\"urlTemplate\":\"https:\/\/roexit.info\/?s={search_term_string}\"},\"query-input\":{\"@type\":\"PropertyValueSpecification\",\"valueRequired\":true,\"valueName\":\"search_term_string\"}}],\"inLanguage\":\"ro-RO\"},{\"@type\":\"Organization\",\"@id\":\"https:\/\/roexit.info\/#organization\",\"name\":\"RoExit\",\"url\":\"https:\/\/roexit.info\/\",\"logo\":{\"@type\":\"ImageObject\",\"inLanguage\":\"ro-RO\",\"@id\":\"https:\/\/roexit.info\/#\/schema\/logo\/image\/\",\"url\":\"https:\/\/roexit.info\/wp-content\/uploads\/2023\/12\/cropped-logo-vsrianta-2.jpeg\",\"contentUrl\":\"https:\/\/roexit.info\/wp-content\/uploads\/2023\/12\/cropped-logo-vsrianta-2.jpeg\",\"width\":358,\"height\":277,\"caption\":\"RoExit\"},\"image\":{\"@id\":\"https:\/\/roexit.info\/#\/schema\/logo\/image\/\"}},{\"@type\":\"Person\",\"@id\":\"https:\/\/roexit.info\/#\/schema\/person\/3822a7ccbd940791ab5628bbe51086c1\",\"name\":\"P\u00e2r\u0103u Vlad\",\"image\":{\"@type\":\"ImageObject\",\"inLanguage\":\"ro-RO\",\"@id\":\"https:\/\/roexit.info\/#\/schema\/person\/image\/\",\"url\":\"https:\/\/secure.gravatar.com\/avatar\/14aff8b17897b19faac02aca2a116530d9e5c8912df6512c1bf3efb45f65a5f7?s=96&d=mm&r=g\",\"contentUrl\":\"https:\/\/secure.gravatar.com\/avatar\/14aff8b17897b19faac02aca2a116530d9e5c8912df6512c1bf3efb45f65a5f7?s=96&d=mm&r=g\",\"caption\":\"P\u00e2r\u0103u Vlad\"},\"description\":\"Redactor\/Editor at ROexit.info Redactor at Cerul, codrul \u0219i p\u00e2r\u0103ul Studied at Universitatea Lucian Blaga Sibiu\",\"sameAs\":[\"http:\/\/roexit.info\"],\"url\":\"https:\/\/roexit.info\/?author=3\"}]}<\/script>\n<!-- \/ Yoast SEO plugin. -->","yoast_head_json":{"title":"Dac\u0103 ar fi avut Caragiale la vremea lui telefon mobil cum are acum \u0218o\u0219oac\u0103... D-ale lui Cristoiu. VIDEO - RoExit","robots":{"index":"index","follow":"follow","max-snippet":"max-snippet:-1","max-image-preview":"max-image-preview:large","max-video-preview":"max-video-preview:-1"},"canonical":"https:\/\/roexit.info\/?p=1350","og_locale":"ro_RO","og_type":"article","og_title":"Dac\u0103 ar fi avut Caragiale la vremea lui telefon mobil cum are acum \u0218o\u0219oac\u0103... D-ale lui Cristoiu. VIDEO - RoExit","og_description":"Scriitorul \u0219i gazetarul Ion Cristoiu regret\u0103 faptul c\u0103 scriitorul, dramaturgul \u0219i gazetarul Ion Luca Caragiale nu avea un smartphone pe care s\u0103-l \u00eentrebuin\u021beze a\u0219a cum face senatoarea Diana \u0218o\u0219oac\u0103 &#8211; \u0219i nu numai ea -, c\u0103ci astfel am fi avut \u0219i noi mai multe m\u0103rturii savuroase din via\u021ba de simplu cet\u0103\u021bean a lui Caragiale, din [&hellip;]","og_url":"https:\/\/roexit.info\/?p=1350","og_site_name":"RoExit","article_published_time":"2024-01-14T15:48:23+00:00","article_modified_time":"2025-10-21T15:44:27+00:00","og_image":[{"width":1280,"height":1280,"url":"https:\/\/roexit.info\/wp-content\/uploads\/2024\/01\/soso-cara.jpg","type":"image\/jpeg"}],"author":"P\u00e2r\u0103u Vlad","twitter_card":"summary_large_image","twitter_misc":{"Scris de":"P\u00e2r\u0103u Vlad","Timp estimat pentru citire":"4 minute"},"schema":{"@context":"https:\/\/schema.org","@graph":[{"@type":"Article","@id":"https:\/\/roexit.info\/?p=1350#article","isPartOf":{"@id":"https:\/\/roexit.info\/?p=1350"},"author":{"name":"P\u00e2r\u0103u Vlad","@id":"https:\/\/roexit.info\/#\/schema\/person\/3822a7ccbd940791ab5628bbe51086c1"},"headline":"Dac\u0103 ar fi avut Caragiale la vremea lui telefon mobil cum are acum \u0218o\u0219oac\u0103&#8230; D-ale lui Cristoiu. VIDEO","datePublished":"2024-01-14T15:48:23+00:00","dateModified":"2025-10-21T15:44:27+00:00","mainEntityOfPage":{"@id":"https:\/\/roexit.info\/?p=1350"},"wordCount":634,"commentCount":0,"publisher":{"@id":"https:\/\/roexit.info\/#organization"},"image":{"@id":"https:\/\/roexit.info\/?p=1350#primaryimage"},"thumbnailUrl":"https:\/\/roexit.info\/wp-content\/uploads\/2024\/01\/soso-cara.jpg","keywords":["Constantin Dobrogeanu Gherea","Cristoiu TV","CristoiuBlog.ro","Diana \u0218o\u0219oac\u0103","Editions Gallimard","Eugen Simion","Ion Cristoiu","Ion Luca Caragiale","Jurnalul meu video - Ion Cristoiu","Ministerul Cultelor","Ploie\u0219ti","Raluca Turcan","Regatul Rom\u00e2niei","\u0218erban Cioculescu","smartphone","Sorin Grindeanu","video","vlogging"],"articleSection":["Cultur\u0103","Opinii","Umor"],"inLanguage":"ro-RO","potentialAction":[{"@type":"CommentAction","name":"Comment","target":["https:\/\/roexit.info\/?p=1350#respond"]}]},{"@type":"WebPage","@id":"https:\/\/roexit.info\/?p=1350","url":"https:\/\/roexit.info\/?p=1350","name":"Dac\u0103 ar fi avut Caragiale la vremea lui telefon mobil cum are acum \u0218o\u0219oac\u0103... D-ale lui Cristoiu. VIDEO - RoExit","isPartOf":{"@id":"https:\/\/roexit.info\/#website"},"primaryImageOfPage":{"@id":"https:\/\/roexit.info\/?p=1350#primaryimage"},"image":{"@id":"https:\/\/roexit.info\/?p=1350#primaryimage"},"thumbnailUrl":"https:\/\/roexit.info\/wp-content\/uploads\/2024\/01\/soso-cara.jpg","datePublished":"2024-01-14T15:48:23+00:00","dateModified":"2025-10-21T15:44:27+00:00","breadcrumb":{"@id":"https:\/\/roexit.info\/?p=1350#breadcrumb"},"inLanguage":"ro-RO","potentialAction":[{"@type":"ReadAction","target":["https:\/\/roexit.info\/?p=1350"]}]},{"@type":"ImageObject","inLanguage":"ro-RO","@id":"https:\/\/roexit.info\/?p=1350#primaryimage","url":"https:\/\/roexit.info\/wp-content\/uploads\/2024\/01\/soso-cara.jpg","contentUrl":"https:\/\/roexit.info\/wp-content\/uploads\/2024\/01\/soso-cara.jpg","width":1280,"height":1280},{"@type":"BreadcrumbList","@id":"https:\/\/roexit.info\/?p=1350#breadcrumb","itemListElement":[{"@type":"ListItem","position":1,"name":"Prima pagin\u0103","item":"https:\/\/roexit.info\/"},{"@type":"ListItem","position":2,"name":"Dac\u0103 ar fi avut Caragiale la vremea lui telefon mobil cum are acum \u0218o\u0219oac\u0103&#8230; D-ale lui Cristoiu. VIDEO"}]},{"@type":"WebSite","@id":"https:\/\/roexit.info\/#website","url":"https:\/\/roexit.info\/","name":"RoExit","description":"UE la co\u0219ul de gunoi al istoriei","publisher":{"@id":"https:\/\/roexit.info\/#organization"},"potentialAction":[{"@type":"SearchAction","target":{"@type":"EntryPoint","urlTemplate":"https:\/\/roexit.info\/?s={search_term_string}"},"query-input":{"@type":"PropertyValueSpecification","valueRequired":true,"valueName":"search_term_string"}}],"inLanguage":"ro-RO"},{"@type":"Organization","@id":"https:\/\/roexit.info\/#organization","name":"RoExit","url":"https:\/\/roexit.info\/","logo":{"@type":"ImageObject","inLanguage":"ro-RO","@id":"https:\/\/roexit.info\/#\/schema\/logo\/image\/","url":"https:\/\/roexit.info\/wp-content\/uploads\/2023\/12\/cropped-logo-vsrianta-2.jpeg","contentUrl":"https:\/\/roexit.info\/wp-content\/uploads\/2023\/12\/cropped-logo-vsrianta-2.jpeg","width":358,"height":277,"caption":"RoExit"},"image":{"@id":"https:\/\/roexit.info\/#\/schema\/logo\/image\/"}},{"@type":"Person","@id":"https:\/\/roexit.info\/#\/schema\/person\/3822a7ccbd940791ab5628bbe51086c1","name":"P\u00e2r\u0103u Vlad","image":{"@type":"ImageObject","inLanguage":"ro-RO","@id":"https:\/\/roexit.info\/#\/schema\/person\/image\/","url":"https:\/\/secure.gravatar.com\/avatar\/14aff8b17897b19faac02aca2a116530d9e5c8912df6512c1bf3efb45f65a5f7?s=96&d=mm&r=g","contentUrl":"https:\/\/secure.gravatar.com\/avatar\/14aff8b17897b19faac02aca2a116530d9e5c8912df6512c1bf3efb45f65a5f7?s=96&d=mm&r=g","caption":"P\u00e2r\u0103u Vlad"},"description":"Redactor\/Editor at ROexit.info Redactor at Cerul, codrul \u0219i p\u00e2r\u0103ul Studied at Universitatea Lucian Blaga Sibiu","sameAs":["http:\/\/roexit.info"],"url":"https:\/\/roexit.info\/?author=3"}]}},"_links":{"self":[{"href":"https:\/\/roexit.info\/index.php?rest_route=\/wp\/v2\/posts\/1350","targetHints":{"allow":["GET"]}}],"collection":[{"href":"https:\/\/roexit.info\/index.php?rest_route=\/wp\/v2\/posts"}],"about":[{"href":"https:\/\/roexit.info\/index.php?rest_route=\/wp\/v2\/types\/post"}],"author":[{"embeddable":true,"href":"https:\/\/roexit.info\/index.php?rest_route=\/wp\/v2\/users\/3"}],"replies":[{"embeddable":true,"href":"https:\/\/roexit.info\/index.php?rest_route=%2Fwp%2Fv2%2Fcomments&post=1350"}],"version-history":[{"count":2,"href":"https:\/\/roexit.info\/index.php?rest_route=\/wp\/v2\/posts\/1350\/revisions"}],"predecessor-version":[{"id":1353,"href":"https:\/\/roexit.info\/index.php?rest_route=\/wp\/v2\/posts\/1350\/revisions\/1353"}],"wp:featuredmedia":[{"embeddable":true,"href":"https:\/\/roexit.info\/index.php?rest_route=\/wp\/v2\/media\/1352"}],"wp:attachment":[{"href":"https:\/\/roexit.info\/index.php?rest_route=%2Fwp%2Fv2%2Fmedia&parent=1350"}],"wp:term":[{"taxonomy":"category","embeddable":true,"href":"https:\/\/roexit.info\/index.php?rest_route=%2Fwp%2Fv2%2Fcategories&post=1350"},{"taxonomy":"post_tag","embeddable":true,"href":"https:\/\/roexit.info\/index.php?rest_route=%2Fwp%2Fv2%2Ftags&post=1350"}],"curies":[{"name":"wp","href":"https:\/\/api.w.org\/{rel}","templated":true}]}}