{"id":1390,"date":"2024-01-17T19:53:33","date_gmt":"2024-01-17T19:53:33","guid":{"rendered":"https:\/\/roexit.info\/?p=1390"},"modified":"2025-10-21T15:44:26","modified_gmt":"2025-10-21T15:44:26","slug":"inainte-de-razboi-vor-face-poc-marile-fabrici-opinia-lui-chiazna","status":"publish","type":"post","link":"https:\/\/roexit.info\/?p=1390","title":{"rendered":"\u00cenainte de r\u0103zboi vor face poc marile fabrici. Opinia lui Chiazna"},"content":{"rendered":"<p><em>Un articol de G. Chiazna publicat ini\u021bial pe <a href=\"https:\/\/chiazna.ro\/2024\/01\/inainte-de-razboi-vor-face-poc-marile-fabrici\/\">Chiazna.ro<\/a><\/em><\/p>\n<p>De\u015fi se face deja mobilizare \u015fi armata rom\u00e2n\u0103 face achizi\u0163ii masive \u015fi rapide, pe band\u0103 rulant\u0103, personal sunt \u00eencrez\u0103tor c\u0103 Rom\u00e2nia nu va intra \u00een r\u0103zboi prea cur\u00e2nd, deoarece NU AVEM CU CE! De ce zic asta, oare chiar nu avem \u015fi noi niscavai armat\u0103 c\u00e2t s\u0103 lupt\u0103m cu rusnacii c\u00e2nd ne vor \u00eempinge \u00eenainte alde NATO?<\/p>\n<p>Nu prea avem, cel pu\u0163in a\u015fa ne zice pre\u015fedintele (<a href=\"https:\/\/chiazna.ro\/2023\/07\/identitate-viziune-si-actiune-conditiile-sine-qua-non-ale-supravietuirii-individuale-sau-de-grup\/\">sursa<\/a>), or, dac\u0103 pre\u015fedintele zice, de ce s\u0103 nu \u00eel credem, c\u0103 doar el este \u015fi liderul CSAT care teoretic conduce \u0163ara \u00een caz de r\u0103zbel.<\/p>\n<p>Dar, eu cred c\u0103 \u00eenainte de a intra direct \u00een r\u0103zboi, vom primi c\u00e2teva bob\u00e2rnace de la ru\u015fi, pe frontul hibrid. Mai concret, m\u0103 refer la incendii provocate asupra unor obiective na\u0163ionale importante, cum ar fi fabrici, uzine, termocentrale etc. De c\u00e2nd a \u00eenceput r\u0103zboiul \u00een Ucraina, pe canalele de telegram putem vedea zilnic incendii din Rusia la anumite obiective. Ba un minister, ba nu \u015ftiu ce centru de cercetare al armatei, ba nu \u015ftiu ce fabric\u0103 de plexiglas.<\/p>\n<p>Dar incendiile au crescut nu doar \u00een Rusia ci \u015fi \u00een SUA, unde doar trimestrul 3 din 2022 a consemnat mai multe incendii la fabrici dec\u00e2t tot anul 2021 (<a href=\"https:\/\/resource.resilinc.com\/rs\/863-OTG-034\/images\/white-papers-reports-factory-fires-the-top-supply-chain-disruption.pdf\">sursa<\/a>). V\u0103 reamintesc mai ales incendiul din acea insul\u0103 din Hawai care a fost extrem de dubios \u00een sensul c\u0103 cl\u0103dirile care aveau acoperi\u015furi albastre nu au ars. De asemenea, au fost semnalate anumite lumini laser pe cer \u00eenainte de incendii. Sunt specula\u0163ii c\u0103 chinezii ar fi ar\u0103tat americanilor ce pot: coinciden\u0163\u0103, c\u00e2nd a avut loc incendiul, un satelit chinez avea traiectorie chiar pe deasupra. Datele astea sunt publice, dar nu m\u0103 pune\u0163i s\u0103 caut eu.<\/p>\n<p>Evident c\u0103 un laser din satelit poate produce un incendiu. Dar oare sunt marile puteri gata s\u0103 deschid\u0103 un asemenea front? Cumva, chestiunea e similar\u0103 nuclearelor, dac\u0103 \u00eencep s\u0103 foloseasc\u0103 lasere din sateli\u0163i pentru a produce incendii, se trece peste o limit\u0103 unde orice poate fi posibil, adic\u0103 nu doar incendiat fabrici, ci \u015fi incendiat hangare unde sunt parcate bombardierele nucleare. De aici p\u00e2n\u0103 la r\u0103zboi nuclear, nu mai e mult. De altfel, foarte probabil un r\u0103zboi nuclear direct va fi foarte scurt ca timp, de la prima bomb\u0103 detonat\u0103, cred c\u0103 \u00een maxim 24 de ore, vor fi folosite toate nuclearele. De aia \u00ee\u015fi fac miliardarii bunkere, ca s\u0103 aib\u0103 unde s\u0103 stea c\u00e2teva zile. Fallout-ul ulterior are un ritm de 50% la 24 de ore, adic\u0103 cu fiecare zi, se dilueaz\u0103 jum\u0103tate din radia\u0163ii, se depun pe p\u0103m\u00e2nt, se r\u0103sp\u00e2ndesc \u00een aer etc. Teoretic dup\u0103 o s\u0103pt\u0103m\u00e2n\u0103, miliardar fiind, prins de r\u0103zboiul nuclear pe nu \u015ftiu ce insul\u0103, po\u0163i zbura \u015fi po\u0163i fugi \u00een emisfera sudic\u0103 unde e mai lini\u015fte.<\/p>\n<p>Cu siguran\u0163\u0103 c\u0103 multe incendii din Rusia sunt produse de ucrainieni prin drone. Nu este ceva secret. Poate unele, prin anumite trupe de comando specializate \u00een a\u015fa ceva. De departe folosirea de piromani este mai sigur\u0103 \u015fi facil\u0103, costul fiind probabil la ordinul a c\u00e2torva zeci de mii de dolari per incendiu. Cu aceea\u015fi arm\u0103, pe frontul incendierilor, a r\u0103spuns \u015fi Rusia. De exemplu, dup\u0103 ce ucrainienii au lovit nu \u015ftiu ce loca\u0163ie din Belgorod, ru\u015fii au bombardat nu \u015ftiu c\u00e2te puncte electrice, b\u0103g\u00e2nd \u00een bezn\u0103 alte c\u00e2teva mii de familii. De altfel, infrastructura electric\u0103 a ucrainienilor e cam terminat\u0103, se pare c\u0103 repara\u0163iile nu sunt deloc u\u015foare \u015fi nu merg \u00een ritmul \u00een care m\u0103 a\u015fteptam eu.<\/p>\n<p>De departe, incendierea industriei inamicului este un front de b\u0103t\u0103lie u\u015for de administrat \u015fi foarte ieftin. De aceea, dac\u0103 Rom\u00e2nia nu prezint\u0103 interes geostrategic \u015fi ru\u015fii nu vor \u00eencerca \u00een niciun caz s\u0103 ne ocupe, deoarece avem ditamai lan\u0163ul de mun\u0163i unde putem s\u0103 opunem rezisten\u0163\u0103, \u00een caz c\u0103 vom participa cu trupe la ap\u0103rarea Poloniei sau a \u0162\u0103rilor Baltice, primele indicii c\u0103 suntem \u00een r\u0103zboi vor fi cre\u015fterea incendiilor la fabrici \u015fi poate la anumite puncte de infrastructur\u0103 energetic\u0103.<\/p>\n<p>Personal nu cred c\u0103 ru\u015fii pot pune probleme legate de Internet, riscurile aici sunt exagerate \u015fi cei care pot face r\u0103u mare sunt doar serviciile secrete americane care controleaz\u0103 marile companii produc\u0103toare de software \u015fi au backdoor-uri \u00een toate sistemele. Doar agen\u0163iile secrete pot simula un atac cibernetic, ru\u015fii nu au cum. Nici chinezii care controleaz\u0103 dispozitive IoT \u015fi routere \u015fi teoretic au un oarecare backdoor \u00een casa fiec\u0103ruia. \u00cens\u0103 firmele serioase, b\u0103ncile \u015fi teoretic autorit\u0103\u0163ile au echipamente americane CISCO sau peste, care nu sunt produse \u00een China \u015fi care sunt mult mai sigure ca ieftin\u0103turile chineze\u015fti care, chiar necontrolate de guvern, nu sunt greu de spart.<\/p>\n<p>&nbsp;<\/p>\n","protected":false},"excerpt":{"rendered":"<p>Un articol de G. Chiazna publicat ini\u021bial pe Chiazna.ro De\u015fi se face deja mobilizare \u015fi armata rom\u00e2n\u0103 face achizi\u0163ii masive \u015fi rapide, pe band\u0103 rulant\u0103, personal sunt \u00eencrez\u0103tor c\u0103 Rom\u00e2nia nu va intra \u00een r\u0103zboi prea cur\u00e2nd, deoarece NU AVEM CU CE! De ce zic asta, oare chiar nu avem \u015fi noi niscavai armat\u0103 c\u00e2t [&hellip;]<\/p>\n","protected":false},"author":3,"featured_media":1391,"comment_status":"open","ping_status":"open","sticky":false,"template":"","format":"standard","meta":{"footnotes":""},"categories":[32,290,4],"tags":[310,514,213,126,196,513,515,65,21,207,105,143,102,512,104],"class_list":["post-1390","post","type-post","status-publish","format-standard","has-post-thumbnail","hentry","category-opinii","category-politica","category-stil_de_viata","tag-chiazna-ro","tag-cisco","tag-consiliul-suprem-de-aparare-a-tarii-csat","tag-federatia-rusa","tag-gigel-chiazna","tag-internet","tag-intrarea-romaniei-in-razboi-contra-rusiei","tag-klaus-iohannis","tag-nato","tag-polonia","tag-razboi-ucraina","tag-romania","tag-sua","tag-tarile-baltice","tag-ucraina"],"yoast_head":"<!-- This site is optimized with the Yoast SEO plugin v24.4 - https:\/\/yoast.com\/wordpress\/plugins\/seo\/ -->\n<title>\u00cenainte de r\u0103zboi vor face poc marile fabrici. Opinia lui Chiazna - RoExit<\/title>\n<meta name=\"robots\" content=\"index, follow, max-snippet:-1, max-image-preview:large, max-video-preview:-1\" \/>\n<link rel=\"canonical\" href=\"https:\/\/roexit.info\/?p=1390\" \/>\n<meta property=\"og:locale\" content=\"ro_RO\" \/>\n<meta property=\"og:type\" content=\"article\" \/>\n<meta property=\"og:title\" content=\"\u00cenainte de r\u0103zboi vor face poc marile fabrici. Opinia lui Chiazna - RoExit\" \/>\n<meta property=\"og:description\" content=\"Un articol de G. Chiazna publicat ini\u021bial pe Chiazna.ro De\u015fi se face deja mobilizare \u015fi armata rom\u00e2n\u0103 face achizi\u0163ii masive \u015fi rapide, pe band\u0103 rulant\u0103, personal sunt \u00eencrez\u0103tor c\u0103 Rom\u00e2nia nu va intra \u00een r\u0103zboi prea cur\u00e2nd, deoarece NU AVEM CU CE! De ce zic asta, oare chiar nu avem \u015fi noi niscavai armat\u0103 c\u00e2t [&hellip;]\" \/>\n<meta property=\"og:url\" content=\"https:\/\/roexit.info\/?p=1390\" \/>\n<meta property=\"og:site_name\" content=\"RoExit\" \/>\n<meta property=\"article:published_time\" content=\"2024-01-17T19:53:33+00:00\" \/>\n<meta property=\"article:modified_time\" content=\"2025-10-21T15:44:26+00:00\" \/>\n<meta property=\"og:image\" content=\"https:\/\/roexit.info\/wp-content\/uploads\/2024\/01\/incendiu-fabrica.jpeg\" \/>\n\t<meta property=\"og:image:width\" content=\"1600\" \/>\n\t<meta property=\"og:image:height\" content=\"720\" \/>\n\t<meta property=\"og:image:type\" content=\"image\/jpeg\" \/>\n<meta name=\"author\" content=\"P\u00e2r\u0103u Vlad\" \/>\n<meta name=\"twitter:card\" content=\"summary_large_image\" \/>\n<meta name=\"twitter:label1\" content=\"Scris de\" \/>\n\t<meta name=\"twitter:data1\" content=\"P\u00e2r\u0103u Vlad\" \/>\n\t<meta name=\"twitter:label2\" content=\"Timp estimat pentru citire\" \/>\n\t<meta name=\"twitter:data2\" content=\"5 minute\" \/>\n<script type=\"application\/ld+json\" class=\"yoast-schema-graph\">{\"@context\":\"https:\/\/schema.org\",\"@graph\":[{\"@type\":\"Article\",\"@id\":\"https:\/\/roexit.info\/?p=1390#article\",\"isPartOf\":{\"@id\":\"https:\/\/roexit.info\/?p=1390\"},\"author\":{\"name\":\"P\u00e2r\u0103u Vlad\",\"@id\":\"https:\/\/roexit.info\/#\/schema\/person\/3822a7ccbd940791ab5628bbe51086c1\"},\"headline\":\"\u00cenainte de r\u0103zboi vor face poc marile fabrici. Opinia lui Chiazna\",\"datePublished\":\"2024-01-17T19:53:33+00:00\",\"dateModified\":\"2025-10-21T15:44:26+00:00\",\"mainEntityOfPage\":{\"@id\":\"https:\/\/roexit.info\/?p=1390\"},\"wordCount\":851,\"commentCount\":0,\"publisher\":{\"@id\":\"https:\/\/roexit.info\/#organization\"},\"image\":{\"@id\":\"https:\/\/roexit.info\/?p=1390#primaryimage\"},\"thumbnailUrl\":\"https:\/\/roexit.info\/wp-content\/uploads\/2024\/01\/incendiu-fabrica.jpeg\",\"keywords\":[\"chiazna.ro\",\"CISCO\",\"Consiliul Suprem de Ap\u0103rare a \u021a\u0103rii - CSAT\",\"Federa\u021bia Rus\u0103\",\"Gigel Chiazna\",\"Internet\",\"intrarea Rom\u00e2niei \u00een r\u0103zboi contra Rusiei\",\"Klaus Iohannis\",\"NATO\",\"Polonia\",\"r\u0103zboi Ucraina\",\"Rom\u00e2nia\",\"SUA\",\"\u021a\u0103rile Baltice\",\"Ucraina\"],\"articleSection\":[\"Opinii\",\"Politic\u0103\",\"Via\u021ba \u00een secolul XXI\"],\"inLanguage\":\"ro-RO\",\"potentialAction\":[{\"@type\":\"CommentAction\",\"name\":\"Comment\",\"target\":[\"https:\/\/roexit.info\/?p=1390#respond\"]}]},{\"@type\":\"WebPage\",\"@id\":\"https:\/\/roexit.info\/?p=1390\",\"url\":\"https:\/\/roexit.info\/?p=1390\",\"name\":\"\u00cenainte de r\u0103zboi vor face poc marile fabrici. Opinia lui Chiazna - RoExit\",\"isPartOf\":{\"@id\":\"https:\/\/roexit.info\/#website\"},\"primaryImageOfPage\":{\"@id\":\"https:\/\/roexit.info\/?p=1390#primaryimage\"},\"image\":{\"@id\":\"https:\/\/roexit.info\/?p=1390#primaryimage\"},\"thumbnailUrl\":\"https:\/\/roexit.info\/wp-content\/uploads\/2024\/01\/incendiu-fabrica.jpeg\",\"datePublished\":\"2024-01-17T19:53:33+00:00\",\"dateModified\":\"2025-10-21T15:44:26+00:00\",\"breadcrumb\":{\"@id\":\"https:\/\/roexit.info\/?p=1390#breadcrumb\"},\"inLanguage\":\"ro-RO\",\"potentialAction\":[{\"@type\":\"ReadAction\",\"target\":[\"https:\/\/roexit.info\/?p=1390\"]}]},{\"@type\":\"ImageObject\",\"inLanguage\":\"ro-RO\",\"@id\":\"https:\/\/roexit.info\/?p=1390#primaryimage\",\"url\":\"https:\/\/roexit.info\/wp-content\/uploads\/2024\/01\/incendiu-fabrica.jpeg\",\"contentUrl\":\"https:\/\/roexit.info\/wp-content\/uploads\/2024\/01\/incendiu-fabrica.jpeg\",\"width\":1600,\"height\":720,\"caption\":\"Foto: servuscluj.ro\"},{\"@type\":\"BreadcrumbList\",\"@id\":\"https:\/\/roexit.info\/?p=1390#breadcrumb\",\"itemListElement\":[{\"@type\":\"ListItem\",\"position\":1,\"name\":\"Prima pagin\u0103\",\"item\":\"https:\/\/roexit.info\/\"},{\"@type\":\"ListItem\",\"position\":2,\"name\":\"\u00cenainte de r\u0103zboi vor face poc marile fabrici. Opinia lui Chiazna\"}]},{\"@type\":\"WebSite\",\"@id\":\"https:\/\/roexit.info\/#website\",\"url\":\"https:\/\/roexit.info\/\",\"name\":\"RoExit\",\"description\":\"UE la co\u0219ul de gunoi al istoriei\",\"publisher\":{\"@id\":\"https:\/\/roexit.info\/#organization\"},\"potentialAction\":[{\"@type\":\"SearchAction\",\"target\":{\"@type\":\"EntryPoint\",\"urlTemplate\":\"https:\/\/roexit.info\/?s={search_term_string}\"},\"query-input\":{\"@type\":\"PropertyValueSpecification\",\"valueRequired\":true,\"valueName\":\"search_term_string\"}}],\"inLanguage\":\"ro-RO\"},{\"@type\":\"Organization\",\"@id\":\"https:\/\/roexit.info\/#organization\",\"name\":\"RoExit\",\"url\":\"https:\/\/roexit.info\/\",\"logo\":{\"@type\":\"ImageObject\",\"inLanguage\":\"ro-RO\",\"@id\":\"https:\/\/roexit.info\/#\/schema\/logo\/image\/\",\"url\":\"https:\/\/roexit.info\/wp-content\/uploads\/2023\/12\/cropped-logo-vsrianta-2.jpeg\",\"contentUrl\":\"https:\/\/roexit.info\/wp-content\/uploads\/2023\/12\/cropped-logo-vsrianta-2.jpeg\",\"width\":358,\"height\":277,\"caption\":\"RoExit\"},\"image\":{\"@id\":\"https:\/\/roexit.info\/#\/schema\/logo\/image\/\"}},{\"@type\":\"Person\",\"@id\":\"https:\/\/roexit.info\/#\/schema\/person\/3822a7ccbd940791ab5628bbe51086c1\",\"name\":\"P\u00e2r\u0103u Vlad\",\"image\":{\"@type\":\"ImageObject\",\"inLanguage\":\"ro-RO\",\"@id\":\"https:\/\/roexit.info\/#\/schema\/person\/image\/\",\"url\":\"https:\/\/secure.gravatar.com\/avatar\/14aff8b17897b19faac02aca2a116530d9e5c8912df6512c1bf3efb45f65a5f7?s=96&d=mm&r=g\",\"contentUrl\":\"https:\/\/secure.gravatar.com\/avatar\/14aff8b17897b19faac02aca2a116530d9e5c8912df6512c1bf3efb45f65a5f7?s=96&d=mm&r=g\",\"caption\":\"P\u00e2r\u0103u Vlad\"},\"description\":\"Redactor\/Editor at ROexit.info Redactor at Cerul, codrul \u0219i p\u00e2r\u0103ul Studied at Universitatea Lucian Blaga Sibiu\",\"sameAs\":[\"http:\/\/roexit.info\"],\"url\":\"https:\/\/roexit.info\/?author=3\"}]}<\/script>\n<!-- \/ Yoast SEO plugin. -->","yoast_head_json":{"title":"\u00cenainte de r\u0103zboi vor face poc marile fabrici. Opinia lui Chiazna - RoExit","robots":{"index":"index","follow":"follow","max-snippet":"max-snippet:-1","max-image-preview":"max-image-preview:large","max-video-preview":"max-video-preview:-1"},"canonical":"https:\/\/roexit.info\/?p=1390","og_locale":"ro_RO","og_type":"article","og_title":"\u00cenainte de r\u0103zboi vor face poc marile fabrici. Opinia lui Chiazna - RoExit","og_description":"Un articol de G. Chiazna publicat ini\u021bial pe Chiazna.ro De\u015fi se face deja mobilizare \u015fi armata rom\u00e2n\u0103 face achizi\u0163ii masive \u015fi rapide, pe band\u0103 rulant\u0103, personal sunt \u00eencrez\u0103tor c\u0103 Rom\u00e2nia nu va intra \u00een r\u0103zboi prea cur\u00e2nd, deoarece NU AVEM CU CE! De ce zic asta, oare chiar nu avem \u015fi noi niscavai armat\u0103 c\u00e2t [&hellip;]","og_url":"https:\/\/roexit.info\/?p=1390","og_site_name":"RoExit","article_published_time":"2024-01-17T19:53:33+00:00","article_modified_time":"2025-10-21T15:44:26+00:00","og_image":[{"width":1600,"height":720,"url":"https:\/\/roexit.info\/wp-content\/uploads\/2024\/01\/incendiu-fabrica.jpeg","type":"image\/jpeg"}],"author":"P\u00e2r\u0103u Vlad","twitter_card":"summary_large_image","twitter_misc":{"Scris de":"P\u00e2r\u0103u Vlad","Timp estimat pentru citire":"5 minute"},"schema":{"@context":"https:\/\/schema.org","@graph":[{"@type":"Article","@id":"https:\/\/roexit.info\/?p=1390#article","isPartOf":{"@id":"https:\/\/roexit.info\/?p=1390"},"author":{"name":"P\u00e2r\u0103u Vlad","@id":"https:\/\/roexit.info\/#\/schema\/person\/3822a7ccbd940791ab5628bbe51086c1"},"headline":"\u00cenainte de r\u0103zboi vor face poc marile fabrici. Opinia lui Chiazna","datePublished":"2024-01-17T19:53:33+00:00","dateModified":"2025-10-21T15:44:26+00:00","mainEntityOfPage":{"@id":"https:\/\/roexit.info\/?p=1390"},"wordCount":851,"commentCount":0,"publisher":{"@id":"https:\/\/roexit.info\/#organization"},"image":{"@id":"https:\/\/roexit.info\/?p=1390#primaryimage"},"thumbnailUrl":"https:\/\/roexit.info\/wp-content\/uploads\/2024\/01\/incendiu-fabrica.jpeg","keywords":["chiazna.ro","CISCO","Consiliul Suprem de Ap\u0103rare a \u021a\u0103rii - CSAT","Federa\u021bia Rus\u0103","Gigel Chiazna","Internet","intrarea Rom\u00e2niei \u00een r\u0103zboi contra Rusiei","Klaus Iohannis","NATO","Polonia","r\u0103zboi Ucraina","Rom\u00e2nia","SUA","\u021a\u0103rile Baltice","Ucraina"],"articleSection":["Opinii","Politic\u0103","Via\u021ba \u00een secolul XXI"],"inLanguage":"ro-RO","potentialAction":[{"@type":"CommentAction","name":"Comment","target":["https:\/\/roexit.info\/?p=1390#respond"]}]},{"@type":"WebPage","@id":"https:\/\/roexit.info\/?p=1390","url":"https:\/\/roexit.info\/?p=1390","name":"\u00cenainte de r\u0103zboi vor face poc marile fabrici. Opinia lui Chiazna - RoExit","isPartOf":{"@id":"https:\/\/roexit.info\/#website"},"primaryImageOfPage":{"@id":"https:\/\/roexit.info\/?p=1390#primaryimage"},"image":{"@id":"https:\/\/roexit.info\/?p=1390#primaryimage"},"thumbnailUrl":"https:\/\/roexit.info\/wp-content\/uploads\/2024\/01\/incendiu-fabrica.jpeg","datePublished":"2024-01-17T19:53:33+00:00","dateModified":"2025-10-21T15:44:26+00:00","breadcrumb":{"@id":"https:\/\/roexit.info\/?p=1390#breadcrumb"},"inLanguage":"ro-RO","potentialAction":[{"@type":"ReadAction","target":["https:\/\/roexit.info\/?p=1390"]}]},{"@type":"ImageObject","inLanguage":"ro-RO","@id":"https:\/\/roexit.info\/?p=1390#primaryimage","url":"https:\/\/roexit.info\/wp-content\/uploads\/2024\/01\/incendiu-fabrica.jpeg","contentUrl":"https:\/\/roexit.info\/wp-content\/uploads\/2024\/01\/incendiu-fabrica.jpeg","width":1600,"height":720,"caption":"Foto: servuscluj.ro"},{"@type":"BreadcrumbList","@id":"https:\/\/roexit.info\/?p=1390#breadcrumb","itemListElement":[{"@type":"ListItem","position":1,"name":"Prima pagin\u0103","item":"https:\/\/roexit.info\/"},{"@type":"ListItem","position":2,"name":"\u00cenainte de r\u0103zboi vor face poc marile fabrici. Opinia lui Chiazna"}]},{"@type":"WebSite","@id":"https:\/\/roexit.info\/#website","url":"https:\/\/roexit.info\/","name":"RoExit","description":"UE la co\u0219ul de gunoi al istoriei","publisher":{"@id":"https:\/\/roexit.info\/#organization"},"potentialAction":[{"@type":"SearchAction","target":{"@type":"EntryPoint","urlTemplate":"https:\/\/roexit.info\/?s={search_term_string}"},"query-input":{"@type":"PropertyValueSpecification","valueRequired":true,"valueName":"search_term_string"}}],"inLanguage":"ro-RO"},{"@type":"Organization","@id":"https:\/\/roexit.info\/#organization","name":"RoExit","url":"https:\/\/roexit.info\/","logo":{"@type":"ImageObject","inLanguage":"ro-RO","@id":"https:\/\/roexit.info\/#\/schema\/logo\/image\/","url":"https:\/\/roexit.info\/wp-content\/uploads\/2023\/12\/cropped-logo-vsrianta-2.jpeg","contentUrl":"https:\/\/roexit.info\/wp-content\/uploads\/2023\/12\/cropped-logo-vsrianta-2.jpeg","width":358,"height":277,"caption":"RoExit"},"image":{"@id":"https:\/\/roexit.info\/#\/schema\/logo\/image\/"}},{"@type":"Person","@id":"https:\/\/roexit.info\/#\/schema\/person\/3822a7ccbd940791ab5628bbe51086c1","name":"P\u00e2r\u0103u Vlad","image":{"@type":"ImageObject","inLanguage":"ro-RO","@id":"https:\/\/roexit.info\/#\/schema\/person\/image\/","url":"https:\/\/secure.gravatar.com\/avatar\/14aff8b17897b19faac02aca2a116530d9e5c8912df6512c1bf3efb45f65a5f7?s=96&d=mm&r=g","contentUrl":"https:\/\/secure.gravatar.com\/avatar\/14aff8b17897b19faac02aca2a116530d9e5c8912df6512c1bf3efb45f65a5f7?s=96&d=mm&r=g","caption":"P\u00e2r\u0103u Vlad"},"description":"Redactor\/Editor at ROexit.info Redactor at Cerul, codrul \u0219i p\u00e2r\u0103ul Studied at Universitatea Lucian Blaga Sibiu","sameAs":["http:\/\/roexit.info"],"url":"https:\/\/roexit.info\/?author=3"}]}},"_links":{"self":[{"href":"https:\/\/roexit.info\/index.php?rest_route=\/wp\/v2\/posts\/1390","targetHints":{"allow":["GET"]}}],"collection":[{"href":"https:\/\/roexit.info\/index.php?rest_route=\/wp\/v2\/posts"}],"about":[{"href":"https:\/\/roexit.info\/index.php?rest_route=\/wp\/v2\/types\/post"}],"author":[{"embeddable":true,"href":"https:\/\/roexit.info\/index.php?rest_route=\/wp\/v2\/users\/3"}],"replies":[{"embeddable":true,"href":"https:\/\/roexit.info\/index.php?rest_route=%2Fwp%2Fv2%2Fcomments&post=1390"}],"version-history":[{"count":1,"href":"https:\/\/roexit.info\/index.php?rest_route=\/wp\/v2\/posts\/1390\/revisions"}],"predecessor-version":[{"id":1392,"href":"https:\/\/roexit.info\/index.php?rest_route=\/wp\/v2\/posts\/1390\/revisions\/1392"}],"wp:featuredmedia":[{"embeddable":true,"href":"https:\/\/roexit.info\/index.php?rest_route=\/wp\/v2\/media\/1391"}],"wp:attachment":[{"href":"https:\/\/roexit.info\/index.php?rest_route=%2Fwp%2Fv2%2Fmedia&parent=1390"}],"wp:term":[{"taxonomy":"category","embeddable":true,"href":"https:\/\/roexit.info\/index.php?rest_route=%2Fwp%2Fv2%2Fcategories&post=1390"},{"taxonomy":"post_tag","embeddable":true,"href":"https:\/\/roexit.info\/index.php?rest_route=%2Fwp%2Fv2%2Ftags&post=1390"}],"curies":[{"name":"wp","href":"https:\/\/api.w.org\/{rel}","templated":true}]}}