{"id":1463,"date":"2024-01-25T17:13:27","date_gmt":"2024-01-25T17:13:27","guid":{"rendered":"https:\/\/roexit.info\/?p=1463"},"modified":"2025-10-21T15:44:52","modified_gmt":"2025-10-21T15:44:52","slug":"de-unde-vin-problemele-fermierilor-opinia-lui-chiazna","status":"publish","type":"post","link":"https:\/\/roexit.info\/?p=1463","title":{"rendered":"De unde vin problemele fermierilor? Opinia lui Chiazna"},"content":{"rendered":"<p><em>Un articol publicat de G. Chiazna ini\u021bial pe <a href=\"https:\/\/chiazna.ro\/2024\/01\/de-unde-vin-problemele-fermierilor\/\">chiazna.ro<\/a><\/em><\/p>\n<p>Uneori este bine s\u0103 clarific\u0103m lucrurile. De aceea voi trata subiectul pentru cei care nu s-au preocupat \u015fi nu au habar de ce se discut\u0103 \u015fi se \u00eent\u00e2mpl\u0103 \u00een jurul lor. M\u0103 voi apleca mai ales la problemele fermierilor rom\u00e2ni de\u015fi voi face unele referiri \u015fi la cei din vest.<\/p>\n<p><strong>Gr\u00e2ul ucrainean<\/strong><\/p>\n<p>Este cea mai repetat\u0103 problem\u0103 \u015fi cumva cea mai preferat\u0103 \u015fi de guvernan\u0163i \u00een a fi pus\u0103 \u00een fa\u0163\u0103 deoarece este cea mai simpl\u0103 \u015fi cea mai u\u015for de rezolvat, sau mai bine zis de m\u0103tr\u0103\u015fit.<\/p>\n<p>Mai concret problema gr\u00e2nelor ucrainienilor const\u0103 \u00een 2-3 aspecte. Primul ar fi\u00a0<strong>competi\u0163ia ilegal\u0103<\/strong>\u00a0prin aceea c\u0103 gr\u00e2ul ucrainienilor este desf\u0103cut pe pia\u0163a noastr\u0103 \u015fi evident afecteaz\u0103 pre\u0163ul \u00een sensul c\u0103 \u00eel d\u0103 jos. Zic c\u0103 este ilegal\u0103 aceast\u0103 competi\u0163ie deoarece UE accept\u0103 doar alimente \u201ccare respect\u0103 normele\u201d, ori gr\u00e2ul ucrainienilor nu respect\u0103 normele. Nu \u015ftiu ce sunt normele \u015fi c\u00e2t de mult sunt ele aplicate, cert este c\u0103 de exemplu agricultorii rom\u00e2ni trebuie s\u0103 foloseasc\u0103 doar anumite tratamente pentru a nu face gr\u00e2nele prea cancerigene pentru consum. Cum nimeni nu testeaz\u0103 gr\u00e2nele ucrainienilor \u015fi cum acestea sunt oricum provenite din terenuri unde se duc b\u0103t\u0103lii \u015fi unde probabil sunt nenum\u0103rate de\u015feuri militare, evident c\u0103 gr\u00e2nele ucrainiene, pe l\u00e2ng\u0103 competi\u0163ia ilegal\u0103 sunt \u015fi un risc medical real.<\/p>\n<p>Dar iat\u0103 c\u0103 guvernul nu se preocup\u0103 de faptul c\u0103 rom\u00e2nii sunt la risc s\u0103 consume f\u0103in\u0103 \u015fi alte produse alimentare produse cu un gr\u00e2u care poate e cancerigen. Culmea e c\u0103 pe Covid a pompat miliarde de euro ca s\u0103 ne salveze cu acele m\u0103\u015fti non-conforme \u015fi alte idio\u0163enii, dar de cancerul adus de gr\u00e2ul ucrainean nu se preocup\u0103.<\/p>\n<p>Cei care vor s\u0103 o \u00eentoarc\u0103 ca la Ploie\u015fti, dintre politicieni, c\u00e2nd vine vorba de faptul c\u0103 gr\u00e2nele ucrainiene nu respect\u0103 normele sanitare ale UE, aduc vorba c\u0103 acestea sunt folosite doar pentru animale, ca \u015fi cum nu tot aia e, c\u0103 doar nu ajung toxinele, prin animale, \u00een cele din urm\u0103 la om. Omit inten\u0163ionat faptul c\u0103 \u015fi pentru animale, UE are norme cu privire la gr\u00e2nele produse, care trebuie respectate.<\/p>\n<p>Cu privire la aspectul competi\u0163iei ilegale, avem deci dou\u0103 aspecte: unul cel al normelor europene care evident nu sunt respectate de produc\u0103torii din Ucraina \u015fi al doilea cel al taxelor zero la import. Chiar dac\u0103 gr\u00e2nele ucrainienilor ar fi un produs 100% conform cu normele UE, importul de gr\u00e2ne se face cu taxare vamal\u0103, care acum este zero. Dac\u0103 acum eu \u00eemi cump\u0103r o carte pe Amazon SUA, la vam\u0103 sunt taxat \u015fi pl\u0103tesc pe l\u00e2ng\u0103 pre\u0163ul c\u0103r\u0163ii, taxe vamale, deoarece UE nu are acord de anulat taxare vamal\u0103 pentru c\u0103r\u0163i cu SUA. Nu conteaz\u0103 nici m\u0103car c\u0103 acea carte nu mai exist\u0103 \u00een UE \u015fi nu face competi\u0163ie altor edituri din UE. Cu at\u00e2t mai mult, av\u00e2nd \u00een vedere c\u0103 \u00een UE avem produs excedentar agricol \u015fi UE finan\u0163eaz\u0103 agricultura tocmai pentru a men\u0163ine o siguran\u0163\u0103 a hranei, \u00een sensul reglement\u0103rii, cu at\u00e2t mai mult pe domeniul agro-alimentar taxarea are rolul de a feri produc\u0103torii interni de marf\u0103 ieftin\u0103 \u015fi proast\u0103 din afar\u0103.<\/p>\n<p>R\u0103zboiul este deseori adus ca scuz\u0103 pentru aceste derog\u0103ri. Dar dac\u0103 r\u0103zboiul distruge normele \u015fi modus operandi al UE \u015fi le suspend\u0103 pe termen nedeterminat, ce rost mai are s\u0103 ne bucur\u0103m de beneficiile UE, cum ar fi grija mai marilor no\u015ftri pentru s\u0103n\u0103tatea public\u0103 \u015fi os\u00e2rdia pe care \u015fi-o dau pentru a reglementa produc\u0163ia alimentar\u0103. Degeaba se laud\u0103 UE c\u0103 are anumite valori, dac\u0103 acestea sunt suspendate. Trebuie g\u0103sit\u0103 o alt\u0103 metod\u0103 de a ajuta Ucraina, men\u0163in\u00e2nd totodat\u0103 normele \u015fi mai ales principiile UE. Iar s\u0103n\u0103tatea alimentar\u0103 este unul dintre lucrurile cele mai importante pe care noi credeam c\u0103 UE ni le ofer\u0103, ori iat\u0103 c\u0103 nu este deloc a\u015fa. Securitatea militar\u0103 pare s\u0103 primeze, de\u015fi aceste gr\u00e2ne sunt oricum proprietatea marilor companii americane, a\u015fa cum \u015fi multe terenuri de la noi sunt deja de\u0163inute de Big Food. Deci chiar dac\u0103 v\u00e2nd gr\u00e2nele, banii nu ajung \u00een buzunarele ucrainienilor, ci \u00een buzunarele marilor companii americane. De unde putem clar \u00een\u0163elege de ce presiunea agricultorilor rom\u00e2ni este mult mai slab\u0103 pentru politicienii no\u015ftri dec\u00e2t presiunea NATO, care prin aceast\u0103 structur\u0103 militar\u0103 ap\u0103r\u0103 de fapt, ideologic, propagandistic \u015fi politic prin influen\u0163\u0103, interesele marilor companii agro-alimentare din SUA [1]. Tabelul de mai jos prezinzt\u0103 companii din mai multe \u0163\u0103ri, dar este vechi cu siguran\u0163\u0103 lucrurile s-au schimba.<\/p>\n<figure class=\"wp-block-image size-full is-resized\"><img loading=\"lazy\" decoding=\"async\" class=\"wp-image-26151\" src=\"https:\/\/i0.wp.com\/chiazna.ro\/wp-content\/uploads\/2024\/01\/Screenshot-2024-01-24-020509-1.png?resize=600%2C326&amp;ssl=1\" sizes=\"auto, (max-width: 600px) 100vw, 600px\" srcset=\"https:\/\/i0.wp.com\/chiazna.ro\/wp-content\/uploads\/2024\/01\/Screenshot-2024-01-24-020509-1.png?w=600&amp;ssl=1 600w, https:\/\/i0.wp.com\/chiazna.ro\/wp-content\/uploads\/2024\/01\/Screenshot-2024-01-24-020509-1.png?resize=300%2C163&amp;ssl=1 300w\"  alt=\"Screenshot-2024-01-24-020509-1 De unde vin problemele fermierilor? Opinia lui Chiazna\"  width=\"600\" height=\"326\" data-attachment-id=\"26151\" data-permalink=\"https:\/\/chiazna.ro\/2024\/01\/de-unde-vin-problemele-fermierilor\/screenshot-2024-01-24-020509-1\/\" data-orig-file=\"https:\/\/i0.wp.com\/chiazna.ro\/wp-content\/uploads\/2024\/01\/Screenshot-2024-01-24-020509-1.png?fit=600%2C326&amp;ssl=1\" data-orig-size=\"600,326\" data-comments-opened=\"1\" data-image-meta=\"{&quot;aperture&quot;:&quot;0&quot;,&quot;credit&quot;:&quot;&quot;,&quot;camera&quot;:&quot;&quot;,&quot;caption&quot;:&quot;&quot;,&quot;created_timestamp&quot;:&quot;0&quot;,&quot;copyright&quot;:&quot;&quot;,&quot;focal_length&quot;:&quot;0&quot;,&quot;iso&quot;:&quot;0&quot;,&quot;shutter_speed&quot;:&quot;0&quot;,&quot;title&quot;:&quot;&quot;,&quot;orientation&quot;:&quot;0&quot;}\" data-image- title=\"RoExit\"  data-image-description=\"\" data-image-caption=\"\" data-medium-file=\"https:\/\/i0.wp.com\/chiazna.ro\/wp-content\/uploads\/2024\/01\/Screenshot-2024-01-24-020509-1.png?fit=300%2C163&amp;ssl=1\" data-large-file=\"https:\/\/i0.wp.com\/chiazna.ro\/wp-content\/uploads\/2024\/01\/Screenshot-2024-01-24-020509-1.png?fit=600%2C326&amp;ssl=1\" data-recalc-dims=\"1\" \/><figcaption class=\"wp-element-caption\">Sursa:\u00a0<a href=\"https:\/\/www.oaklandinstitute.org\/sites\/oaklandinstitute.org\/files\/Brief_CorporateTakeoverofUkraine_0.pdf\">The Oakland Institute<\/a><\/figcaption><\/figure>\n<p>Cu privire la gr\u00e2nele ucrainiene, ce doresc eu s\u0103 atrag un semnal de alarm\u0103 este c\u0103 de\u015fi teoretic fenomenul este unul real, practic, afluxul de gr\u00e2ne ieftine nu se vede \u00een pre\u0163urile alimentelor pe meleaguri mioritic. De ce? De aia! Deoarece nu avem pia\u0163\u0103 liber\u0103 \u015fi mecanisme economice normale, ci a\u015fa cum am zis, c\u00e2nd statul \u00eencepe s\u0103 \u00ee\u015fi bage picioarele \u00een ea de economie, prin controlul pre\u0163urilor, dezechilibrele se \u0163in lan\u0163 \u015fi precum cancerul \u00een organism distruge pic\u0103tur\u0103 cu pic\u0103tur\u0103 fiecare organ, socialismul cu miasm\u0103 europenist\u0103 distruge bruma de economie construit\u0103 p\u00e2n\u0103 \u00een prezent cu greu.<\/p>\n<p>Am tot explicat de asemenea, despre\u00a0<a href=\"https:\/\/chiazna.ro\/2023\/06\/de-ce-controlul-preturilor-a-adus-deja-un-dezastru-mai-mare-decat-coronavirusul\/\">controlul pre\u0163urilor<\/a>\u00a0\u015fi ce va produce \u00een economie: scumpiri \u015fi penurie. Ei bine, de aia nu se ieftinesc pre\u0163urile de\u015fi avem gr\u00e2u ieftin deoarece oricum pre\u0163urile sunt ieftinite prin lege, pentru un num\u0103r de produse \u201cde baz\u0103\u201d. \u00centr-un fel putem spune c\u0103 guvernul se bucur\u0103 de acest aflux deoarece de\u015fi sunt distru\u015fi fermierii, pre\u0163urile nu explodeaz\u0103 cum ar exploda f\u0103r\u0103 acest gr\u00e2u ieftin. Ori fermierii sunt o m\u00e2n\u0103 de oameni pe c\u00e2nd s\u0103racii care cump\u0103r\u0103 produsele de baz\u0103 ieftinite din pix de tov Ciolacul, sunt mult mai mul\u0163i \u015fi chiar dac\u0103 moartea fermierilor va umfla pre\u0163urile peste 1-2 ani \u015fi mai mult \u015fi va afecta PIB, venituri fiscale etc, important e ca partidul s\u0103 treac\u0103 islazul alegerilor. De aceea gr\u00e2nele ucrainienilor sunt tolerate \u015fi chiar man\u0103 cereasc\u0103 am putea spune, deoarece f\u0103r\u0103 ele, pre\u0163urile alimentelor o luau \u015fi mai mult razna de mult.<\/p>\n<p>Presiunea pe capacit\u0103\u0163ile portuare \u015fi pe infrastructur\u0103 este o alt\u0103 problem\u0103 reclamat\u0103 de fermieri. Din cuno\u015ftin\u0163ele mele, cea mai mare problem\u0103 sunt taxele portuare care au crescut exponen\u0163ial. Dat\u0103 fiind cererea mare \u015fi capacit\u0103\u0163ile portuare mici, legea cererii \u015fi a ofertei a func\u0163ionat la porturi \u015fi patronii acestora au m\u0103rit tarifele deoarece au putut. Dar oare pre\u0163urile mari nu afecteaz\u0103 \u015fi gr\u00e2nele ucrainienilor? Ba da, dar costurile de produc\u0163ie ale acestora sunt mai mici \u015fi prin urmare, profitul final le permite ucrainienilor s\u0103 pl\u0103teasc\u0103 tarife care poate pentru mul\u0163i produc\u0103tori rom\u00e2ni nu mai sunt fesabile economic \u00een sensul c\u0103 sunt taxe at\u00e2t de mari \u00eenc\u00e2t nu mai are sens s\u0103 exporte, nu mai fac bani pe aceste tranzac\u0163ii.<\/p>\n<p>Cu privire la Ucraina, termin cu \u00eenc\u0103 2-3 chestiuni. Afluxul m\u0103rit de gr\u00e2ne este pe toat\u0103 pia\u0163a european\u0103, nu doar pe Rom\u00e2nia. Din ce \u015ftiu eu, mai ales gr\u00e2nele de baz\u0103 sunt produse de ucrainieni (semn al r\u0103m\u00e2nerii \u00een urm\u0103). Exporturi mai sunt \u015fi pe mare, nu doar terestru pe la noi, de\u015fi ru\u015fii au tot bombardat porturile la Dun\u0103re. Nu pot opri \u00eens\u0103 totul. Pe l\u00e2ng\u0103 ieftinirea de c\u0103tre ucrainieni a pre\u0163ului, de asemenea, trebuie s\u0103 nu uit\u0103m c\u0103 \u015fi ru\u015fii au nevoie de bani \u015fi de exporturi, prin urmare \u015fi ei au ieftinit gr\u00e2nele, at\u00e2t pentru clien\u0163ii lor c\u00e2t \u015fi pentru fo\u015ftii clien\u0163ii ai ucrainienilor care mul\u0163i nu au avut de ales \u015fi au trebuit s\u0103 cumpere de la ru\u015fi. M\u0103 refer aici mai ales la africani. Deci pre\u0163ul gr\u00e2ului a sc\u0103zut la nivel mondial \u015fi asta e o problem\u0103 separat\u0103 de ce se \u00eent\u00e2mpl\u0103 la noi \u00een UE.<\/p>\n<p>Personal, pun chiar \u00eencetinirea ratei infla\u0163iei la nivelul UE pe seama acestui gr\u00e2u ieftin care se reg\u0103se\u015fte \u00een nenum\u0103rate alte pre\u0163uri ale produselor alimentare. Gr\u00e2u ieftin \u015fi gaze ieftine care de\u015fi nu sunt importate direct din Rusia, pia\u0163a este comunicativ\u0103 \u015fi exist\u0103 transferi dintr-o zon\u0103 \u00een alta, prin urmare pre\u0163urile mici la aceste resurse, datorate nevoii de bani a Rusiei, fac ca pre\u0163urile alimentelor, al combustibililor \u015fi al altor produse s\u0103 aib\u0103 o oarecare presiune \u00een jos. Paradoxal, pacea ar \u00eensemna revenirea la normal, adic\u0103 scumpiri \u015fi noi presiuni infla\u0163ioniste.<\/p>\n<p>Cu privire la problemele competi\u0163iei gr\u00e2nelor ucrainiene, UE a promis unele \u201ccompens\u0103ri\u201d care sunt ni\u015fte sume modice la hectar care \u00eens\u0103 din ce \u015ftiu eu nu au fost trimise \u00eenc\u0103. Deci dup\u0103 ce c\u0103 acele sume era modice \u015fi total irelevante din punct de vedere economic, au fost oferite m\u0103car ca un fel de ajutor pentru \u00eenmorm\u00e2ntare, dar culmea, din cauza mecanismelor extrem de complexe la nivel european c\u00e2nd e vorba de dat bani, ace\u015ftia nu au ajuns \u00eenc\u0103 la fermieri. Poate au ajuns recent, dar \u015ftiu c\u0103 la \u00eenceputul protestelor nu ajunseser\u0103.<\/p>\n<p><strong>Explozia RCA<\/strong><\/p>\n<p>Despre asta nu am prea mult de zis deoarece am tot vorbit \u015fi am explicat de ce\u00a0<a href=\"https:\/\/chiazna.ro\/2016\/09\/rca-ul-o-simptoma-benigna-a-unui-cancer-terminal\/\">RCA-ul este un simptom benign al unui cancer terminal<\/a>. Iat\u0103 ce ziceam \u00een 2016:<\/p>\n<blockquote class=\"wp-block-quote\"><p>Fenomenul\u00a0care se intampla\u00a0l-as numi \u201cvenezuela\u201d. Lucruri\u00a0importante se intampla in Venezuela si noi nu ne aflam prea departe, tocmai pentru ca traim si noi in socialism. Singura diferenta intre Venezuela si Romania este FMI. Noua FMI-ul ne-a mai pus o perfuzie pentru moment. Cat va dura momentul asta, nu stim. Poate 5 ani, poate 10, poate daca face poc mega-bula creditelor,\u00a0chiar la anu. Insa cata vreme principiile de baza ale capitalismului si ale pietei libere sunt ignorate la toate nivelurile si tot felul de interventionisme comunistoide sunt implementate peste tot, mai ales purtand eticheta de stimulare a economiei (a se vedea Prima Casa sau mai nou programele de finantare pentru antreprenori \u2013 pentru antreprenorii din partid as zice eu) nu vom vedea normalitate si nici preturi ca in Germania.<\/p>\n<p><cite>Sursa:\u00a0<a href=\"https:\/\/chiazna.ro\/2016\/09\/rca-ul-o-simptoma-benigna-a-unui-cancer-terminal\/\">RCA-UL: O SIMPTOM\u0102 BENIGN\u0102 A UNUI CANCER TERMINAL<\/a>\u00a0(2016)<\/cite><\/p><\/blockquote>\n<p>Pe scurt, a venit nota de plat\u0103. Ce mai am doar de ad\u0103ugat este c\u0103 cre\u015fterea RCA-ului pentru camioane la cote astronomice care fac imposibil\u0103 o activitate economic\u0103 fesabil\u0103, este doar \u00eenceputul deoarece vom asista la cre\u015fteri \u015fi pentru alte categorii auto care vor face de\u0163inerea unui automobil misiune imposibil\u0103 pentru mul\u0163i dintre cei care acum se bucur\u0103 lini\u015fti\u0163i de dou\u0103 ma\u015fini \u00eentr-o familie. Pot merge mai departe cu predic\u0163iile: vom ajunge s\u0103 mergem f\u0103r\u0103 RCA, ca \u00een perioada post-decembrist\u0103 c\u00e2nd o \u015fpag\u0103 la mili\u0163ian merita riscul deoarece costul asigur\u0103rii era cu mult peste.<\/p>\n<p><strong>Cre\u015fterea pre\u0163urilor la combustibili<\/strong><\/p>\n<p>Aceasta este o problem\u0103 programat\u0103 \u015fi anun\u0163at\u0103 deoarece face parte din programul Green Deal, despre care am tot vorbit recent pe aici, iat\u0103\u00a0<a href=\"https:\/\/chiazna.ro\/2023\/12\/este-green-deal-ul-european-atat-de-important-ca-sa-justifice-iesirea\/\">ultimul articol<\/a>. Este vorba de reducerea incremental\u0103 a consumului de combustibil care se dore\u015fte a se face prin etape de cre\u015ftere a accizelor, pas cu pas. Este acela\u015fi lucru cu \u201ccertificatele verzi\u201d pe care le pl\u0103tim la energia electric\u0103. Deci, pe l\u00e2ng\u0103 accizele normale, b\u0103gate prin lege, pe l\u00e2ng\u0103 TVA, pe l\u00e2ng\u0103 m\u0103rirea salariului minim, anul nou ne aduce mere noi \u015fi noi m\u0103riri de accize la combustibili, care m\u0103riri se vor reg\u0103si \u00een pre\u0163uri.<\/p>\n<p>Dar oare dac\u0103 fermierii zic c\u0103 nu mai pot face fa\u0163\u0103, de unde vom m\u00e2nca? Ei bine, nu fac fa\u0163\u0103 cei de la noi, dar cei din afar\u0103 probabil vor face fa\u0163\u0103, deoarece \u00een urma protestelor de acolo, \u0163\u0103rile care au cu ce vor interveni \u015fi vor mai atenua acest \u015foc.<\/p>\n<p>Ce trebuie re\u0163inut este c\u0103 \u00eentreaga agricultur\u0103 european\u0103 e bazat\u0103 pe subveni\u0163ii deoarece pentru a-i atrage pe francezi al\u0103turi de nem\u0163i, li s-au dat bombonele. \u015ei cum productivitatea a tot crescut \u015fi Fran\u0163a avea at\u00e2t de mult teren \u00eenc\u00e2t nu putea exporta tot ce produce, s-a venit cu ideea subven\u0163iilor pentru agricultori. Astfel, chiar dac\u0103 de-a lungul timpului Big Food se tot extinde \u015fi cump\u0103r\u0103 tot ce se poate, subven\u0163iile au men\u0163inut o pace social\u0103 \u015fi sub spoiala ideii de securitate alimentar\u0103, s-au b\u0103gat bani \u00een agricultur\u0103. Dar la momentul implement\u0103rii acestui sistem, doar Fran\u0163a cam avea terenuri, restul erau mizilic \u015fi oricum nem\u0163ii nu iubesc agricultura, fiind specific\u0103 \u0163\u0103rilor bananiere, ei prefer\u0103 s\u0103 aib\u0103 pe c\u00e2mp fabrici de BMW-uri de\u015fi am auzit mai nou c\u0103 \u015fi \u0103\u015ftia vor s\u0103 plece din Germania (<a href=\"https:\/\/cleantechnica.com\/2023\/11\/20\/bmw-ends-combustion-engine-production-in-germany\/\">sursa<\/a>).<\/p>\n<p>Aceste proteste, greve \u015fi mi\u015fc\u0103ri sociale sunt a\u015fteptate \u015fi \u201cprogramul\u201d prevede \u015fi solu\u0163ii. De altfel, ca s\u0103 aib\u0103 un mecanism de \u0163inut sub control focurile sociale iscate de \u201cmarea trecere\u201d, \u00een program, la cele 3 puncte s-a introdus unul care explicit zice \u201cNiciun loc \u015fi nicio persoan\u0103 nu va fi l\u0103sat\u0103 \u00een urm\u0103\u201d, adic\u0103 bunul UE va avea grij\u0103 de to\u0163i fii patriei. Iote c\u0103 nu prea e adev\u0103rat, c\u0103 altfel nu mai ie\u015feau oamenii \u00een strad\u0103.<\/p>\n<p>Acum \u00eens\u0103 ies fermierii, dar acest an va fi spectaculos din punct de vedere economic \u00een sensul c\u0103 \u00een sf\u00e2r\u015fit vor \u00eencepe \u015fi \u00eenchiderile de afaceri \u015fi va exploda \u015fomajul, caz \u00een care probabil fie se va lansa o nou\u0103 boal\u0103 care s\u0103 afecteze mai ales \u015fomerii slab hr\u0103ni\u0163i \u015fi f\u0103r\u0103 acces la medicamente scumpe \u015fi servicii medicale de lux, fie se vor lansa ora\u015fele de 15 minute.<\/p>\n<p><strong>Reducerea subveni\u0163iilor agricole<\/strong><\/p>\n<p>Avem pe de o parte cre\u015fterea pre\u0163urilor la RCA, combustibili, \u00eengr\u0103\u015f\u0103minte \u015fi semin\u0163e \u015fi pe de alta avem reducerea subven\u0163iilor care e pus\u0103 pe seama lipsei banilor. \u00cen fapt, de vaccinuri s-au g\u0103sit bani, ori agricultura e mizilic pe l\u00e2ng\u0103 sumele date pe vaccinuri.<\/p>\n<p>Realitatea este c\u0103 \u015fi reducerea este tot parte din programul ferm de reducere a carbonului. Cum s\u0103 reduci carbonul dac\u0103 dai bani \u00een continuare agricultorilor s\u0103 creasc\u0103 vite? Nu mai bine nu le mai dai bani, mai ales celor care produc gr\u00e2ne, adic\u0103 nivelul cel mai de baz\u0103?<\/p>\n<p>Nu am cuno\u015ftin\u0163e legate de subven\u0163iile oferite agricultorilor, este clar c\u0103 la noi sunt \u00eens\u0103 sifonate \u015fi m\u0103tr\u0103\u015fite, dar la nivel european nu cred c\u0103 nu se reg\u0103sesc \u00een pre\u0163ul final al produselor, adic\u0103 cred c\u0103 chiar au impact \u00een activitatea fermierilor.<\/p>\n<p>\u00cen cele din urm\u0103, politica agricol\u0103 este clar \u0163inta tembelilor care vor s\u0103 ne reduc\u0103, de aceea cea mai la \u00eendem\u00e2n\u0103 metod\u0103, t\u0103ierea subven\u0163iilor este o metod\u0103 u\u015foar\u0103 \u015fi la \u00eendem\u00e2n\u0103 a acestora de a \u201caccelera\u201d \u201ctranzi\u0163ia\u201d.<\/p>\n<p>~ ~ ~ ~ ~ ~<\/p>\n<p><strong>NOTE<\/strong><\/p>\n<p>[1]\u00a0<a href=\"https:\/\/www.oaklandinstitute.org\/sites\/oaklandinstitute.org\/files\/Brief_CorporateTakeoverofUkraine_0.pdf\">THE CORPORATE TAKEOVER OF UKRAINIAN AGRICULTURE<\/a>\u00a0(2014)<\/p>\n","protected":false},"excerpt":{"rendered":"<p>Un articol publicat de G. Chiazna ini\u021bial pe chiazna.ro Uneori este bine s\u0103 clarific\u0103m lucrurile. De aceea voi trata subiectul pentru cei care nu s-au preocupat \u015fi nu au habar de ce se discut\u0103 \u015fi se \u00eent\u00e2mpl\u0103 \u00een jurul lor. M\u0103 voi apleca mai ales la problemele fermierilor rom\u00e2ni de\u015fi voi face unele referiri \u015fi [&hellip;]<\/p>\n","protected":false},"author":3,"featured_media":1356,"comment_status":"open","ping_status":"open","sticky":false,"template":"","format":"standard","meta":{"footnotes":""},"categories":[267,32,268,484,4],"tags":[741,481,310,738,358,740,739,324,403,196,312,21,61,378,379,732,380,737,689,102,388,12],"class_list":["post-1463","post","type-post","status-publish","format-standard","has-post-thumbnail","hentry","category-economie","category-opinii","category-social","category-social-2","category-stil_de_viata","tag-bmw","tag-cereale-ucraina","tag-chiazna-ro","tag-competitia-ilegala","tag-comunism-de-scoala-noua","tag-controlul-preturilor","tag-fermieri","tag-fmi","tag-germania","tag-gigel-chiazna","tag-green-deal","tag-nato","tag-pactul-verde-ue","tag-pret-carburanti","tag-pretul-cerealelor","tag-probleme","tag-protest-agricultori","tag-rca","tag-republica-franceza","tag-sua","tag-subventii-apia","tag-ue"],"yoast_head":"<!-- This site is optimized with the Yoast SEO plugin v24.4 - https:\/\/yoast.com\/wordpress\/plugins\/seo\/ -->\n<title>De unde vin problemele fermierilor? Opinia lui Chiazna - RoExit<\/title>\n<meta name=\"robots\" content=\"index, follow, max-snippet:-1, max-image-preview:large, max-video-preview:-1\" \/>\n<link rel=\"canonical\" href=\"https:\/\/roexit.info\/?p=1463\" \/>\n<meta property=\"og:locale\" content=\"ro_RO\" \/>\n<meta property=\"og:type\" content=\"article\" \/>\n<meta property=\"og:title\" content=\"De unde vin problemele fermierilor? Opinia lui Chiazna - RoExit\" \/>\n<meta property=\"og:description\" content=\"Un articol publicat de G. Chiazna ini\u021bial pe chiazna.ro Uneori este bine s\u0103 clarific\u0103m lucrurile. De aceea voi trata subiectul pentru cei care nu s-au preocupat \u015fi nu au habar de ce se discut\u0103 \u015fi se \u00eent\u00e2mpl\u0103 \u00een jurul lor. M\u0103 voi apleca mai ales la problemele fermierilor rom\u00e2ni de\u015fi voi face unele referiri \u015fi [&hellip;]\" \/>\n<meta property=\"og:url\" content=\"https:\/\/roexit.info\/?p=1463\" \/>\n<meta property=\"og:site_name\" content=\"RoExit\" \/>\n<meta property=\"article:published_time\" content=\"2024-01-25T17:13:27+00:00\" \/>\n<meta property=\"article:modified_time\" content=\"2025-10-21T15:44:52+00:00\" \/>\n<meta property=\"og:image\" content=\"https:\/\/roexit.info\/wp-content\/uploads\/2024\/01\/agricultorii-sibieni.jpg\" \/>\n\t<meta property=\"og:image:width\" content=\"1072\" \/>\n\t<meta property=\"og:image:height\" content=\"1175\" \/>\n\t<meta property=\"og:image:type\" content=\"image\/jpeg\" \/>\n<meta name=\"author\" content=\"P\u00e2r\u0103u Vlad\" \/>\n<meta name=\"twitter:card\" content=\"summary_large_image\" \/>\n<meta name=\"twitter:label1\" content=\"Scris de\" \/>\n\t<meta name=\"twitter:data1\" content=\"P\u00e2r\u0103u Vlad\" \/>\n\t<meta name=\"twitter:label2\" content=\"Timp estimat pentru citire\" \/>\n\t<meta name=\"twitter:data2\" content=\"13 minute\" \/>\n<script type=\"application\/ld+json\" class=\"yoast-schema-graph\">{\"@context\":\"https:\/\/schema.org\",\"@graph\":[{\"@type\":\"Article\",\"@id\":\"https:\/\/roexit.info\/?p=1463#article\",\"isPartOf\":{\"@id\":\"https:\/\/roexit.info\/?p=1463\"},\"author\":{\"name\":\"P\u00e2r\u0103u Vlad\",\"@id\":\"https:\/\/roexit.info\/#\/schema\/person\/3822a7ccbd940791ab5628bbe51086c1\"},\"headline\":\"De unde vin problemele fermierilor? Opinia lui Chiazna\",\"datePublished\":\"2024-01-25T17:13:27+00:00\",\"dateModified\":\"2025-10-21T15:44:52+00:00\",\"mainEntityOfPage\":{\"@id\":\"https:\/\/roexit.info\/?p=1463\"},\"wordCount\":2583,\"commentCount\":0,\"publisher\":{\"@id\":\"https:\/\/roexit.info\/#organization\"},\"image\":{\"@id\":\"https:\/\/roexit.info\/?p=1463#primaryimage\"},\"thumbnailUrl\":\"https:\/\/roexit.info\/wp-content\/uploads\/2024\/01\/agricultorii-sibieni.jpg\",\"keywords\":[\"BMW\",\"cereale Ucraina\",\"chiazna.ro\",\"competi\u021bia ilegal\u0103\",\"comunism de \u0219coal\u0103 nou\u0103\",\"controlul pre\u021burilor\",\"fermieri\",\"FMI\",\"Germania\",\"Gigel Chiazna\",\"Green Deal\",\"NATO\",\"pactul verde UE\",\"pre\u021b carburan\u021bi\",\"pre\u021bul cerealelor\",\"probleme\",\"protest agricultori\",\"RCA\",\"Republica Francez\u0103\",\"SUA\",\"subven\u021bii APIA\",\"UE\"],\"articleSection\":[\"Economie\",\"Opinii\",\"Social\",\"Social\",\"Via\u021ba \u00een secolul XXI\"],\"inLanguage\":\"ro-RO\",\"potentialAction\":[{\"@type\":\"CommentAction\",\"name\":\"Comment\",\"target\":[\"https:\/\/roexit.info\/?p=1463#respond\"]}]},{\"@type\":\"WebPage\",\"@id\":\"https:\/\/roexit.info\/?p=1463\",\"url\":\"https:\/\/roexit.info\/?p=1463\",\"name\":\"De unde vin problemele fermierilor? Opinia lui Chiazna - RoExit\",\"isPartOf\":{\"@id\":\"https:\/\/roexit.info\/#website\"},\"primaryImageOfPage\":{\"@id\":\"https:\/\/roexit.info\/?p=1463#primaryimage\"},\"image\":{\"@id\":\"https:\/\/roexit.info\/?p=1463#primaryimage\"},\"thumbnailUrl\":\"https:\/\/roexit.info\/wp-content\/uploads\/2024\/01\/agricultorii-sibieni.jpg\",\"datePublished\":\"2024-01-25T17:13:27+00:00\",\"dateModified\":\"2025-10-21T15:44:52+00:00\",\"breadcrumb\":{\"@id\":\"https:\/\/roexit.info\/?p=1463#breadcrumb\"},\"inLanguage\":\"ro-RO\",\"potentialAction\":[{\"@type\":\"ReadAction\",\"target\":[\"https:\/\/roexit.info\/?p=1463\"]}]},{\"@type\":\"ImageObject\",\"inLanguage\":\"ro-RO\",\"@id\":\"https:\/\/roexit.info\/?p=1463#primaryimage\",\"url\":\"https:\/\/roexit.info\/wp-content\/uploads\/2024\/01\/agricultorii-sibieni.jpg\",\"contentUrl\":\"https:\/\/roexit.info\/wp-content\/uploads\/2024\/01\/agricultorii-sibieni.jpg\",\"width\":1072,\"height\":1175},{\"@type\":\"BreadcrumbList\",\"@id\":\"https:\/\/roexit.info\/?p=1463#breadcrumb\",\"itemListElement\":[{\"@type\":\"ListItem\",\"position\":1,\"name\":\"Prima pagin\u0103\",\"item\":\"https:\/\/roexit.info\/\"},{\"@type\":\"ListItem\",\"position\":2,\"name\":\"De unde vin problemele fermierilor? Opinia lui Chiazna\"}]},{\"@type\":\"WebSite\",\"@id\":\"https:\/\/roexit.info\/#website\",\"url\":\"https:\/\/roexit.info\/\",\"name\":\"RoExit\",\"description\":\"UE la co\u0219ul de gunoi al istoriei\",\"publisher\":{\"@id\":\"https:\/\/roexit.info\/#organization\"},\"potentialAction\":[{\"@type\":\"SearchAction\",\"target\":{\"@type\":\"EntryPoint\",\"urlTemplate\":\"https:\/\/roexit.info\/?s={search_term_string}\"},\"query-input\":{\"@type\":\"PropertyValueSpecification\",\"valueRequired\":true,\"valueName\":\"search_term_string\"}}],\"inLanguage\":\"ro-RO\"},{\"@type\":\"Organization\",\"@id\":\"https:\/\/roexit.info\/#organization\",\"name\":\"RoExit\",\"url\":\"https:\/\/roexit.info\/\",\"logo\":{\"@type\":\"ImageObject\",\"inLanguage\":\"ro-RO\",\"@id\":\"https:\/\/roexit.info\/#\/schema\/logo\/image\/\",\"url\":\"https:\/\/roexit.info\/wp-content\/uploads\/2023\/12\/cropped-logo-vsrianta-2.jpeg\",\"contentUrl\":\"https:\/\/roexit.info\/wp-content\/uploads\/2023\/12\/cropped-logo-vsrianta-2.jpeg\",\"width\":358,\"height\":277,\"caption\":\"RoExit\"},\"image\":{\"@id\":\"https:\/\/roexit.info\/#\/schema\/logo\/image\/\"}},{\"@type\":\"Person\",\"@id\":\"https:\/\/roexit.info\/#\/schema\/person\/3822a7ccbd940791ab5628bbe51086c1\",\"name\":\"P\u00e2r\u0103u Vlad\",\"image\":{\"@type\":\"ImageObject\",\"inLanguage\":\"ro-RO\",\"@id\":\"https:\/\/roexit.info\/#\/schema\/person\/image\/\",\"url\":\"https:\/\/secure.gravatar.com\/avatar\/14aff8b17897b19faac02aca2a116530d9e5c8912df6512c1bf3efb45f65a5f7?s=96&d=mm&r=g\",\"contentUrl\":\"https:\/\/secure.gravatar.com\/avatar\/14aff8b17897b19faac02aca2a116530d9e5c8912df6512c1bf3efb45f65a5f7?s=96&d=mm&r=g\",\"caption\":\"P\u00e2r\u0103u Vlad\"},\"description\":\"Redactor\/Editor at ROexit.info Redactor at Cerul, codrul \u0219i p\u00e2r\u0103ul Studied at Universitatea Lucian Blaga Sibiu\",\"sameAs\":[\"http:\/\/roexit.info\"],\"url\":\"https:\/\/roexit.info\/?author=3\"}]}<\/script>\n<!-- \/ Yoast SEO plugin. -->","yoast_head_json":{"title":"De unde vin problemele fermierilor? Opinia lui Chiazna - RoExit","robots":{"index":"index","follow":"follow","max-snippet":"max-snippet:-1","max-image-preview":"max-image-preview:large","max-video-preview":"max-video-preview:-1"},"canonical":"https:\/\/roexit.info\/?p=1463","og_locale":"ro_RO","og_type":"article","og_title":"De unde vin problemele fermierilor? Opinia lui Chiazna - RoExit","og_description":"Un articol publicat de G. Chiazna ini\u021bial pe chiazna.ro Uneori este bine s\u0103 clarific\u0103m lucrurile. De aceea voi trata subiectul pentru cei care nu s-au preocupat \u015fi nu au habar de ce se discut\u0103 \u015fi se \u00eent\u00e2mpl\u0103 \u00een jurul lor. M\u0103 voi apleca mai ales la problemele fermierilor rom\u00e2ni de\u015fi voi face unele referiri \u015fi [&hellip;]","og_url":"https:\/\/roexit.info\/?p=1463","og_site_name":"RoExit","article_published_time":"2024-01-25T17:13:27+00:00","article_modified_time":"2025-10-21T15:44:52+00:00","og_image":[{"width":1072,"height":1175,"url":"https:\/\/roexit.info\/wp-content\/uploads\/2024\/01\/agricultorii-sibieni.jpg","type":"image\/jpeg"}],"author":"P\u00e2r\u0103u Vlad","twitter_card":"summary_large_image","twitter_misc":{"Scris de":"P\u00e2r\u0103u Vlad","Timp estimat pentru citire":"13 minute"},"schema":{"@context":"https:\/\/schema.org","@graph":[{"@type":"Article","@id":"https:\/\/roexit.info\/?p=1463#article","isPartOf":{"@id":"https:\/\/roexit.info\/?p=1463"},"author":{"name":"P\u00e2r\u0103u Vlad","@id":"https:\/\/roexit.info\/#\/schema\/person\/3822a7ccbd940791ab5628bbe51086c1"},"headline":"De unde vin problemele fermierilor? Opinia lui Chiazna","datePublished":"2024-01-25T17:13:27+00:00","dateModified":"2025-10-21T15:44:52+00:00","mainEntityOfPage":{"@id":"https:\/\/roexit.info\/?p=1463"},"wordCount":2583,"commentCount":0,"publisher":{"@id":"https:\/\/roexit.info\/#organization"},"image":{"@id":"https:\/\/roexit.info\/?p=1463#primaryimage"},"thumbnailUrl":"https:\/\/roexit.info\/wp-content\/uploads\/2024\/01\/agricultorii-sibieni.jpg","keywords":["BMW","cereale Ucraina","chiazna.ro","competi\u021bia ilegal\u0103","comunism de \u0219coal\u0103 nou\u0103","controlul pre\u021burilor","fermieri","FMI","Germania","Gigel Chiazna","Green Deal","NATO","pactul verde UE","pre\u021b carburan\u021bi","pre\u021bul cerealelor","probleme","protest agricultori","RCA","Republica Francez\u0103","SUA","subven\u021bii APIA","UE"],"articleSection":["Economie","Opinii","Social","Social","Via\u021ba \u00een secolul XXI"],"inLanguage":"ro-RO","potentialAction":[{"@type":"CommentAction","name":"Comment","target":["https:\/\/roexit.info\/?p=1463#respond"]}]},{"@type":"WebPage","@id":"https:\/\/roexit.info\/?p=1463","url":"https:\/\/roexit.info\/?p=1463","name":"De unde vin problemele fermierilor? Opinia lui Chiazna - RoExit","isPartOf":{"@id":"https:\/\/roexit.info\/#website"},"primaryImageOfPage":{"@id":"https:\/\/roexit.info\/?p=1463#primaryimage"},"image":{"@id":"https:\/\/roexit.info\/?p=1463#primaryimage"},"thumbnailUrl":"https:\/\/roexit.info\/wp-content\/uploads\/2024\/01\/agricultorii-sibieni.jpg","datePublished":"2024-01-25T17:13:27+00:00","dateModified":"2025-10-21T15:44:52+00:00","breadcrumb":{"@id":"https:\/\/roexit.info\/?p=1463#breadcrumb"},"inLanguage":"ro-RO","potentialAction":[{"@type":"ReadAction","target":["https:\/\/roexit.info\/?p=1463"]}]},{"@type":"ImageObject","inLanguage":"ro-RO","@id":"https:\/\/roexit.info\/?p=1463#primaryimage","url":"https:\/\/roexit.info\/wp-content\/uploads\/2024\/01\/agricultorii-sibieni.jpg","contentUrl":"https:\/\/roexit.info\/wp-content\/uploads\/2024\/01\/agricultorii-sibieni.jpg","width":1072,"height":1175},{"@type":"BreadcrumbList","@id":"https:\/\/roexit.info\/?p=1463#breadcrumb","itemListElement":[{"@type":"ListItem","position":1,"name":"Prima pagin\u0103","item":"https:\/\/roexit.info\/"},{"@type":"ListItem","position":2,"name":"De unde vin problemele fermierilor? Opinia lui Chiazna"}]},{"@type":"WebSite","@id":"https:\/\/roexit.info\/#website","url":"https:\/\/roexit.info\/","name":"RoExit","description":"UE la co\u0219ul de gunoi al istoriei","publisher":{"@id":"https:\/\/roexit.info\/#organization"},"potentialAction":[{"@type":"SearchAction","target":{"@type":"EntryPoint","urlTemplate":"https:\/\/roexit.info\/?s={search_term_string}"},"query-input":{"@type":"PropertyValueSpecification","valueRequired":true,"valueName":"search_term_string"}}],"inLanguage":"ro-RO"},{"@type":"Organization","@id":"https:\/\/roexit.info\/#organization","name":"RoExit","url":"https:\/\/roexit.info\/","logo":{"@type":"ImageObject","inLanguage":"ro-RO","@id":"https:\/\/roexit.info\/#\/schema\/logo\/image\/","url":"https:\/\/roexit.info\/wp-content\/uploads\/2023\/12\/cropped-logo-vsrianta-2.jpeg","contentUrl":"https:\/\/roexit.info\/wp-content\/uploads\/2023\/12\/cropped-logo-vsrianta-2.jpeg","width":358,"height":277,"caption":"RoExit"},"image":{"@id":"https:\/\/roexit.info\/#\/schema\/logo\/image\/"}},{"@type":"Person","@id":"https:\/\/roexit.info\/#\/schema\/person\/3822a7ccbd940791ab5628bbe51086c1","name":"P\u00e2r\u0103u Vlad","image":{"@type":"ImageObject","inLanguage":"ro-RO","@id":"https:\/\/roexit.info\/#\/schema\/person\/image\/","url":"https:\/\/secure.gravatar.com\/avatar\/14aff8b17897b19faac02aca2a116530d9e5c8912df6512c1bf3efb45f65a5f7?s=96&d=mm&r=g","contentUrl":"https:\/\/secure.gravatar.com\/avatar\/14aff8b17897b19faac02aca2a116530d9e5c8912df6512c1bf3efb45f65a5f7?s=96&d=mm&r=g","caption":"P\u00e2r\u0103u Vlad"},"description":"Redactor\/Editor at ROexit.info Redactor at Cerul, codrul \u0219i p\u00e2r\u0103ul Studied at Universitatea Lucian Blaga Sibiu","sameAs":["http:\/\/roexit.info"],"url":"https:\/\/roexit.info\/?author=3"}]}},"_links":{"self":[{"href":"https:\/\/roexit.info\/index.php?rest_route=\/wp\/v2\/posts\/1463","targetHints":{"allow":["GET"]}}],"collection":[{"href":"https:\/\/roexit.info\/index.php?rest_route=\/wp\/v2\/posts"}],"about":[{"href":"https:\/\/roexit.info\/index.php?rest_route=\/wp\/v2\/types\/post"}],"author":[{"embeddable":true,"href":"https:\/\/roexit.info\/index.php?rest_route=\/wp\/v2\/users\/3"}],"replies":[{"embeddable":true,"href":"https:\/\/roexit.info\/index.php?rest_route=%2Fwp%2Fv2%2Fcomments&post=1463"}],"version-history":[{"count":1,"href":"https:\/\/roexit.info\/index.php?rest_route=\/wp\/v2\/posts\/1463\/revisions"}],"predecessor-version":[{"id":1464,"href":"https:\/\/roexit.info\/index.php?rest_route=\/wp\/v2\/posts\/1463\/revisions\/1464"}],"wp:featuredmedia":[{"embeddable":true,"href":"https:\/\/roexit.info\/index.php?rest_route=\/wp\/v2\/media\/1356"}],"wp:attachment":[{"href":"https:\/\/roexit.info\/index.php?rest_route=%2Fwp%2Fv2%2Fmedia&parent=1463"}],"wp:term":[{"taxonomy":"category","embeddable":true,"href":"https:\/\/roexit.info\/index.php?rest_route=%2Fwp%2Fv2%2Fcategories&post=1463"},{"taxonomy":"post_tag","embeddable":true,"href":"https:\/\/roexit.info\/index.php?rest_route=%2Fwp%2Fv2%2Ftags&post=1463"}],"curies":[{"name":"wp","href":"https:\/\/api.w.org\/{rel}","templated":true}]}}