{"id":1545,"date":"2024-02-10T20:19:02","date_gmt":"2024-02-10T20:19:02","guid":{"rendered":"https:\/\/roexit.info\/?p=1545"},"modified":"2025-10-21T15:45:22","modified_gmt":"2025-10-21T15:45:22","slug":"nasterea-unui-sfant-opinia-lui-chiazna","status":"publish","type":"post","link":"https:\/\/roexit.info\/?p=1545","title":{"rendered":"Na\u0219terea unui sf\u00e2nt. Opinia lui Chiazna"},"content":{"rendered":"<p><em>Un articol publicat de G. Chiazna ini\u021bial pe <a href=\"https:\/\/chiazna.ro\/2024\/02\/nasterea-unui-sfant\/\">Chiazna.ro<\/a><\/em><\/p>\n<p>Ciolacu, marele patriot ortodox moderat care nu e extremist, \u00eenc\u0103 tace \u015fi nu scoate o vorb\u0103 la prietenul s\u0103u Zelensky, s\u0103 nu mai terorizeze rom\u00e2nii din Ucraina.<\/p>\n<p>Ce s\u0103 mai zicem de Maia Sandu, prietena lui Zelensky, sau de Klaus Iohannis, prietenul ucrainienilor?<\/p>\n<p>Din p\u0103cate, PS Longin, rom\u00e2n \u015fi ortodox considerat extremist de unii rom\u00e2ni ortodoc\u015fi declara\u0163i modera\u0163i \u015fi \u201cf\u0103r\u0103 excese\u201d, va fi martirizat de extremi\u015ftii ucrainieni, la fel ca \u015fi <a href=\"https:\/\/roexit.info\/?p=1337\">Gonzalo Lira<\/a> care \u015fi el mai \u00eent\u00e2i a fost b\u0103tut, apoi arestat, apoi omor\u00e2t \u00een pu\u015fc\u0103rie \u00een chinuri numai de el \u015ftiute.<\/p>\n<p>Nasol e c\u0103 Daniel \u015fi fanii lui se vor lipsi de binecuv\u00e2ntarea acestui martir deoarece tot ce au putut s\u0103 fac\u0103 pentru el a fost s\u0103 \u00eei repro\u015feze c\u0103 nu calc\u0103 canoanele, schimb\u00e2ndu-\u015fi capul pe motive politice.<\/p>\n<p>Noi, cei extremi\u015fti, trebuie s\u0103 ne uit\u0103m la acest sf\u00e2nt cum se na\u015fte \u00een cer \u015fi cum prime\u015fte r\u0103stignirea de care singur ne-a anun\u0163at c\u0103 va veni. Vorbele PS Longhin, de\u015fi ajung la pu\u0163ini, sunt \u00een\u0163elese de \u0219i mai pu\u0163ini. Urm\u0103ri\u0163i predicile sfin\u0163iei sale \u00eenc\u0103 dinainte de r\u0103zboi, cum pas cu pas \u015fi-a preg\u0103tit turma pentru ce va urma, cum pas cum pas ne-a dezv\u0103luit crucea pe care o are de purtat el, ca un exemplu pentru noi, cei care vom fi nevoi\u021bi s\u0103 \u00eei urm\u0103m pe cale.<\/p>\n<p>PS: vezi \u015fi\u00a0<a href=\"https:\/\/chiazna.ro\/2024\/02\/flutur-luat-la-zeflemea-de-guvernatorul-cernautiului\/\">Flutur, luat la zeflemea de guvernatorul Cern\u0103u\u0163iului<\/a><\/p>\n","protected":false},"excerpt":{"rendered":"<p>Un articol publicat de G. Chiazna ini\u021bial pe Chiazna.ro Ciolacu, marele patriot ortodox moderat care nu e extremist, \u00eenc\u0103 tace \u015fi nu scoate o vorb\u0103 la prietenul s\u0103u Zelensky, s\u0103 nu mai terorizeze rom\u00e2nii din Ucraina. Ce s\u0103 mai zicem de Maia Sandu, prietena lui Zelensky, sau de Klaus Iohannis, prietenul ucrainienilor? Din p\u0103cate, PS [&hellip;]<\/p>\n","protected":false},"author":3,"featured_media":1546,"comment_status":"open","ping_status":"open","sticky":false,"template":"","format":"standard","meta":{"footnotes":""},"categories":[270,32,3,4],"tags":[1024,310,1078,196,173,1080,65,1076,130,144,1079,1075,1077,105,1082,1081,1083,99],"class_list":["post-1545","post","type-post","status-publish","format-standard","has-post-thumbnail","hentry","category-externe","category-opinii","category-religie","category-stil_de_viata","tag-biserica-ortodoxa-din-ucraina-boru","tag-chiazna-ro","tag-gheorghe-flutur","tag-gigel-chiazna","tag-gonzalo-lira","tag-ingerinta-politicului-in-biserica","tag-klaus-iohannis","tag-libertatea-religioasa-ucraina","tag-maia-sandu","tag-marcel-ciolacu","tag-martiriu","tag-minoritati-ucraina","tag-ps-longhin-jar","tag-razboi-ucraina","tag-sfinti-contemporani","tag-sfinti-crestini","tag-sfinti-in-viata","tag-volodimir-zelenski"],"yoast_head":"<!-- This site is optimized with the Yoast SEO plugin v24.4 - https:\/\/yoast.com\/wordpress\/plugins\/seo\/ -->\n<title>Na\u0219terea unui sf\u00e2nt. Opinia lui Chiazna - RoExit<\/title>\n<meta name=\"robots\" content=\"index, follow, max-snippet:-1, max-image-preview:large, max-video-preview:-1\" \/>\n<link rel=\"canonical\" href=\"https:\/\/roexit.info\/?p=1545\" \/>\n<meta property=\"og:locale\" content=\"ro_RO\" \/>\n<meta property=\"og:type\" content=\"article\" \/>\n<meta property=\"og:title\" content=\"Na\u0219terea unui sf\u00e2nt. Opinia lui Chiazna - RoExit\" \/>\n<meta property=\"og:description\" content=\"Un articol publicat de G. Chiazna ini\u021bial pe Chiazna.ro Ciolacu, marele patriot ortodox moderat care nu e extremist, \u00eenc\u0103 tace \u015fi nu scoate o vorb\u0103 la prietenul s\u0103u Zelensky, s\u0103 nu mai terorizeze rom\u00e2nii din Ucraina. Ce s\u0103 mai zicem de Maia Sandu, prietena lui Zelensky, sau de Klaus Iohannis, prietenul ucrainienilor? Din p\u0103cate, PS [&hellip;]\" \/>\n<meta property=\"og:url\" content=\"https:\/\/roexit.info\/?p=1545\" \/>\n<meta property=\"og:site_name\" content=\"RoExit\" \/>\n<meta property=\"article:published_time\" content=\"2024-02-10T20:19:02+00:00\" \/>\n<meta property=\"article:modified_time\" content=\"2025-10-21T15:45:22+00:00\" \/>\n<meta property=\"og:image\" content=\"https:\/\/roexit.info\/wp-content\/uploads\/2024\/02\/jar-mananci.png\" \/>\n\t<meta property=\"og:image:width\" content=\"564\" \/>\n\t<meta property=\"og:image:height\" content=\"638\" \/>\n\t<meta property=\"og:image:type\" content=\"image\/png\" \/>\n<meta name=\"author\" content=\"P\u00e2r\u0103u Vlad\" \/>\n<meta name=\"twitter:card\" content=\"summary_large_image\" \/>\n<meta name=\"twitter:label1\" content=\"Scris de\" \/>\n\t<meta name=\"twitter:data1\" content=\"P\u00e2r\u0103u Vlad\" \/>\n\t<meta name=\"twitter:label2\" content=\"Timp estimat pentru citire\" \/>\n\t<meta name=\"twitter:data2\" content=\"2 minute\" \/>\n<script type=\"application\/ld+json\" class=\"yoast-schema-graph\">{\"@context\":\"https:\/\/schema.org\",\"@graph\":[{\"@type\":\"Article\",\"@id\":\"https:\/\/roexit.info\/?p=1545#article\",\"isPartOf\":{\"@id\":\"https:\/\/roexit.info\/?p=1545\"},\"author\":{\"name\":\"P\u00e2r\u0103u Vlad\",\"@id\":\"https:\/\/roexit.info\/#\/schema\/person\/3822a7ccbd940791ab5628bbe51086c1\"},\"headline\":\"Na\u0219terea unui sf\u00e2nt. Opinia lui Chiazna\",\"datePublished\":\"2024-02-10T20:19:02+00:00\",\"dateModified\":\"2025-10-21T15:45:22+00:00\",\"mainEntityOfPage\":{\"@id\":\"https:\/\/roexit.info\/?p=1545\"},\"wordCount\":287,\"commentCount\":0,\"publisher\":{\"@id\":\"https:\/\/roexit.info\/#organization\"},\"image\":{\"@id\":\"https:\/\/roexit.info\/?p=1545#primaryimage\"},\"thumbnailUrl\":\"https:\/\/roexit.info\/wp-content\/uploads\/2024\/02\/jar-mananci.png\",\"keywords\":[\"Biserica Ortodox\u0103 din Ucraina - BORU\",\"chiazna.ro\",\"Gheorghe Flutur\",\"Gigel Chiazna\",\"Gonzalo Lira\",\"ingerin\u021ba politicului \u00een Biseric\u0103\",\"Klaus Iohannis\",\"libertatea religioas\u0103 ucraina\",\"Maia Sandu\",\"Marcel Ciolacu\",\"martiriu\",\"minorit\u0103\u021bi Ucraina\",\"PS Longhin Jar\",\"r\u0103zboi Ucraina\",\"sfin\u021bi contemporani\",\"sfin\u021bi cre\u0219tini\",\"sfin\u021bi \u00een via\u021b\u0103\",\"Volodimir Zelenski\"],\"articleSection\":[\"Externe\",\"Opinii\",\"Religie\",\"Via\u021ba \u00een secolul XXI\"],\"inLanguage\":\"ro-RO\",\"potentialAction\":[{\"@type\":\"CommentAction\",\"name\":\"Comment\",\"target\":[\"https:\/\/roexit.info\/?p=1545#respond\"]}]},{\"@type\":\"WebPage\",\"@id\":\"https:\/\/roexit.info\/?p=1545\",\"url\":\"https:\/\/roexit.info\/?p=1545\",\"name\":\"Na\u0219terea unui sf\u00e2nt. Opinia lui Chiazna - RoExit\",\"isPartOf\":{\"@id\":\"https:\/\/roexit.info\/#website\"},\"primaryImageOfPage\":{\"@id\":\"https:\/\/roexit.info\/?p=1545#primaryimage\"},\"image\":{\"@id\":\"https:\/\/roexit.info\/?p=1545#primaryimage\"},\"thumbnailUrl\":\"https:\/\/roexit.info\/wp-content\/uploads\/2024\/02\/jar-mananci.png\",\"datePublished\":\"2024-02-10T20:19:02+00:00\",\"dateModified\":\"2025-10-21T15:45:22+00:00\",\"breadcrumb\":{\"@id\":\"https:\/\/roexit.info\/?p=1545#breadcrumb\"},\"inLanguage\":\"ro-RO\",\"potentialAction\":[{\"@type\":\"ReadAction\",\"target\":[\"https:\/\/roexit.info\/?p=1545\"]}]},{\"@type\":\"ImageObject\",\"inLanguage\":\"ro-RO\",\"@id\":\"https:\/\/roexit.info\/?p=1545#primaryimage\",\"url\":\"https:\/\/roexit.info\/wp-content\/uploads\/2024\/02\/jar-mananci.png\",\"contentUrl\":\"https:\/\/roexit.info\/wp-content\/uploads\/2024\/02\/jar-mananci.png\",\"width\":564,\"height\":638},{\"@type\":\"BreadcrumbList\",\"@id\":\"https:\/\/roexit.info\/?p=1545#breadcrumb\",\"itemListElement\":[{\"@type\":\"ListItem\",\"position\":1,\"name\":\"Prima pagin\u0103\",\"item\":\"https:\/\/roexit.info\/\"},{\"@type\":\"ListItem\",\"position\":2,\"name\":\"Na\u0219terea unui sf\u00e2nt. Opinia lui Chiazna\"}]},{\"@type\":\"WebSite\",\"@id\":\"https:\/\/roexit.info\/#website\",\"url\":\"https:\/\/roexit.info\/\",\"name\":\"RoExit\",\"description\":\"UE la co\u0219ul de gunoi al istoriei\",\"publisher\":{\"@id\":\"https:\/\/roexit.info\/#organization\"},\"potentialAction\":[{\"@type\":\"SearchAction\",\"target\":{\"@type\":\"EntryPoint\",\"urlTemplate\":\"https:\/\/roexit.info\/?s={search_term_string}\"},\"query-input\":{\"@type\":\"PropertyValueSpecification\",\"valueRequired\":true,\"valueName\":\"search_term_string\"}}],\"inLanguage\":\"ro-RO\"},{\"@type\":\"Organization\",\"@id\":\"https:\/\/roexit.info\/#organization\",\"name\":\"RoExit\",\"url\":\"https:\/\/roexit.info\/\",\"logo\":{\"@type\":\"ImageObject\",\"inLanguage\":\"ro-RO\",\"@id\":\"https:\/\/roexit.info\/#\/schema\/logo\/image\/\",\"url\":\"https:\/\/roexit.info\/wp-content\/uploads\/2023\/12\/cropped-logo-vsrianta-2.jpeg\",\"contentUrl\":\"https:\/\/roexit.info\/wp-content\/uploads\/2023\/12\/cropped-logo-vsrianta-2.jpeg\",\"width\":358,\"height\":277,\"caption\":\"RoExit\"},\"image\":{\"@id\":\"https:\/\/roexit.info\/#\/schema\/logo\/image\/\"}},{\"@type\":\"Person\",\"@id\":\"https:\/\/roexit.info\/#\/schema\/person\/3822a7ccbd940791ab5628bbe51086c1\",\"name\":\"P\u00e2r\u0103u Vlad\",\"image\":{\"@type\":\"ImageObject\",\"inLanguage\":\"ro-RO\",\"@id\":\"https:\/\/roexit.info\/#\/schema\/person\/image\/\",\"url\":\"https:\/\/secure.gravatar.com\/avatar\/14aff8b17897b19faac02aca2a116530d9e5c8912df6512c1bf3efb45f65a5f7?s=96&d=mm&r=g\",\"contentUrl\":\"https:\/\/secure.gravatar.com\/avatar\/14aff8b17897b19faac02aca2a116530d9e5c8912df6512c1bf3efb45f65a5f7?s=96&d=mm&r=g\",\"caption\":\"P\u00e2r\u0103u Vlad\"},\"description\":\"Redactor\/Editor at ROexit.info Redactor at Cerul, codrul \u0219i p\u00e2r\u0103ul Studied at Universitatea Lucian Blaga Sibiu\",\"sameAs\":[\"http:\/\/roexit.info\"],\"url\":\"https:\/\/roexit.info\/?author=3\"}]}<\/script>\n<!-- \/ Yoast SEO plugin. -->","yoast_head_json":{"title":"Na\u0219terea unui sf\u00e2nt. Opinia lui Chiazna - RoExit","robots":{"index":"index","follow":"follow","max-snippet":"max-snippet:-1","max-image-preview":"max-image-preview:large","max-video-preview":"max-video-preview:-1"},"canonical":"https:\/\/roexit.info\/?p=1545","og_locale":"ro_RO","og_type":"article","og_title":"Na\u0219terea unui sf\u00e2nt. Opinia lui Chiazna - RoExit","og_description":"Un articol publicat de G. Chiazna ini\u021bial pe Chiazna.ro Ciolacu, marele patriot ortodox moderat care nu e extremist, \u00eenc\u0103 tace \u015fi nu scoate o vorb\u0103 la prietenul s\u0103u Zelensky, s\u0103 nu mai terorizeze rom\u00e2nii din Ucraina. Ce s\u0103 mai zicem de Maia Sandu, prietena lui Zelensky, sau de Klaus Iohannis, prietenul ucrainienilor? Din p\u0103cate, PS [&hellip;]","og_url":"https:\/\/roexit.info\/?p=1545","og_site_name":"RoExit","article_published_time":"2024-02-10T20:19:02+00:00","article_modified_time":"2025-10-21T15:45:22+00:00","og_image":[{"width":564,"height":638,"url":"https:\/\/roexit.info\/wp-content\/uploads\/2024\/02\/jar-mananci.png","type":"image\/png"}],"author":"P\u00e2r\u0103u Vlad","twitter_card":"summary_large_image","twitter_misc":{"Scris de":"P\u00e2r\u0103u Vlad","Timp estimat pentru citire":"2 minute"},"schema":{"@context":"https:\/\/schema.org","@graph":[{"@type":"Article","@id":"https:\/\/roexit.info\/?p=1545#article","isPartOf":{"@id":"https:\/\/roexit.info\/?p=1545"},"author":{"name":"P\u00e2r\u0103u Vlad","@id":"https:\/\/roexit.info\/#\/schema\/person\/3822a7ccbd940791ab5628bbe51086c1"},"headline":"Na\u0219terea unui sf\u00e2nt. Opinia lui Chiazna","datePublished":"2024-02-10T20:19:02+00:00","dateModified":"2025-10-21T15:45:22+00:00","mainEntityOfPage":{"@id":"https:\/\/roexit.info\/?p=1545"},"wordCount":287,"commentCount":0,"publisher":{"@id":"https:\/\/roexit.info\/#organization"},"image":{"@id":"https:\/\/roexit.info\/?p=1545#primaryimage"},"thumbnailUrl":"https:\/\/roexit.info\/wp-content\/uploads\/2024\/02\/jar-mananci.png","keywords":["Biserica Ortodox\u0103 din Ucraina - BORU","chiazna.ro","Gheorghe Flutur","Gigel Chiazna","Gonzalo Lira","ingerin\u021ba politicului \u00een Biseric\u0103","Klaus Iohannis","libertatea religioas\u0103 ucraina","Maia Sandu","Marcel Ciolacu","martiriu","minorit\u0103\u021bi Ucraina","PS Longhin Jar","r\u0103zboi Ucraina","sfin\u021bi contemporani","sfin\u021bi cre\u0219tini","sfin\u021bi \u00een via\u021b\u0103","Volodimir Zelenski"],"articleSection":["Externe","Opinii","Religie","Via\u021ba \u00een secolul XXI"],"inLanguage":"ro-RO","potentialAction":[{"@type":"CommentAction","name":"Comment","target":["https:\/\/roexit.info\/?p=1545#respond"]}]},{"@type":"WebPage","@id":"https:\/\/roexit.info\/?p=1545","url":"https:\/\/roexit.info\/?p=1545","name":"Na\u0219terea unui sf\u00e2nt. Opinia lui Chiazna - RoExit","isPartOf":{"@id":"https:\/\/roexit.info\/#website"},"primaryImageOfPage":{"@id":"https:\/\/roexit.info\/?p=1545#primaryimage"},"image":{"@id":"https:\/\/roexit.info\/?p=1545#primaryimage"},"thumbnailUrl":"https:\/\/roexit.info\/wp-content\/uploads\/2024\/02\/jar-mananci.png","datePublished":"2024-02-10T20:19:02+00:00","dateModified":"2025-10-21T15:45:22+00:00","breadcrumb":{"@id":"https:\/\/roexit.info\/?p=1545#breadcrumb"},"inLanguage":"ro-RO","potentialAction":[{"@type":"ReadAction","target":["https:\/\/roexit.info\/?p=1545"]}]},{"@type":"ImageObject","inLanguage":"ro-RO","@id":"https:\/\/roexit.info\/?p=1545#primaryimage","url":"https:\/\/roexit.info\/wp-content\/uploads\/2024\/02\/jar-mananci.png","contentUrl":"https:\/\/roexit.info\/wp-content\/uploads\/2024\/02\/jar-mananci.png","width":564,"height":638},{"@type":"BreadcrumbList","@id":"https:\/\/roexit.info\/?p=1545#breadcrumb","itemListElement":[{"@type":"ListItem","position":1,"name":"Prima pagin\u0103","item":"https:\/\/roexit.info\/"},{"@type":"ListItem","position":2,"name":"Na\u0219terea unui sf\u00e2nt. Opinia lui Chiazna"}]},{"@type":"WebSite","@id":"https:\/\/roexit.info\/#website","url":"https:\/\/roexit.info\/","name":"RoExit","description":"UE la co\u0219ul de gunoi al istoriei","publisher":{"@id":"https:\/\/roexit.info\/#organization"},"potentialAction":[{"@type":"SearchAction","target":{"@type":"EntryPoint","urlTemplate":"https:\/\/roexit.info\/?s={search_term_string}"},"query-input":{"@type":"PropertyValueSpecification","valueRequired":true,"valueName":"search_term_string"}}],"inLanguage":"ro-RO"},{"@type":"Organization","@id":"https:\/\/roexit.info\/#organization","name":"RoExit","url":"https:\/\/roexit.info\/","logo":{"@type":"ImageObject","inLanguage":"ro-RO","@id":"https:\/\/roexit.info\/#\/schema\/logo\/image\/","url":"https:\/\/roexit.info\/wp-content\/uploads\/2023\/12\/cropped-logo-vsrianta-2.jpeg","contentUrl":"https:\/\/roexit.info\/wp-content\/uploads\/2023\/12\/cropped-logo-vsrianta-2.jpeg","width":358,"height":277,"caption":"RoExit"},"image":{"@id":"https:\/\/roexit.info\/#\/schema\/logo\/image\/"}},{"@type":"Person","@id":"https:\/\/roexit.info\/#\/schema\/person\/3822a7ccbd940791ab5628bbe51086c1","name":"P\u00e2r\u0103u Vlad","image":{"@type":"ImageObject","inLanguage":"ro-RO","@id":"https:\/\/roexit.info\/#\/schema\/person\/image\/","url":"https:\/\/secure.gravatar.com\/avatar\/14aff8b17897b19faac02aca2a116530d9e5c8912df6512c1bf3efb45f65a5f7?s=96&d=mm&r=g","contentUrl":"https:\/\/secure.gravatar.com\/avatar\/14aff8b17897b19faac02aca2a116530d9e5c8912df6512c1bf3efb45f65a5f7?s=96&d=mm&r=g","caption":"P\u00e2r\u0103u Vlad"},"description":"Redactor\/Editor at ROexit.info Redactor at Cerul, codrul \u0219i p\u00e2r\u0103ul Studied at Universitatea Lucian Blaga Sibiu","sameAs":["http:\/\/roexit.info"],"url":"https:\/\/roexit.info\/?author=3"}]}},"_links":{"self":[{"href":"https:\/\/roexit.info\/index.php?rest_route=\/wp\/v2\/posts\/1545","targetHints":{"allow":["GET"]}}],"collection":[{"href":"https:\/\/roexit.info\/index.php?rest_route=\/wp\/v2\/posts"}],"about":[{"href":"https:\/\/roexit.info\/index.php?rest_route=\/wp\/v2\/types\/post"}],"author":[{"embeddable":true,"href":"https:\/\/roexit.info\/index.php?rest_route=\/wp\/v2\/users\/3"}],"replies":[{"embeddable":true,"href":"https:\/\/roexit.info\/index.php?rest_route=%2Fwp%2Fv2%2Fcomments&post=1545"}],"version-history":[{"count":1,"href":"https:\/\/roexit.info\/index.php?rest_route=\/wp\/v2\/posts\/1545\/revisions"}],"predecessor-version":[{"id":1547,"href":"https:\/\/roexit.info\/index.php?rest_route=\/wp\/v2\/posts\/1545\/revisions\/1547"}],"wp:featuredmedia":[{"embeddable":true,"href":"https:\/\/roexit.info\/index.php?rest_route=\/wp\/v2\/media\/1546"}],"wp:attachment":[{"href":"https:\/\/roexit.info\/index.php?rest_route=%2Fwp%2Fv2%2Fmedia&parent=1545"}],"wp:term":[{"taxonomy":"category","embeddable":true,"href":"https:\/\/roexit.info\/index.php?rest_route=%2Fwp%2Fv2%2Fcategories&post=1545"},{"taxonomy":"post_tag","embeddable":true,"href":"https:\/\/roexit.info\/index.php?rest_route=%2Fwp%2Fv2%2Ftags&post=1545"}],"curies":[{"name":"wp","href":"https:\/\/api.w.org\/{rel}","templated":true}]}}