{"id":1618,"date":"2024-02-22T21:13:33","date_gmt":"2024-02-22T21:13:33","guid":{"rendered":"https:\/\/roexit.info\/?p=1618"},"modified":"2025-10-21T15:45:55","modified_gmt":"2025-10-21T15:45:55","slug":"imposibilele-razboaie-ale-sua-opinia-lui-dan-diaconu","status":"publish","type":"post","link":"https:\/\/roexit.info\/?p=1618","title":{"rendered":"Imposibilele r\u0103zboaie ale SUA. Opinia lui Dan Diaconu"},"content":{"rendered":"<p><em>Un articol publicat de Dan Diaconu ini\u021bial pe <a href=\"https:\/\/trenduri.blogspot.com\/2024\/02\/imposibilele-razboaie-ale-sua.html\">trenduri.blogspot.com<\/a><\/em><\/p>\n<div>Sunt extrem de mul\u021bi oameni care nu \u00een\u021beleg despre ce e vorba \u00een lumea de azi \u0219i, de aceea, pic\u0103 victime ale r\u0103zboiului mediatic. N-a\u0219 fi insistat asupra subiectului, dar am observat semne de \u201einfectare mediatic\u0103\u201d inclusiv la cei care caut\u0103 s\u0103 \u00een\u021beleag\u0103 corect realitatea. De aceea, consider c\u0103 trebuie s\u0103 abord\u0103m subiectul c\u00e2t se poate de serios. A\u0219adar, ce pretind ei \u0219i ce este de fapt?<\/div>\n<p>S\u0103 o lu\u0103m cu \u00eenceputul, adic\u0103 s\u0103 vedem ce este de fapt la est de noi, \u00een Ucraina. SUA &#8211; \u0219i c\u00e2nd spun SUA se \u00een\u021belege nu numai statul, c\u00e2t \u0219i majoritatea cov\u00e2r\u0219itoare a mass mediei globale &#8211; sus\u021bine c\u0103 avem de-a face cu o agresiune a Rusiei, \u00eenceput\u0103 \u00eenc\u0103 de la preluarea Crimeei \u0219i continuat\u0103 \u00een momentul \u00eenceperii Opera\u021biunii Speciale. \u0218i, dac\u0103 suntem naivi, fix a\u0219a stau lucrurile. E c\u00e2t se poate de clar c\u0103 ru\u0219ii au intrat peste ucraineni \u00een Crimeea, nu-i a\u0219a? Ini\u021bial au fost solda\u021bi f\u0103r\u0103 \u00eensemne care au ocupat zonele strategice, dup\u0103 care s-a f\u0103cut un referendum \u00een care cet\u0103\u021benii Crimeei au votat pentru unirea cu Rusia. Dup\u0103 acela\u0219i model s-au f\u0103cut \u0219i celelalte uniri cu zonele rusofone din estul Ucrainei. E corect? Aparent da, doar am v\u0103zut to\u021bi evenimentele, sunt documentate.<\/p>\n<p>\u00cens\u0103, \u00een realitate este o privire str\u00e2mb\u0103. C\u00e2nd vorbim despre Crimeea ca despre o component\u0103 a Ucrainei, ar trebui s\u0103 \u00een\u021belegem cum a devenit aceast\u0103 peninsul\u0103 o component\u0103 a Ucrainei. Iar r\u0103spunsul \u00eel avem extrem de rapid: printr-un cadou f\u0103cut de ucraineanul Hru\u0219ciov pe vremea \u00een care era \u0219ef al Uniunii Sovietice. Dac\u0103 mai \u021binem bine minte, inclusiv Insula \u0218erpilor a ajuns \u00een componen\u021ba Ucrainei Sovietice sub forma unui cadou f\u0103cut \u201eoamenii de bine\u201d veni\u021bi pe tancurile sovietice la conducerea Rom\u00e2niei ocupate.<\/p>\n<p>Dar discu\u021bia este, \u00een realitate mult mai ad\u00e2nc\u0103 \u00eentruc\u00e2t nu trebuie s\u0103 vorbim dac\u0103 anumite teritorii apar\u021bin de drept sau nu Ucrainei, ci dac\u0103 Ucraina exist\u0103 cu adev\u0103rat. Din punct de vedere istoric, aceast\u0103 \u201e\u021bar\u0103\u201d a fost inventat\u0103 de nazi\u0219ti, \u00een vremea \u00een care i-au \u00eent\u0103r\u00e2tat pe localnici \u00eempotriva ru\u0219ilor dup\u0103 ce le infectaser\u0103 creierii cu ideologia lui Bandera. \u00cens\u0103, dac\u0103 e s\u0103 fim corec\u021bi, trebuie s\u0103 constat\u0103m c\u0103, de\u0219i nu exist\u0103 din punct de vedere istoric o \u021bar\u0103 cu numele Ucraina, exist\u0103 o mas\u0103 compact\u0103 de popula\u021bie av\u00e2nd caracteristici uniforme. Nimeni nu poate nega existen\u021ba ucrainenilor. Iar dac\u0103 exist\u0103 ucraineni, e c\u00e2t se poate de clar c\u0103 exist\u0103 \u0219i o Ucrain\u0103, adic\u0103 un teritoriu pe care ei \u00eel ocup\u0103. \u00centr-adev\u0103r, noi punem \u00een discu\u021bie teritoriul, dar nu trebuie s\u0103 uit\u0103m c\u0103 exist\u0103 un popor ucrainean care s-a \u00eentins \u00eentr-un anumit areal. Dar, la fel de bine trebuie s\u0103 \u00een\u021belegem \u0219i c\u0103 \u201e\u00eentinderea\u201d ucrainenilor nu s-a f\u0103cut prin metode ortodoxe, fiind ajuta\u021bi de politica bol\u0219evic\u0103. Un echilibru ne-ar spune c\u0103 zonele istorice care nu le apar\u021bin (gen nordul Bucovinei, Transcarpatia, sudul Basarabiei etc.) ar trebui s\u0103 dispar\u0103 din componen\u021ba Ucrainei. De asemenea, zonele \u00een care popula\u021bia lor nu e majoritar\u0103, a\u0219a cum sunt zonele intrate \u00een componen\u021ba Rusiei \u0219i care, de drept, au apar\u021binut Rusiei. Ceea ce r\u0103m\u00e2ne \u00een urma acestui proces putem spune c\u0103 este Ucraina.<\/p>\n<p>Doar c\u0103 &#8211; \u0219i-aici ve\u021bi r\u0103m\u00e2ne surprin\u0219i &#8211; r\u0103zboiul din Ucraina nu este despre asta! Oric\u00e2t ar p\u0103rea de \u0219ocant, ceea ce se \u00eent\u00e2mpl\u0103 acum acolo nu are leg\u0103tur\u0103 cu asta. Cu alte cuvinte, inclusiv retorica istoric\u0103 a lui Putin nu are de-a face cu adev\u0103rata problem\u0103 a conflictului din Ucraina. Nu despre asta e vorba acolo. Ceea ce nu recunosc americanii este c\u0103 agresiunea asupra Rusiei este o mi\u0219care programatic\u0103 de-a lor. Dup\u0103 ce au promis c\u0103 nu se vor mi\u0219ca \u201eniciun inch\u201d spre Est, americanii au uitat repede promisiunea \u0219i au \u00eenceput s\u0103 fac\u0103 extinderi cu toptanul ale NATO, ajung\u00e2nd p\u00e2n\u0103 aproape de Moscova. Invitarea Ucrainei de aderare la NATO a fost semnalul declan\u0219ator care a generat pentru ru\u0219i sentimentul c\u0103 \u00eencepe un nou \u201eR\u0103zboi Patriotic\u201d. Invazia SUA\/NATO asupra Rusiei are fix acelea\u0219i caracteristici pe care le-au avut invaziile lui Napoleon \u0219i Hitler. Actuala invazie fost instrumentat\u0103 dup\u0103 acelea\u0219i principii, chiar dac\u0103 a fost mascat\u0103 de un r\u0103zboi diplomatic abstract. \u00cens\u0103, ajun\u0219i \u00een acest punct vom constata cu stupoare c\u0103 nici m\u0103car aici nu ne apropiem de adev\u0103r deoarece r\u0103zboiul din Ucraina are un alt vector generator.<\/p>\n<p>Este vorba, \u00een esen\u021b\u0103, de o problem\u0103 mult mai larg\u0103, anume despre securitatea Continentului European. Aceasta vine \u00eenc\u0103 de la c\u0103derea Cortinei de Fier, moment \u00een care politicienii europeni \u0219i-au pus o problem\u0103 c\u00e2t se poate de practic\u0103: dac\u0103 a c\u0103zut Cortina de Fier, ce sens mai are prezen\u021ba militar\u0103 a SUA \u00een Europa? Prezen\u021ba american\u0103 este un efect al \u00een\u021belegerilor de dup\u0103 R\u0103zboiul II Mondial, atunci c\u00e2nd URSS amenin\u021ba Europa. Odat\u0103 cu \u00een\u021belegerea ruso-american\u0103 \u0219i picajul URSS, r\u0103m\u00e2nerea SUA \u00een paradigma ocupa\u021biei Europei nu mai are sens. Cei mai vocali au fost italienii \u0219i, \u00eentruc\u00e2t au fluierat \u00een biseric\u0103, \u00eentreaga clas\u0103 politic\u0103 a fost distrus\u0103 prin trecerea prin furcile caudine ale unei justi\u021bii str\u00e2mbe, manipulate de SUA prin intermediul opera\u021biunii \u201eMani Pulite\u201d. Paia\u021ba Antonio Di Pietro a fost unealta perfect\u0103 aleas\u0103 de americani pentru a dinamita \u00eentreaga elit\u0103 politic\u0103 italian\u0103. \u00cens\u0103, problema ocupa\u021biei americane ilegale a r\u0103mas \u00een continuare \u00een con\u0219tiin\u021ba europenilor, asta chiar dac\u0103 fraierii din Est au \u00eembr\u0103\u021bi\u0219at-o ira\u021bional. At\u00e2ta timp c\u00e2t este pace, orice om \u00eentreg la cap se \u00eentreab\u0103 ce sens mai are prezen\u021ba cazarmelor americane. Iar asta e \u00eentrebarea pe care americanii nu vor s\u0103 o aud\u0103. \u00cen\u021belege\u021bi acum de ce am avut \u00eentreaga \u00eencreng\u0103tur\u0103 a extinderii NATO sf\u00e2r\u0219it\u0103 acum cu conflictul din Ucraina? Presupun\u00e2nd c\u0103 Rusia va fi \u00eenfr\u00e2nt\u0103 \u00een acest conflict, ceea ce trebuie s\u0103 \u00een\u021belege\u021bi este c\u0103 problema expus\u0103 nu dispare, deoarece ilegala ocupa\u021bie european\u0103 de c\u0103tre SUA este de fapt adev\u0103ratul diavol ascuns \u00een detalii. Astfel, conflictul actual are strict rolul s\u0103u \u00een a men\u021bine starea de ocupa\u021bie a B\u0103tr\u00e2nului Continent deoarece, iat\u0103, acum exist\u0103 o justificare: \u201e<i>Rusia care vrea s\u0103 atace valorile occidentale<\/i>\u201d. Pute\u021bi lesne \u00een\u021belege de ce acum, c\u00e2nd situa\u021bia din Ucraina se deterioreaz\u0103, cozile de topor instalate de SUA la conducerea statelor europene url\u0103 ca din gur\u0103 de \u0219arpe c\u0103 \u201e<i>Rusia urmeaz\u0103 s\u0103 atace o \u021bar\u0103 NATO<\/i>\u201d.<\/p>\n<p>Orice om cu capul pe umeri \u00een\u021belege c\u0103 Rusia nu are chef de r\u0103zboi, dar e nevoit\u0103 s\u0103-l duc\u0103. De asemenea, trebuie \u00een\u021beles c\u0103 un astfel de conflict poate degenera u\u0219or \u00eentr-unul de propor\u021bii. Americanii spun c\u0103 vor s\u0103 dea Ucrainei rachete cu raz\u0103 lung\u0103 de ac\u021biune. Aceste rachete pot \u021binti diverse obiective strategice ruse\u0219ti, pe modelul <a href=\"https:\/\/cerulcodrulsiparaul.ro\/2024\/02\/15\/armata-ucraineana-ar-fi-scufundat-inca-o-nava-rusa-de-razboi-vasul-caesar-kunikov\/\">\u021bintirii navelor ruse\u0219ti din Marea Neagr\u0103<\/a> cu ajutorul nemijlocit al NATO. Problema e c\u0103 asemenea atacuri pot deveni de netolerat, iar atunci Rusia va fi nevoit\u0103 s\u0103 riposteze. Cum? Nici nu vreau s\u0103 m\u0103 g\u00e2ndesc deoarece, \u00een astfel de cazuri, victima aleas\u0103 e \u201e\u0103l mai prost din ga\u0219ca advers\u0103\u201d, pentru a se pune \u00een practic\u0103 zicala \u201e<i>bate \u0219aua ca s\u0103 priceap\u0103 iapa<\/i>\u201d.<\/p>\n<p>\u0218i uite-a\u0219a \u00een\u021belegem de fapt c\u0103 ceea ce se \u00eent\u00e2mpl\u0103 acum \u00een Ucraina este un r\u0103zboi imposibil. SUA trebuie s\u0103 men\u021bin\u0103 un anumit echilibru pentru a nu face ca situa\u021bia s\u0103 degenereze, \u00een condi\u021biile \u00een care interesul s\u0103u e acela de a continua ostilit\u0103\u021bile deoarece acestea \u00eei justific\u0103 prezen\u021ba \u00een Europa \u0219i, automat, opera\u021biunile de s\u0103r\u0103cire prin c\u0103pu\u0219are a europenilor. Pe de alt\u0103 parte, \u00een ciuda acestui echilibru, nu trebuie s\u0103 uit\u0103m c\u0103 <strong>deja Ucraina are peste 1 milion de mor\u021bi \u0219i mult mai multe milioane de r\u0103ni\u021bi.<\/strong> \u0218tiu, cifrele vi se par halucinante, dar asta e realitatea. De ce crede\u021bi c\u0103 o \u021bar\u0103 de peste 36 milioane de oameni nu mai g\u0103se\u0219te oameni de \u00eenrolat?<i>(*)<\/i>\u00a0<strong>Men\u021binerea r\u0103zboiului presupune ca ma\u0219ina de tocat carne s\u0103 func\u021bioneze,<\/strong> iar Ucraina nu prea mai are carne de pus la b\u0103taie. Zelenskyi nu prea se mai afl\u0103 la butoane, doar are impresia c\u0103 e \u00een control, probabil atunci c\u00e2nd e \u00een sevraj. Nemul\u021bumirile de la baza societ\u0103\u021bii sunt din ce \u00een ce mai mari \u0219i din ce \u00een ce mai pe fa\u021b\u0103, \u00een ciuda legii mar\u021biale. Iar men\u021binerea ordinii &#8211; inclusiv \u00een interiorul armatei &#8211; devine tot mai problematic\u0103 de la o zi la alta.<\/p>\n<p>Dup\u0103 ce am \u00een\u021beles care-i treaba \u00een Ucraina, e timpul s\u0103 trecem la cel\u0103lalt conflict al SUA, anume cel din Orient, mai precis din Israel. Poate vi se pare ciudat c\u0103-i spun r\u0103zboiul SUA deoarece \u0219i acolo Israelul este combatantul, nu SUA. A\u021bi constatat probabil c\u0103, la \u00eenceputul conflictului, SUA a deplasat o capacitate imens\u0103 de r\u0103zboi acolo. De ce? Pentru a se asigura c\u0103 pupilul s\u0103u din Orientul Mijlociu \u00ee\u0219i poate asigura victoria. Dar s\u0103 nu s\u0103rim prea mult, ci s-o lu\u0103m cu \u00eenceputul. Ca \u0219i \u00een Ucraina, conflictul este generat de \u201eceilal\u021bi\u201d. Mai multe unit\u0103\u021bi ale Hamas au atacat cet\u0103\u021beni simpli israelieni, omor\u00e2ndu-i \u0219i lu\u00e2nd mai mul\u021bi ostatici. Pentru asta, \u201efuria Israelului\u201d s-a declan\u0219at \u00eentr-o opera\u021biune militar\u0103 la scar\u0103 extins\u0103, care a avut ca efect nivelarea \u00eentregii zone Gaza. Ultimul bastion, Rafah (\u00een care de fapt sunt doar civili), se preg\u0103te\u0219te de nivelare.<\/p>\n<p>Aparent, opera\u021biunea Israelului e justificat\u0103 de terorismul unit\u0103\u021bilor Hamas, doar c\u0103 \u00eentreaga retoric\u0103 e str\u00e2mb\u0103. \u00cen primul r\u00e2nd, trebuie s\u0103 subliniem c\u0103 majoritatea cov\u00e2r\u0219itoare a oamenilor simpli care tr\u0103iesc \u00een Gaza nu au de-a face cu Hamas. Dup\u0103 orice standarde, opera\u021biunile Israelului acolo nu sunt dec\u00e2t acoperiri pentru un genocid la scar\u0103 larg\u0103, care se face la lumina zilei. De fapt nu terorismul este problema, ci dorin\u021ba elitei israeliene de a efectua o ultim\u0103 epurare etnic\u0103 astfel \u00eenc\u00e2t s\u0103 elimine popula\u021bia musulman\u0103 din teritoriul actualului Israel. Iar violen\u021bele etnice continu\u0103. Pu\u021bini \u0219tiu c\u0103 acum s-au impus restric\u021bii de acces \u00een moscheea Al-Aqsa, st\u00e2rnindu-se furia popula\u021biei musulmane.<\/p>\n<p>Uite a\u0219a \u00een\u021belegem un element c\u00e2t se poate de clar, anume c\u0103 actuala stare de fapt din Israel nu este cauzat\u0103 de \u201eatacul terorist\u201d, ci adev\u0103rul mult mai incomod conform c\u0103ruia atacul terorist al Hamas e o rezultant\u0103 a politicii de apartheid dus\u0103 de statul israelian, de ignorare a drepturilor popula\u021biei locale \u0219i, de ce nu, de purificare etnic\u0103. E micul mare secret care e trecut sub t\u0103cere.<\/p>\n<p>\u00cen subsidiar, \u00eens\u0103, Israelul este doar v\u00e2rful aisbergului, deoarece grosul problemei este tot cea a interesului american \u00een zon\u0103. Bazele militare americane care au \u00eemp\u00e2nzit ilegal Orientul Mijlociu sunt un fel de garan\u021bie c\u0103 \u00een zon\u0103 se va face politica dictat\u0103 de la Washington. Iar Israelul este cea mai mare baz\u0103 militar\u0103 american\u0103 de-acolo.<\/p>\n<p>Doar c\u0103 \u0219i aici se ajunge la un r\u0103zboi imposibil deoarece SUA deja d\u0103 semne de oboseal\u0103. Ie\u0219irea la iveal\u0103 a originilor americano-israeliene ale multor organiza\u021bii considerate teroriste astfel are un efect de limpezire a situa\u021biei. Faptul c\u0103 Isis \u00ee\u0219i are originile la CIA \u0219i c\u0103 Hamas a fost \u00eenarmat \u0219i antrenat de Israel pe vremea \u00een care lupta \u00eempotriva lui Bashar al Assad sunt adev\u0103ruri deranjante. A\u0219a cum Osama bin Laden s-a \u00eentors \u00eempotriva inventatorilor s\u0103i, la fel fac \u0219i celelalte fac\u021biuni teroriste inventate de SUA sau de alte for\u021be: sf\u00e2r\u0219esc prin a se \u00eentoarce \u00eempotriva creatorilor lor. E \u00een firea lucrurilor s\u0103 se \u00eent\u00e2mple a\u0219a.<\/p>\n<p>De aceea nu trebuie s\u0103 ne mire atacurile asupra bazelor americane din Orientul Mijlociu. La fel cum nu trebuie s\u0103 ne mire modul \u00een care buturuga mic\u0103, adic\u0103 yemeni\u021bii, sunt pe cale s\u0103 r\u0103stoarne carul mare american. Culmea, aceast\u0103 buturug\u0103 mic\u0103 este cea care transform\u0103 inclusiv r\u0103zboiul din Orient \u00eentr-unul imposibil pentru SUA. \u0218i, la fel ca-n Ucraina, <strong>marea \u00eentrebare pe care \u0219i-o pun to\u021bi pe fa\u021b\u0103 este ce anume caut\u0103 SUA acolo. Chiar dac\u0103, peste noapte, conflictele s-ar \u00eenghe\u021ba, prezen\u021ba SUA \u00een zon\u0103 sub forma \u201eocupantului strategic\u201d tot r\u0103m\u00e2ne.\u00a0<\/strong><\/p>\n<p>\u00cen ceea ce prive\u0219te Taiwanul treburile sunt mai mult dec\u00e2t limpezi. SUA a agravat situa\u021bia de acolo deoarece a pus batista pe angajamentul \u201eO singur\u0103 Chin\u0103\u201d. E logic\u0103 enervarea chinezilor, la fel cum e logic s\u0103 caute s\u0103 dea lovitura de gra\u021bie. Momentan, chinezii nu ies la lupt\u0103, ci au dat drumul lozincii \u201e<i>Taiwan &#8211; teritoriu chinezesc aflat pe moment sub ocupa\u021bie american\u0103<\/i>\u201d. Poate p\u0103rea pu\u021bin lucru, doar c\u0103 \u00een cultura chinez\u0103 asta echivaleaz\u0103 cu o declara\u021bie de r\u0103zboi. Spre deosebire de ru\u0219i, care se lupt\u0103 cu proxy-ul ucrainean, sau de arabi \u0219i persani, care sunt \u00eempin\u0219i s\u0103 se lupte cu proxy-ul israelian, chinezii au refuzat lupta prin proxy; lozinca ne spune c\u0103 au declarat, de facto, un r\u0103zboi SUA. Iar abia de aici \u00een\u021belegem c\u0103 r\u0103zboiul care mocne\u0219te pornind de la Taiwan e unul de-a dreptul imposibil pentru SUA deoarece, \u00eentr-o confruntare direct\u0103 cu China, yankeii pierd. La fel cum pierd \u0219i \u00eentr-o confruntare direct\u0103 cu Rusia (de fapt acolo pierde toat\u0103 lumea). Iar <strong>marea problem\u0103 nu este c\u0103 ar intra sau nu chinezii peste taiwanezi, ci ce anume caut\u0103 SUA acolo!<\/strong><\/p>\n<p>Ceea ce pute\u021bi remarca este o stare extrem de interesant\u0103: pentru a-\u0219i rezolva gravele probleme interne \u0219i interna\u021bionale, SUA a generat o serie de crize regionale ca s\u0103-\u0219i ascund\u0103 vina de a fi cea mai important\u0103 parte a problemei, dac\u0103 nu cumva \u00eentreaga problem\u0103. Indiferent dac\u0103 aceste conflicte se vor termina \u00een favoarea SUA, problema principal\u0103, anume <strong>starea de ocupa\u021bie exercitat\u0103 absolut f\u0103r\u0103 nici un drept de c\u0103tre SUA, r\u0103m\u00e2ne \u0219i devine din ce \u00een ce mai sup\u0103r\u0103toare pentru toat\u0103 lumea.<\/strong> Dac\u0103, \u00eens\u0103, se vor \u00eencheia cu victoria celorlal\u021bi, s-ar putea ca ocupa\u021bia american\u0103 s\u0103 sl\u0103beasc\u0103 \u00eentr-un asemenea hal \u00eenc\u00e2t s\u0103 fie nevoi\u021bi s\u0103 p\u0103r\u0103seasc\u0103 o mare parte din teritorii. Ceea ce va avea un efect benefic.<\/p>\n<p>Implicarea SUA \u00een toate aceste conflicte imposibile este de fapt ultimul zv\u00e2cnet al balaurului \u00eenainte de a-\u0219i da sufletul. Cu toate c\u0103 pare a-\u0219i fi aranjat perfect apele \u00eentruc\u00e2t peste tot pe unde are interese \u00een lume au a\u0219ezat la butoane doar paia\u021be de-ale lor, surprizele nu vor \u00eent\u00e2rzia s\u0103 apar\u0103. Fracturile imperiului sunt mai vizibile ca oric\u00e2nd, iar r\u0103zboaiele imposibile pe care le-a generat pentru a-\u0219i men\u021bine statusul se vor dovedi dinamite pe care \u0219i le-a pus voluntar sub fund.<\/p>\n<p><i>________<\/i><\/p>\n<p><i>(*) Un calcul sumar: Ucraina are 36 de milioane de oameni, vreo 7 milioane au plecat, iar jum\u0103tate sunt femei. Ne r\u0103m\u00e2n astfel 14,5 milioane de b\u0103rba\u021bi. Dintre ace\u0219tia, aproximativ 60% sunt \u00een segmentul de v\u00e2rst\u0103 18-60 de ani, ceea ce \u00eenseamn\u0103 c\u0103 avem o baz\u0103 de 8.7 milioane de b\u0103rba\u021bi \u00eencorporabili (dup\u0103 actuala decizie de \u00eencorporare). Sc\u0103dem aproximativ 1 milion, cam c\u00e2t \u00eenseamn\u0103 aparatul guvernamental \u0219i pilele, ajung\u00e2nd astfel la 7.7 milioane de oameni. Este absolut ilogic s\u0103 ai probleme de \u00eencorporare cu o asemenea baz\u0103, de aceea devine c\u00e2t se poate de clar c\u0103 num\u0103rul mor\u021bilor \u0219i r\u0103ni\u021bilor este, \u00een realitate, imens! Probabil la sf\u00e2r\u0219itul r\u0103zboiului vom avea realitatea cr\u00e2ncen\u0103 \u00een fa\u021ba ochilor. Dac\u0103, \u00eens\u0103, consider\u0103m num\u0103rul de mor\u021bi ucraineni de 1 milion (vehiculat de anumite medii), aplic\u00e2ndu-i rata de r\u0103ni\u021bi vs mor\u021bi de 7.5 (cam c\u00e2t e \u00eentr-u n r\u0103zboi de tipul celui din Ucraina) ajungem la o cifr\u0103 de 7.5 milioane de r\u0103ni\u021bi, adic\u0103 cifra de oameni recrutabili. Asta \u00eenseamn\u0103 c\u0103 <strong>Ucraina, de fapt, nu mai are nici o rezerv\u0103 de oameni buni de recrutat !<\/strong><\/i><\/p>\n","protected":false},"excerpt":{"rendered":"<p>Un articol publicat de Dan Diaconu ini\u021bial pe trenduri.blogspot.com Sunt extrem de mul\u021bi oameni care nu \u00een\u021beleg despre ce e vorba \u00een lumea de azi \u0219i, de aceea, pic\u0103 victime ale r\u0103zboiului mediatic. N-a\u0219 fi insistat asupra subiectului, dar am observat semne de \u201einfectare mediatic\u0103\u201d inclusiv la cei care caut\u0103 s\u0103 \u00een\u021beleag\u0103 corect realitatea. De [&hellip;]<\/p>\n","protected":false},"author":3,"featured_media":1619,"comment_status":"open","ping_status":"open","sticky":false,"template":"","format":"standard","meta":{"footnotes":""},"categories":[270,32,4],"tags":[1086,677,302,219,419,1261,1257,1255,1254,1243,926,827,1250,1258,1248,21,1242,1245,830,1260,1241,1252,239,1253,967,713,1247,105,1249,1244,102,704,821,1256,1246,420,104,216,214,99,834],"class_list":["post-1618","post","type-post","status-publish","format-standard","has-post-thumbnail","hentry","category-externe","category-opinii","category-stil_de_viata","tag-bucovina-de-nord","tag-china","tag-cia","tag-crimeea","tag-dan-diaconu","tag-declaratie-de-razboi","tag-epurare-etnica","tag-genocid","tag-hamas","tag-insula-serpilor","tag-isis","tag-legea-martiala","tag-mani-pulite","tag-moscheea-al-aqsa","tag-napoleon","tag-nato","tag-nichita-hrusciov","tag-nordul-basarabiei-hotin","tag-orientul-mijlociu","tag-osama-bin-laden","tag-razboaie","tag-razboi-federatia-rusa-nato","tag-razboi-informational","tag-razboi-israel-fasia-gaza","tag-razboi-proxy","tag-razboi-sua-china","tag-razboi-sua-rusia","tag-razboi-ucraina","tag-securitatea-continentului-european","tag-stepan-bandera","tag-sua","tag-sudul-basarabiei","tag-taiwan","tag-terorism","tag-transcarpatia","tag-trenduri-economice","tag-ucraina","tag-urss","tag-vladimir-putin","tag-volodimir-zelenski","tag-yemen"],"yoast_head":"<!-- This site is optimized with the Yoast SEO plugin v24.4 - https:\/\/yoast.com\/wordpress\/plugins\/seo\/ -->\n<title>Imposibilele r\u0103zboaie ale SUA. Opinia lui Dan Diaconu - RoExit<\/title>\n<meta name=\"robots\" content=\"index, follow, max-snippet:-1, max-image-preview:large, max-video-preview:-1\" \/>\n<link rel=\"canonical\" href=\"https:\/\/roexit.info\/?p=1618\" \/>\n<meta property=\"og:locale\" content=\"ro_RO\" \/>\n<meta property=\"og:type\" content=\"article\" \/>\n<meta property=\"og:title\" content=\"Imposibilele r\u0103zboaie ale SUA. Opinia lui Dan Diaconu - RoExit\" \/>\n<meta property=\"og:description\" content=\"Un articol publicat de Dan Diaconu ini\u021bial pe trenduri.blogspot.com Sunt extrem de mul\u021bi oameni care nu \u00een\u021beleg despre ce e vorba \u00een lumea de azi \u0219i, de aceea, pic\u0103 victime ale r\u0103zboiului mediatic. N-a\u0219 fi insistat asupra subiectului, dar am observat semne de \u201einfectare mediatic\u0103\u201d inclusiv la cei care caut\u0103 s\u0103 \u00een\u021beleag\u0103 corect realitatea. De [&hellip;]\" \/>\n<meta property=\"og:url\" content=\"https:\/\/roexit.info\/?p=1618\" \/>\n<meta property=\"og:site_name\" content=\"RoExit\" \/>\n<meta property=\"article:published_time\" content=\"2024-02-22T21:13:33+00:00\" \/>\n<meta property=\"article:modified_time\" content=\"2025-10-21T15:45:55+00:00\" \/>\n<meta property=\"og:image\" content=\"https:\/\/roexit.info\/wp-content\/uploads\/2024\/02\/razboaie.jpg\" \/>\n\t<meta property=\"og:image:width\" content=\"1600\" \/>\n\t<meta property=\"og:image:height\" content=\"1091\" \/>\n\t<meta property=\"og:image:type\" content=\"image\/jpeg\" \/>\n<meta name=\"author\" content=\"P\u00e2r\u0103u Vlad\" \/>\n<meta name=\"twitter:card\" content=\"summary_large_image\" \/>\n<meta name=\"twitter:label1\" content=\"Scris de\" \/>\n\t<meta name=\"twitter:data1\" content=\"P\u00e2r\u0103u Vlad\" \/>\n\t<meta name=\"twitter:label2\" content=\"Timp estimat pentru citire\" \/>\n\t<meta name=\"twitter:data2\" content=\"14 minute\" \/>\n<script type=\"application\/ld+json\" class=\"yoast-schema-graph\">{\"@context\":\"https:\/\/schema.org\",\"@graph\":[{\"@type\":\"Article\",\"@id\":\"https:\/\/roexit.info\/?p=1618#article\",\"isPartOf\":{\"@id\":\"https:\/\/roexit.info\/?p=1618\"},\"author\":{\"name\":\"P\u00e2r\u0103u Vlad\",\"@id\":\"https:\/\/roexit.info\/#\/schema\/person\/3822a7ccbd940791ab5628bbe51086c1\"},\"headline\":\"Imposibilele r\u0103zboaie ale SUA. Opinia lui Dan Diaconu\",\"datePublished\":\"2024-02-22T21:13:33+00:00\",\"dateModified\":\"2025-10-21T15:45:55+00:00\",\"mainEntityOfPage\":{\"@id\":\"https:\/\/roexit.info\/?p=1618\"},\"wordCount\":2801,\"commentCount\":0,\"publisher\":{\"@id\":\"https:\/\/roexit.info\/#organization\"},\"image\":{\"@id\":\"https:\/\/roexit.info\/?p=1618#primaryimage\"},\"thumbnailUrl\":\"https:\/\/roexit.info\/wp-content\/uploads\/2024\/02\/razboaie.jpg\",\"keywords\":[\"Bucovina de Nord\",\"China\",\"CIA\",\"Crimeea\",\"Dan Diaconu\",\"declara\u021bie de r\u0103zboi\",\"epurare etnic\u0103\",\"genocid\",\"Hamas\",\"Insula \u0218erpilor\",\"ISIS\",\"legea mar\u021bial\u0103\",\"Mani Pulite\",\"moscheea Al-Aqsa\",\"Napoleon\",\"NATO\",\"Nichita Hru\u0219ciov\",\"nordul Basarabiei Hotin\",\"Orientul Mijlociu\",\"Osama bin Laden\",\"r\u0103zboaie\",\"r\u0103zboi Federa\u021bia Rus\u0103 - NATO\",\"r\u0103zboi informa\u021bional\",\"r\u0103zboi Israel - F\u00e2\u0219ia Gaza\",\"r\u0103zboi proxy\",\"r\u0103zboi SUA - China\",\"r\u0103zboi SUA - Rusia\",\"r\u0103zboi Ucraina\",\"securitatea Continentului European\",\"Stepan Bandera\",\"SUA\",\"sudul Basarabiei\",\"Taiwan\",\"terorism\",\"Transcarpatia\",\"Trenduri Economice\",\"Ucraina\",\"URSS\",\"Vladimir Putin\",\"Volodimir Zelenski\",\"Yemen\"],\"articleSection\":[\"Externe\",\"Opinii\",\"Via\u021ba \u00een secolul XXI\"],\"inLanguage\":\"ro-RO\",\"potentialAction\":[{\"@type\":\"CommentAction\",\"name\":\"Comment\",\"target\":[\"https:\/\/roexit.info\/?p=1618#respond\"]}]},{\"@type\":\"WebPage\",\"@id\":\"https:\/\/roexit.info\/?p=1618\",\"url\":\"https:\/\/roexit.info\/?p=1618\",\"name\":\"Imposibilele r\u0103zboaie ale SUA. Opinia lui Dan Diaconu - RoExit\",\"isPartOf\":{\"@id\":\"https:\/\/roexit.info\/#website\"},\"primaryImageOfPage\":{\"@id\":\"https:\/\/roexit.info\/?p=1618#primaryimage\"},\"image\":{\"@id\":\"https:\/\/roexit.info\/?p=1618#primaryimage\"},\"thumbnailUrl\":\"https:\/\/roexit.info\/wp-content\/uploads\/2024\/02\/razboaie.jpg\",\"datePublished\":\"2024-02-22T21:13:33+00:00\",\"dateModified\":\"2025-10-21T15:45:55+00:00\",\"breadcrumb\":{\"@id\":\"https:\/\/roexit.info\/?p=1618#breadcrumb\"},\"inLanguage\":\"ro-RO\",\"potentialAction\":[{\"@type\":\"ReadAction\",\"target\":[\"https:\/\/roexit.info\/?p=1618\"]}]},{\"@type\":\"ImageObject\",\"inLanguage\":\"ro-RO\",\"@id\":\"https:\/\/roexit.info\/?p=1618#primaryimage\",\"url\":\"https:\/\/roexit.info\/wp-content\/uploads\/2024\/02\/razboaie.jpg\",\"contentUrl\":\"https:\/\/roexit.info\/wp-content\/uploads\/2024\/02\/razboaie.jpg\",\"width\":1600,\"height\":1091},{\"@type\":\"BreadcrumbList\",\"@id\":\"https:\/\/roexit.info\/?p=1618#breadcrumb\",\"itemListElement\":[{\"@type\":\"ListItem\",\"position\":1,\"name\":\"Prima pagin\u0103\",\"item\":\"https:\/\/roexit.info\/\"},{\"@type\":\"ListItem\",\"position\":2,\"name\":\"Imposibilele r\u0103zboaie ale SUA. Opinia lui Dan Diaconu\"}]},{\"@type\":\"WebSite\",\"@id\":\"https:\/\/roexit.info\/#website\",\"url\":\"https:\/\/roexit.info\/\",\"name\":\"RoExit\",\"description\":\"UE la co\u0219ul de gunoi al istoriei\",\"publisher\":{\"@id\":\"https:\/\/roexit.info\/#organization\"},\"potentialAction\":[{\"@type\":\"SearchAction\",\"target\":{\"@type\":\"EntryPoint\",\"urlTemplate\":\"https:\/\/roexit.info\/?s={search_term_string}\"},\"query-input\":{\"@type\":\"PropertyValueSpecification\",\"valueRequired\":true,\"valueName\":\"search_term_string\"}}],\"inLanguage\":\"ro-RO\"},{\"@type\":\"Organization\",\"@id\":\"https:\/\/roexit.info\/#organization\",\"name\":\"RoExit\",\"url\":\"https:\/\/roexit.info\/\",\"logo\":{\"@type\":\"ImageObject\",\"inLanguage\":\"ro-RO\",\"@id\":\"https:\/\/roexit.info\/#\/schema\/logo\/image\/\",\"url\":\"https:\/\/roexit.info\/wp-content\/uploads\/2023\/12\/cropped-logo-vsrianta-2.jpeg\",\"contentUrl\":\"https:\/\/roexit.info\/wp-content\/uploads\/2023\/12\/cropped-logo-vsrianta-2.jpeg\",\"width\":358,\"height\":277,\"caption\":\"RoExit\"},\"image\":{\"@id\":\"https:\/\/roexit.info\/#\/schema\/logo\/image\/\"}},{\"@type\":\"Person\",\"@id\":\"https:\/\/roexit.info\/#\/schema\/person\/3822a7ccbd940791ab5628bbe51086c1\",\"name\":\"P\u00e2r\u0103u Vlad\",\"image\":{\"@type\":\"ImageObject\",\"inLanguage\":\"ro-RO\",\"@id\":\"https:\/\/roexit.info\/#\/schema\/person\/image\/\",\"url\":\"https:\/\/secure.gravatar.com\/avatar\/14aff8b17897b19faac02aca2a116530d9e5c8912df6512c1bf3efb45f65a5f7?s=96&d=mm&r=g\",\"contentUrl\":\"https:\/\/secure.gravatar.com\/avatar\/14aff8b17897b19faac02aca2a116530d9e5c8912df6512c1bf3efb45f65a5f7?s=96&d=mm&r=g\",\"caption\":\"P\u00e2r\u0103u Vlad\"},\"description\":\"Redactor\/Editor at ROexit.info Redactor at Cerul, codrul \u0219i p\u00e2r\u0103ul Studied at Universitatea Lucian Blaga Sibiu\",\"sameAs\":[\"http:\/\/roexit.info\"],\"url\":\"https:\/\/roexit.info\/?author=3\"}]}<\/script>\n<!-- \/ Yoast SEO plugin. -->","yoast_head_json":{"title":"Imposibilele r\u0103zboaie ale SUA. Opinia lui Dan Diaconu - RoExit","robots":{"index":"index","follow":"follow","max-snippet":"max-snippet:-1","max-image-preview":"max-image-preview:large","max-video-preview":"max-video-preview:-1"},"canonical":"https:\/\/roexit.info\/?p=1618","og_locale":"ro_RO","og_type":"article","og_title":"Imposibilele r\u0103zboaie ale SUA. Opinia lui Dan Diaconu - RoExit","og_description":"Un articol publicat de Dan Diaconu ini\u021bial pe trenduri.blogspot.com Sunt extrem de mul\u021bi oameni care nu \u00een\u021beleg despre ce e vorba \u00een lumea de azi \u0219i, de aceea, pic\u0103 victime ale r\u0103zboiului mediatic. N-a\u0219 fi insistat asupra subiectului, dar am observat semne de \u201einfectare mediatic\u0103\u201d inclusiv la cei care caut\u0103 s\u0103 \u00een\u021beleag\u0103 corect realitatea. De [&hellip;]","og_url":"https:\/\/roexit.info\/?p=1618","og_site_name":"RoExit","article_published_time":"2024-02-22T21:13:33+00:00","article_modified_time":"2025-10-21T15:45:55+00:00","og_image":[{"width":1600,"height":1091,"url":"https:\/\/roexit.info\/wp-content\/uploads\/2024\/02\/razboaie.jpg","type":"image\/jpeg"}],"author":"P\u00e2r\u0103u Vlad","twitter_card":"summary_large_image","twitter_misc":{"Scris de":"P\u00e2r\u0103u Vlad","Timp estimat pentru citire":"14 minute"},"schema":{"@context":"https:\/\/schema.org","@graph":[{"@type":"Article","@id":"https:\/\/roexit.info\/?p=1618#article","isPartOf":{"@id":"https:\/\/roexit.info\/?p=1618"},"author":{"name":"P\u00e2r\u0103u Vlad","@id":"https:\/\/roexit.info\/#\/schema\/person\/3822a7ccbd940791ab5628bbe51086c1"},"headline":"Imposibilele r\u0103zboaie ale SUA. Opinia lui Dan Diaconu","datePublished":"2024-02-22T21:13:33+00:00","dateModified":"2025-10-21T15:45:55+00:00","mainEntityOfPage":{"@id":"https:\/\/roexit.info\/?p=1618"},"wordCount":2801,"commentCount":0,"publisher":{"@id":"https:\/\/roexit.info\/#organization"},"image":{"@id":"https:\/\/roexit.info\/?p=1618#primaryimage"},"thumbnailUrl":"https:\/\/roexit.info\/wp-content\/uploads\/2024\/02\/razboaie.jpg","keywords":["Bucovina de Nord","China","CIA","Crimeea","Dan Diaconu","declara\u021bie de r\u0103zboi","epurare etnic\u0103","genocid","Hamas","Insula \u0218erpilor","ISIS","legea mar\u021bial\u0103","Mani Pulite","moscheea Al-Aqsa","Napoleon","NATO","Nichita Hru\u0219ciov","nordul Basarabiei Hotin","Orientul Mijlociu","Osama bin Laden","r\u0103zboaie","r\u0103zboi Federa\u021bia Rus\u0103 - NATO","r\u0103zboi informa\u021bional","r\u0103zboi Israel - F\u00e2\u0219ia Gaza","r\u0103zboi proxy","r\u0103zboi SUA - China","r\u0103zboi SUA - Rusia","r\u0103zboi Ucraina","securitatea Continentului European","Stepan Bandera","SUA","sudul Basarabiei","Taiwan","terorism","Transcarpatia","Trenduri Economice","Ucraina","URSS","Vladimir Putin","Volodimir Zelenski","Yemen"],"articleSection":["Externe","Opinii","Via\u021ba \u00een secolul XXI"],"inLanguage":"ro-RO","potentialAction":[{"@type":"CommentAction","name":"Comment","target":["https:\/\/roexit.info\/?p=1618#respond"]}]},{"@type":"WebPage","@id":"https:\/\/roexit.info\/?p=1618","url":"https:\/\/roexit.info\/?p=1618","name":"Imposibilele r\u0103zboaie ale SUA. Opinia lui Dan Diaconu - RoExit","isPartOf":{"@id":"https:\/\/roexit.info\/#website"},"primaryImageOfPage":{"@id":"https:\/\/roexit.info\/?p=1618#primaryimage"},"image":{"@id":"https:\/\/roexit.info\/?p=1618#primaryimage"},"thumbnailUrl":"https:\/\/roexit.info\/wp-content\/uploads\/2024\/02\/razboaie.jpg","datePublished":"2024-02-22T21:13:33+00:00","dateModified":"2025-10-21T15:45:55+00:00","breadcrumb":{"@id":"https:\/\/roexit.info\/?p=1618#breadcrumb"},"inLanguage":"ro-RO","potentialAction":[{"@type":"ReadAction","target":["https:\/\/roexit.info\/?p=1618"]}]},{"@type":"ImageObject","inLanguage":"ro-RO","@id":"https:\/\/roexit.info\/?p=1618#primaryimage","url":"https:\/\/roexit.info\/wp-content\/uploads\/2024\/02\/razboaie.jpg","contentUrl":"https:\/\/roexit.info\/wp-content\/uploads\/2024\/02\/razboaie.jpg","width":1600,"height":1091},{"@type":"BreadcrumbList","@id":"https:\/\/roexit.info\/?p=1618#breadcrumb","itemListElement":[{"@type":"ListItem","position":1,"name":"Prima pagin\u0103","item":"https:\/\/roexit.info\/"},{"@type":"ListItem","position":2,"name":"Imposibilele r\u0103zboaie ale SUA. Opinia lui Dan Diaconu"}]},{"@type":"WebSite","@id":"https:\/\/roexit.info\/#website","url":"https:\/\/roexit.info\/","name":"RoExit","description":"UE la co\u0219ul de gunoi al istoriei","publisher":{"@id":"https:\/\/roexit.info\/#organization"},"potentialAction":[{"@type":"SearchAction","target":{"@type":"EntryPoint","urlTemplate":"https:\/\/roexit.info\/?s={search_term_string}"},"query-input":{"@type":"PropertyValueSpecification","valueRequired":true,"valueName":"search_term_string"}}],"inLanguage":"ro-RO"},{"@type":"Organization","@id":"https:\/\/roexit.info\/#organization","name":"RoExit","url":"https:\/\/roexit.info\/","logo":{"@type":"ImageObject","inLanguage":"ro-RO","@id":"https:\/\/roexit.info\/#\/schema\/logo\/image\/","url":"https:\/\/roexit.info\/wp-content\/uploads\/2023\/12\/cropped-logo-vsrianta-2.jpeg","contentUrl":"https:\/\/roexit.info\/wp-content\/uploads\/2023\/12\/cropped-logo-vsrianta-2.jpeg","width":358,"height":277,"caption":"RoExit"},"image":{"@id":"https:\/\/roexit.info\/#\/schema\/logo\/image\/"}},{"@type":"Person","@id":"https:\/\/roexit.info\/#\/schema\/person\/3822a7ccbd940791ab5628bbe51086c1","name":"P\u00e2r\u0103u Vlad","image":{"@type":"ImageObject","inLanguage":"ro-RO","@id":"https:\/\/roexit.info\/#\/schema\/person\/image\/","url":"https:\/\/secure.gravatar.com\/avatar\/14aff8b17897b19faac02aca2a116530d9e5c8912df6512c1bf3efb45f65a5f7?s=96&d=mm&r=g","contentUrl":"https:\/\/secure.gravatar.com\/avatar\/14aff8b17897b19faac02aca2a116530d9e5c8912df6512c1bf3efb45f65a5f7?s=96&d=mm&r=g","caption":"P\u00e2r\u0103u Vlad"},"description":"Redactor\/Editor at ROexit.info Redactor at Cerul, codrul \u0219i p\u00e2r\u0103ul Studied at Universitatea Lucian Blaga Sibiu","sameAs":["http:\/\/roexit.info"],"url":"https:\/\/roexit.info\/?author=3"}]}},"_links":{"self":[{"href":"https:\/\/roexit.info\/index.php?rest_route=\/wp\/v2\/posts\/1618","targetHints":{"allow":["GET"]}}],"collection":[{"href":"https:\/\/roexit.info\/index.php?rest_route=\/wp\/v2\/posts"}],"about":[{"href":"https:\/\/roexit.info\/index.php?rest_route=\/wp\/v2\/types\/post"}],"author":[{"embeddable":true,"href":"https:\/\/roexit.info\/index.php?rest_route=\/wp\/v2\/users\/3"}],"replies":[{"embeddable":true,"href":"https:\/\/roexit.info\/index.php?rest_route=%2Fwp%2Fv2%2Fcomments&post=1618"}],"version-history":[{"count":1,"href":"https:\/\/roexit.info\/index.php?rest_route=\/wp\/v2\/posts\/1618\/revisions"}],"predecessor-version":[{"id":1620,"href":"https:\/\/roexit.info\/index.php?rest_route=\/wp\/v2\/posts\/1618\/revisions\/1620"}],"wp:featuredmedia":[{"embeddable":true,"href":"https:\/\/roexit.info\/index.php?rest_route=\/wp\/v2\/media\/1619"}],"wp:attachment":[{"href":"https:\/\/roexit.info\/index.php?rest_route=%2Fwp%2Fv2%2Fmedia&parent=1618"}],"wp:term":[{"taxonomy":"category","embeddable":true,"href":"https:\/\/roexit.info\/index.php?rest_route=%2Fwp%2Fv2%2Fcategories&post=1618"},{"taxonomy":"post_tag","embeddable":true,"href":"https:\/\/roexit.info\/index.php?rest_route=%2Fwp%2Fv2%2Ftags&post=1618"}],"curies":[{"name":"wp","href":"https:\/\/api.w.org\/{rel}","templated":true}]}}