{"id":1637,"date":"2024-02-21T19:07:14","date_gmt":"2024-02-21T19:07:14","guid":{"rendered":"https:\/\/roexit.info\/?p=1637"},"modified":"2025-10-21T15:45:56","modified_gmt":"2025-10-21T15:45:56","slug":"aur-alege-candidatul-la-presedintie-dar-nu-orientarea-fata-de-ue-opinia-lui-chiazna","status":"publish","type":"post","link":"https:\/\/roexit.info\/?p=1637","title":{"rendered":"AUR alege candidatul la pre\u0219edin\u021bie, dar nu orientarea fa\u021b\u0103 de UE. Opinia lui Chiazna"},"content":{"rendered":"<p><em>Un articol publicat de G. Chiazna pe <a href=\"https:\/\/chiazna.ro\/2024\/02\/aur-alege-candidatul-la-presedentie-dar-nu-orientarea-fata-de-ue\/\">Chiazna.ro<\/a><\/em><\/p>\n<p>Personal sunt anti-UE. Iat\u0103 ultimele articole scrise despre asta:<\/p>\n<ul>\n<li><a href=\"https:\/\/chiazna.ro\/2024\/02\/comasarea-alegerilor-inca-un-indiciu-al-declinului-pseudo-democratiei-europeniste-a-partidului-unic\/\">COMASAREA ALEGERILOR \u2013 \u00ceNC\u0102 UN INDICIU AL DECLINULUI PSEUDO-DEMOCRA\u0162IEI EUROPENISTE A PARTIDULUI UNIC<\/a><\/li>\n<li><a href=\"https:\/\/chiazna.ro\/2024\/01\/problemele-romanilor\/\">PROBLEMELE ROM\u00c2NILOR<\/a><\/li>\n<li><a href=\"https:\/\/chiazna.ro\/2024\/01\/singurul-lucru-pe-care-trebuie-sa-il-ceara-protestatarii-este-roexit\/\">SINGURUL LUCRU PE CARE TREBUIE S\u0102 \u00ceL CEAR\u0102 PROTESTATARII ESTE ROEXIT<\/a><\/li>\n<\/ul>\n<p>AUR nu este anti-UE. Am fost la lansarea programului de guvernare al AUR \u00een Craiova \u2013 mul\u0163umesc Ringo \u2013 unde mi-am dat seama c\u0103 am venit degeaba. Din start, Ringo, c\u00e2nd am adus vorba de ie\u015fit din UE, mi-a r\u0103spuns: nu trebuie s\u0103 arunc\u0103m \u015fi copilul odat\u0103 cu apa (din copaie). Simion, de asemenea, o d\u0103dea \u00eenainte cu patrio\u0163i \u00een UE.<\/p>\n<p>\u00cen afar\u0103 de conducerea AUR, \u00eens\u0103, nu \u015ftiu dac\u0103 membrii sunt de aceea\u0219i p\u0103rere, dar, deoarece politica e cumva amestecat\u0103 cu mult\u0103 minciun\u0103, manipulare \u015fi confuzie \u015fi deoarece, pentru muritorul de r\u00e2nd, perspectiva unui ciolan bun de ros este oferit\u0103 cel mai bine de AUR, nimeni din partid nu zice nimic despre unul dintre punctele de baz\u0103 ale mesajului AUR: identitatea.<\/p>\n<p>To\u0163i zic c\u00e2t de rea e UE, cum c\u0103 ne-a b\u0103gat botni\u0163a pe gur\u0103, cum c\u0103 ne fur\u0103 resursele, dar nimeni nu propune ceea ce e firesc pentru oricine se pretinde suveranist: recuperarea suveranit\u0103\u0163ii.<\/p>\n<p>Cum anume se va p\u0103stra identitatea rom\u00e2neasc\u0103 \u00een UE, nu \u015ftiu \u015fi nimeni nu spune. C\u00e2nd vine vorba, Simion b\u00e2lb\u00e2ie vorbe f\u0103r\u0103 sens despre polonezi, despre Orban etc. Pe bune? Polonia? Ungaria? Chiar considera\u021bi aceste state ca modele de suveranitate \u00een UE? Despre Polonia tocmai am comentat tange\u0163ial \u00een articolul recent <a href=\"https:\/\/chiazna.ro\/2024\/02\/evenimentul-x\/\">Evenimentul X<\/a>.<\/p>\n<p>Cei mai radicali membri AUR, care sunt cam cu ochii spre \u015eo\u015foac\u0103, g\u00e2ndesc, cum \u015fi eu am g\u00e2ndit o perioad\u0103, astfel: s\u0103 ne facem frate cu dracul, p\u00e2n\u0103 trecem iazul. Adic\u0103, s\u0103 nu zicem nimic de cuiul lui Pepelea, p\u00e2n\u0103 ajungem la putere \u015fi om vedea atunci. Dar, oare, dac\u0103 vor ajunge la putere, cei care se gr\u0103m\u0103desc \u00een AUR ca s\u0103 road\u0103 un ciolan bun, se vor mai g\u00e2ndi cum s\u0103 scoat\u0103 Rom\u00e2nia din UE?<\/p>\n<p><strong>Singura \u015fans\u0103 de ie\u015fire din UE este un partid care s\u0103 aib\u0103 ca prim punct recuperarea suveranit\u0103\u0163ii \u0163\u0103rii, prin ROEXIT.<\/strong> Chiar \u0219i un astfel de partid, chiar dac\u0103 ar fi l\u0103sat s\u0103 se \u00eenfiin\u021beze, s\u0103 activeze \u0219i s\u0103 c\u00e2\u0219tige (misiune imposibil\u0103 \u00een UE oricum) nu va putea s\u0103 se \u021bin\u0103 de cuv\u00e2nt deoarece a ie\u0219i din UE presupune s\u0103 ai <em>cojones,<\/em> pe de o parte, \u015fi s\u0103 fii juc\u0103tor de poker bun, pe de alt\u0103 parte. Evident, istoria unui stat puternic ar ajuta, dac\u0103 e s\u0103 ne uit\u0103m la britanici care au fost nevoi\u021bi s\u0103 schimbe toate tratatele cu toate \u0163\u0103rile \u00eentr-o perioad\u0103 extrem de scurt\u0103 \u0219i pentru asta s-au inspirat din trecutul lor, dar, mai ales, au avut oameni dedica\u021bi statului care s\u0103 munceasc\u0103 pe coate, ca s\u0103 scoat\u0103 \u021bara din rahatul care se numea UE.<\/p>\n<p>\u00centorc\u00e2ndu-ne, \u00eens\u0103, la AUR, mi se pare o batjocur\u0103 simularea de democra\u021bie \u0219i de \u201ccasting\u201d, cum \u00eei zice Digi24, pe care o aplic\u0103 cu privire la cine s\u0103 fie candidatul AUR la pre\u0219edin\u021bie c\u00e2nd, cu privire la principalul punct de interes pentru oameni, AUR pune batista pe \u0163ambal.<\/p>\n<p>Altfel spus, AUR dore\u015fte s\u0103 se prezinte un partid na\u0163ionalist, suveranist, dar \u201cdoar \u00een UE\u201d. Chiar <strong>sloganul campaniei electorale AUR este \u201cpatrio\u0163i \u00een UE\u201d.<\/strong> Melteanul de r\u00e2nd, votantul standard al AUR habar nu are c\u0103 <strong>nu faptul c\u0103 actualii politicieni sunt corup\u0163i este problema, ci c\u0103 \u015fi cei care nu sunt corup\u0163i nu pot face nimic \u00een UE.<\/strong> Uita\u0163i-v\u0103 la Polonia \u015fi la Ungaria! Dup\u0103 <em>aventura<\/em> na\u0163ionalist\u0103 a Poloniei \u00een care au avut inclusiv schimbat de legi, de Curte Constu\u0163ional\u0103, de juri\u015fti, inclusiv legi anti-avort \u015fi altele, care au st\u00e2rnit protestul bo\u015filor de la UE, Polonia a fost acum readus\u0103 pe \u201ccalea cea bun\u0103\u201d \u00een for\u0163\u0103 de\u015fi vechiul partid a avut majoritate, de\u015fi economic Polonia a crescut foarte mult sub conducerea na\u0163ionalist\u0103 capabil\u0103 din acest punct de vedere \u015fi de\u015fi, culmea, s-au cam \u0163inut de promisiuni. \u00cens\u0103 <strong>c\u00e2t\u0103 vreme nu au ie\u015fit din UE c\u00e2nd se putea, polonezii au ajuns din nou sub talpa Bruxellului.<\/strong><\/p>\n<p>Un alt exemplu foarte tragic este Grecia care, dac\u0103 ie\u0219ea din UE c\u00e2nd a fost situa\u021bia tensionat\u0103 din 2012, acum poate \u00ee\u0219i revenea economic. \u00centre timp, din 2012 p\u00e2n\u0103 acum, de c\u00e2nd au primit z\u0103h\u0103relul UE, grecii au ajuns s\u0103 aib\u0103 un PIB similar cu cel pe care \u00eel aveau \u00eenainte s\u0103 intre \u00een UE! Deci, practic, <strong>sub UE, grecii au sta\u021bionat la PIB peste 20 de ani. \u015ei asta f\u0103r\u0103 s\u0103 lu\u0103m \u00een calcul infla\u021bia sau faptul c\u0103, de\u0219i au acela\u0219i PIB, au o rat\u0103 a \u00eendator\u0103rii de X-ori mai mare ca atunci.<\/strong> Dar ce au zis politicienii greci \u00een 2012 (\u0219i, la urma urmei, \u0219i poporul): las\u0103 c\u0103 poate dac\u0103 plec\u0103m e mai r\u0103u, a\u0219a, sub jugul UE, ne revenim \u00eencet-\u00eencet! Culmea e c\u0103 nu \u015fi-au revenit \u0219i chiar e mai r\u0103u deoarece, pe l\u00e2ng\u0103 economia distrus\u0103, grecii au pierdut \u0219i un num\u0103r de trei ori mai mare de emigran\u021bi dec\u00e2t pierdeau \u00eenainte (<a href=\"https:\/\/link.springer.com\/chapter\/10.1007\/978-3-031-11574-5_2\">sursa<\/a>), fluxul acestora r\u0103m\u00e2n\u00e2nd crescut cel pu\u021bin p\u00e2n\u0103 \u00een 2019, c\u00e2t merge studiul referit.<\/p>\n<p>\u00cen final, pe l\u00e2ng\u0103 acest aspect al teatrului penibil pe care \u00eel face AUR \u00eenscen\u00e2nd acest simulacru de democra\u021bie, mai atrag aten\u021bia \u0219i asupra penibilei situa\u021bii \u00een care se pune Simion. Halal lider, halal responsabilitate, dac\u0103 tocmai liderul partidului nu \u00ee\u0219i asum\u0103 rolul, ci se fofileaz\u0103, l\u0103s\u00e2nd tot felul de semne de \u00eentrebare, tot felul de nume ca s\u0103 fie venitlate \u0219i rumegate aiurea \u00een pres\u0103. P\u00e2n\u0103 acum, nu doar c\u0103 Simion trebuia s\u0103 \u00ee\u0219i asume candidatura, dar trebuia s\u0103 fi terminat deja toate gloan\u021bele (mediatice) pe care, inevitabil, coali\u021bia le are la pachet. P\u00e2n\u0103 acum AUR, dac\u0103 chiar este un partid responsabil \u0219i preg\u0103tit de guvernare, trebuia nu numai s\u0103 aib\u0103 deja candidat la pre\u015fedin\u021bie, dar \u015fi c\u00e2te 3 candida\u0163i pentru fiecare post de ministru, al\u0103turi de prim-ministru. Trebuia deja s\u0103 aib\u0103 un program de guvernare, nu o fi\u0163uic\u0103 de marketing f\u0103cut\u0103 de speciali\u015ftii evrei pentru branding politic pe care i-au angajat.<\/p>\n<p>&nbsp;<\/p>\n","protected":false},"excerpt":{"rendered":"<p>Un articol publicat de G. Chiazna pe Chiazna.ro Personal sunt anti-UE. Iat\u0103 ultimele articole scrise despre asta: COMASAREA ALEGERILOR \u2013 \u00ceNC\u0102 UN INDICIU AL DECLINULUI PSEUDO-DEMOCRA\u0162IEI EUROPENISTE A PARTIDULUI UNIC PROBLEMELE ROM\u00c2NILOR SINGURUL LUCRU PE CARE TREBUIE S\u0102 \u00ceL CEAR\u0102 PROTESTATARII ESTE ROEXIT AUR nu este anti-UE. Am fost la lansarea programului de guvernare al [&hellip;]<\/p>\n","protected":false},"author":3,"featured_media":1638,"comment_status":"open","ping_status":"open","sticky":false,"template":"","format":"standard","meta":{"footnotes":""},"categories":[32,290,4],"tags":[310,1294,568,347,272,116,196,1297,618,425,248,1194,207,1295,66,1296,305,12,184,245],"class_list":["post-1637","post","type-post","status-publish","format-standard","has-post-thumbnail","hentry","category-opinii","category-politica","category-stil_de_viata","tag-chiazna-ro","tag-craiova","tag-criza-economica","tag-democratie","tag-diana-sosoaca","tag-george-simion","tag-gigel-chiazna","tag-grecia","tag-identitate","tag-marea-britanie","tag-minciuna-ca-politica-de-stat","tag-nationalism","tag-polonia","tag-ringo-damureanu","tag-roexit","tag-suveranism","tag-suveranitate","tag-ue","tag-ungaria","tag-viktor-orban"],"yoast_head":"<!-- This site is optimized with the Yoast SEO plugin v24.4 - https:\/\/yoast.com\/wordpress\/plugins\/seo\/ -->\n<title>AUR alege candidatul la pre\u0219edin\u021bie, dar nu orientarea fa\u021b\u0103 de UE. Opinia lui Chiazna - RoExit<\/title>\n<meta name=\"robots\" content=\"index, follow, max-snippet:-1, max-image-preview:large, max-video-preview:-1\" \/>\n<link rel=\"canonical\" href=\"https:\/\/roexit.info\/?p=1637\" \/>\n<meta property=\"og:locale\" content=\"ro_RO\" \/>\n<meta property=\"og:type\" content=\"article\" \/>\n<meta property=\"og:title\" content=\"AUR alege candidatul la pre\u0219edin\u021bie, dar nu orientarea fa\u021b\u0103 de UE. Opinia lui Chiazna - RoExit\" \/>\n<meta property=\"og:description\" content=\"Un articol publicat de G. Chiazna pe Chiazna.ro Personal sunt anti-UE. Iat\u0103 ultimele articole scrise despre asta: COMASAREA ALEGERILOR \u2013 \u00ceNC\u0102 UN INDICIU AL DECLINULUI PSEUDO-DEMOCRA\u0162IEI EUROPENISTE A PARTIDULUI UNIC PROBLEMELE ROM\u00c2NILOR SINGURUL LUCRU PE CARE TREBUIE S\u0102 \u00ceL CEAR\u0102 PROTESTATARII ESTE ROEXIT AUR nu este anti-UE. Am fost la lansarea programului de guvernare al [&hellip;]\" \/>\n<meta property=\"og:url\" content=\"https:\/\/roexit.info\/?p=1637\" \/>\n<meta property=\"og:site_name\" content=\"RoExit\" \/>\n<meta property=\"article:published_time\" content=\"2024-02-21T19:07:14+00:00\" \/>\n<meta property=\"article:modified_time\" content=\"2025-10-21T15:45:56+00:00\" \/>\n<meta property=\"og:image\" content=\"https:\/\/roexit.info\/wp-content\/uploads\/2024\/03\/patrioate-in-ue.jpg\" \/>\n\t<meta property=\"og:image:width\" content=\"2560\" \/>\n\t<meta property=\"og:image:height\" content=\"1922\" \/>\n\t<meta property=\"og:image:type\" content=\"image\/jpeg\" \/>\n<meta name=\"author\" content=\"P\u00e2r\u0103u Vlad\" \/>\n<meta name=\"twitter:card\" content=\"summary_large_image\" \/>\n<meta name=\"twitter:label1\" content=\"Scris de\" \/>\n\t<meta name=\"twitter:data1\" content=\"P\u00e2r\u0103u Vlad\" \/>\n\t<meta name=\"twitter:label2\" content=\"Timp estimat pentru citire\" \/>\n\t<meta name=\"twitter:data2\" content=\"6 minute\" \/>\n<script type=\"application\/ld+json\" class=\"yoast-schema-graph\">{\"@context\":\"https:\/\/schema.org\",\"@graph\":[{\"@type\":\"Article\",\"@id\":\"https:\/\/roexit.info\/?p=1637#article\",\"isPartOf\":{\"@id\":\"https:\/\/roexit.info\/?p=1637\"},\"author\":{\"name\":\"P\u00e2r\u0103u Vlad\",\"@id\":\"https:\/\/roexit.info\/#\/schema\/person\/3822a7ccbd940791ab5628bbe51086c1\"},\"headline\":\"AUR alege candidatul la pre\u0219edin\u021bie, dar nu orientarea fa\u021b\u0103 de UE. Opinia lui Chiazna\",\"datePublished\":\"2024-02-21T19:07:14+00:00\",\"dateModified\":\"2025-10-21T15:45:56+00:00\",\"mainEntityOfPage\":{\"@id\":\"https:\/\/roexit.info\/?p=1637\"},\"wordCount\":1117,\"commentCount\":0,\"publisher\":{\"@id\":\"https:\/\/roexit.info\/#organization\"},\"image\":{\"@id\":\"https:\/\/roexit.info\/?p=1637#primaryimage\"},\"thumbnailUrl\":\"https:\/\/roexit.info\/wp-content\/uploads\/2024\/03\/patrioate-in-ue.jpg\",\"keywords\":[\"chiazna.ro\",\"Craiova\",\"criz\u0103 economic\u0103\",\"democra\u021bie\",\"Diana \u0218o\u0219oac\u0103\",\"George Simion\",\"Gigel Chiazna\",\"Grecia\",\"identitate\",\"Marea Britanie\",\"minciuna ca politic\u0103 de stat\",\"na\u021bionalism\",\"Polonia\",\"Ringo D\u0103mureanu\",\"ROexit\",\"suveranism\",\"suveranitate\",\"UE\",\"Ungaria\",\"Viktor Orban\"],\"articleSection\":[\"Opinii\",\"Politic\u0103\",\"Via\u021ba \u00een secolul XXI\"],\"inLanguage\":\"ro-RO\",\"potentialAction\":[{\"@type\":\"CommentAction\",\"name\":\"Comment\",\"target\":[\"https:\/\/roexit.info\/?p=1637#respond\"]}]},{\"@type\":\"WebPage\",\"@id\":\"https:\/\/roexit.info\/?p=1637\",\"url\":\"https:\/\/roexit.info\/?p=1637\",\"name\":\"AUR alege candidatul la pre\u0219edin\u021bie, dar nu orientarea fa\u021b\u0103 de UE. Opinia lui Chiazna - RoExit\",\"isPartOf\":{\"@id\":\"https:\/\/roexit.info\/#website\"},\"primaryImageOfPage\":{\"@id\":\"https:\/\/roexit.info\/?p=1637#primaryimage\"},\"image\":{\"@id\":\"https:\/\/roexit.info\/?p=1637#primaryimage\"},\"thumbnailUrl\":\"https:\/\/roexit.info\/wp-content\/uploads\/2024\/03\/patrioate-in-ue.jpg\",\"datePublished\":\"2024-02-21T19:07:14+00:00\",\"dateModified\":\"2025-10-21T15:45:56+00:00\",\"breadcrumb\":{\"@id\":\"https:\/\/roexit.info\/?p=1637#breadcrumb\"},\"inLanguage\":\"ro-RO\",\"potentialAction\":[{\"@type\":\"ReadAction\",\"target\":[\"https:\/\/roexit.info\/?p=1637\"]}]},{\"@type\":\"ImageObject\",\"inLanguage\":\"ro-RO\",\"@id\":\"https:\/\/roexit.info\/?p=1637#primaryimage\",\"url\":\"https:\/\/roexit.info\/wp-content\/uploads\/2024\/03\/patrioate-in-ue.jpg\",\"contentUrl\":\"https:\/\/roexit.info\/wp-content\/uploads\/2024\/03\/patrioate-in-ue.jpg\",\"width\":2560,\"height\":1922},{\"@type\":\"BreadcrumbList\",\"@id\":\"https:\/\/roexit.info\/?p=1637#breadcrumb\",\"itemListElement\":[{\"@type\":\"ListItem\",\"position\":1,\"name\":\"Prima pagin\u0103\",\"item\":\"https:\/\/roexit.info\/\"},{\"@type\":\"ListItem\",\"position\":2,\"name\":\"AUR alege candidatul la pre\u0219edin\u021bie, dar nu orientarea fa\u021b\u0103 de UE. Opinia lui Chiazna\"}]},{\"@type\":\"WebSite\",\"@id\":\"https:\/\/roexit.info\/#website\",\"url\":\"https:\/\/roexit.info\/\",\"name\":\"RoExit\",\"description\":\"UE la co\u0219ul de gunoi al istoriei\",\"publisher\":{\"@id\":\"https:\/\/roexit.info\/#organization\"},\"potentialAction\":[{\"@type\":\"SearchAction\",\"target\":{\"@type\":\"EntryPoint\",\"urlTemplate\":\"https:\/\/roexit.info\/?s={search_term_string}\"},\"query-input\":{\"@type\":\"PropertyValueSpecification\",\"valueRequired\":true,\"valueName\":\"search_term_string\"}}],\"inLanguage\":\"ro-RO\"},{\"@type\":\"Organization\",\"@id\":\"https:\/\/roexit.info\/#organization\",\"name\":\"RoExit\",\"url\":\"https:\/\/roexit.info\/\",\"logo\":{\"@type\":\"ImageObject\",\"inLanguage\":\"ro-RO\",\"@id\":\"https:\/\/roexit.info\/#\/schema\/logo\/image\/\",\"url\":\"https:\/\/roexit.info\/wp-content\/uploads\/2023\/12\/cropped-logo-vsrianta-2.jpeg\",\"contentUrl\":\"https:\/\/roexit.info\/wp-content\/uploads\/2023\/12\/cropped-logo-vsrianta-2.jpeg\",\"width\":358,\"height\":277,\"caption\":\"RoExit\"},\"image\":{\"@id\":\"https:\/\/roexit.info\/#\/schema\/logo\/image\/\"}},{\"@type\":\"Person\",\"@id\":\"https:\/\/roexit.info\/#\/schema\/person\/3822a7ccbd940791ab5628bbe51086c1\",\"name\":\"P\u00e2r\u0103u Vlad\",\"image\":{\"@type\":\"ImageObject\",\"inLanguage\":\"ro-RO\",\"@id\":\"https:\/\/roexit.info\/#\/schema\/person\/image\/\",\"url\":\"https:\/\/secure.gravatar.com\/avatar\/14aff8b17897b19faac02aca2a116530d9e5c8912df6512c1bf3efb45f65a5f7?s=96&d=mm&r=g\",\"contentUrl\":\"https:\/\/secure.gravatar.com\/avatar\/14aff8b17897b19faac02aca2a116530d9e5c8912df6512c1bf3efb45f65a5f7?s=96&d=mm&r=g\",\"caption\":\"P\u00e2r\u0103u Vlad\"},\"description\":\"Redactor\/Editor at ROexit.info Redactor at Cerul, codrul \u0219i p\u00e2r\u0103ul Studied at Universitatea Lucian Blaga Sibiu\",\"sameAs\":[\"http:\/\/roexit.info\"],\"url\":\"https:\/\/roexit.info\/?author=3\"}]}<\/script>\n<!-- \/ Yoast SEO plugin. -->","yoast_head_json":{"title":"AUR alege candidatul la pre\u0219edin\u021bie, dar nu orientarea fa\u021b\u0103 de UE. Opinia lui Chiazna - RoExit","robots":{"index":"index","follow":"follow","max-snippet":"max-snippet:-1","max-image-preview":"max-image-preview:large","max-video-preview":"max-video-preview:-1"},"canonical":"https:\/\/roexit.info\/?p=1637","og_locale":"ro_RO","og_type":"article","og_title":"AUR alege candidatul la pre\u0219edin\u021bie, dar nu orientarea fa\u021b\u0103 de UE. Opinia lui Chiazna - RoExit","og_description":"Un articol publicat de G. Chiazna pe Chiazna.ro Personal sunt anti-UE. Iat\u0103 ultimele articole scrise despre asta: COMASAREA ALEGERILOR \u2013 \u00ceNC\u0102 UN INDICIU AL DECLINULUI PSEUDO-DEMOCRA\u0162IEI EUROPENISTE A PARTIDULUI UNIC PROBLEMELE ROM\u00c2NILOR SINGURUL LUCRU PE CARE TREBUIE S\u0102 \u00ceL CEAR\u0102 PROTESTATARII ESTE ROEXIT AUR nu este anti-UE. Am fost la lansarea programului de guvernare al [&hellip;]","og_url":"https:\/\/roexit.info\/?p=1637","og_site_name":"RoExit","article_published_time":"2024-02-21T19:07:14+00:00","article_modified_time":"2025-10-21T15:45:56+00:00","og_image":[{"width":2560,"height":1922,"url":"https:\/\/roexit.info\/wp-content\/uploads\/2024\/03\/patrioate-in-ue.jpg","type":"image\/jpeg"}],"author":"P\u00e2r\u0103u Vlad","twitter_card":"summary_large_image","twitter_misc":{"Scris de":"P\u00e2r\u0103u Vlad","Timp estimat pentru citire":"6 minute"},"schema":{"@context":"https:\/\/schema.org","@graph":[{"@type":"Article","@id":"https:\/\/roexit.info\/?p=1637#article","isPartOf":{"@id":"https:\/\/roexit.info\/?p=1637"},"author":{"name":"P\u00e2r\u0103u Vlad","@id":"https:\/\/roexit.info\/#\/schema\/person\/3822a7ccbd940791ab5628bbe51086c1"},"headline":"AUR alege candidatul la pre\u0219edin\u021bie, dar nu orientarea fa\u021b\u0103 de UE. Opinia lui Chiazna","datePublished":"2024-02-21T19:07:14+00:00","dateModified":"2025-10-21T15:45:56+00:00","mainEntityOfPage":{"@id":"https:\/\/roexit.info\/?p=1637"},"wordCount":1117,"commentCount":0,"publisher":{"@id":"https:\/\/roexit.info\/#organization"},"image":{"@id":"https:\/\/roexit.info\/?p=1637#primaryimage"},"thumbnailUrl":"https:\/\/roexit.info\/wp-content\/uploads\/2024\/03\/patrioate-in-ue.jpg","keywords":["chiazna.ro","Craiova","criz\u0103 economic\u0103","democra\u021bie","Diana \u0218o\u0219oac\u0103","George Simion","Gigel Chiazna","Grecia","identitate","Marea Britanie","minciuna ca politic\u0103 de stat","na\u021bionalism","Polonia","Ringo D\u0103mureanu","ROexit","suveranism","suveranitate","UE","Ungaria","Viktor Orban"],"articleSection":["Opinii","Politic\u0103","Via\u021ba \u00een secolul XXI"],"inLanguage":"ro-RO","potentialAction":[{"@type":"CommentAction","name":"Comment","target":["https:\/\/roexit.info\/?p=1637#respond"]}]},{"@type":"WebPage","@id":"https:\/\/roexit.info\/?p=1637","url":"https:\/\/roexit.info\/?p=1637","name":"AUR alege candidatul la pre\u0219edin\u021bie, dar nu orientarea fa\u021b\u0103 de UE. Opinia lui Chiazna - RoExit","isPartOf":{"@id":"https:\/\/roexit.info\/#website"},"primaryImageOfPage":{"@id":"https:\/\/roexit.info\/?p=1637#primaryimage"},"image":{"@id":"https:\/\/roexit.info\/?p=1637#primaryimage"},"thumbnailUrl":"https:\/\/roexit.info\/wp-content\/uploads\/2024\/03\/patrioate-in-ue.jpg","datePublished":"2024-02-21T19:07:14+00:00","dateModified":"2025-10-21T15:45:56+00:00","breadcrumb":{"@id":"https:\/\/roexit.info\/?p=1637#breadcrumb"},"inLanguage":"ro-RO","potentialAction":[{"@type":"ReadAction","target":["https:\/\/roexit.info\/?p=1637"]}]},{"@type":"ImageObject","inLanguage":"ro-RO","@id":"https:\/\/roexit.info\/?p=1637#primaryimage","url":"https:\/\/roexit.info\/wp-content\/uploads\/2024\/03\/patrioate-in-ue.jpg","contentUrl":"https:\/\/roexit.info\/wp-content\/uploads\/2024\/03\/patrioate-in-ue.jpg","width":2560,"height":1922},{"@type":"BreadcrumbList","@id":"https:\/\/roexit.info\/?p=1637#breadcrumb","itemListElement":[{"@type":"ListItem","position":1,"name":"Prima pagin\u0103","item":"https:\/\/roexit.info\/"},{"@type":"ListItem","position":2,"name":"AUR alege candidatul la pre\u0219edin\u021bie, dar nu orientarea fa\u021b\u0103 de UE. Opinia lui Chiazna"}]},{"@type":"WebSite","@id":"https:\/\/roexit.info\/#website","url":"https:\/\/roexit.info\/","name":"RoExit","description":"UE la co\u0219ul de gunoi al istoriei","publisher":{"@id":"https:\/\/roexit.info\/#organization"},"potentialAction":[{"@type":"SearchAction","target":{"@type":"EntryPoint","urlTemplate":"https:\/\/roexit.info\/?s={search_term_string}"},"query-input":{"@type":"PropertyValueSpecification","valueRequired":true,"valueName":"search_term_string"}}],"inLanguage":"ro-RO"},{"@type":"Organization","@id":"https:\/\/roexit.info\/#organization","name":"RoExit","url":"https:\/\/roexit.info\/","logo":{"@type":"ImageObject","inLanguage":"ro-RO","@id":"https:\/\/roexit.info\/#\/schema\/logo\/image\/","url":"https:\/\/roexit.info\/wp-content\/uploads\/2023\/12\/cropped-logo-vsrianta-2.jpeg","contentUrl":"https:\/\/roexit.info\/wp-content\/uploads\/2023\/12\/cropped-logo-vsrianta-2.jpeg","width":358,"height":277,"caption":"RoExit"},"image":{"@id":"https:\/\/roexit.info\/#\/schema\/logo\/image\/"}},{"@type":"Person","@id":"https:\/\/roexit.info\/#\/schema\/person\/3822a7ccbd940791ab5628bbe51086c1","name":"P\u00e2r\u0103u Vlad","image":{"@type":"ImageObject","inLanguage":"ro-RO","@id":"https:\/\/roexit.info\/#\/schema\/person\/image\/","url":"https:\/\/secure.gravatar.com\/avatar\/14aff8b17897b19faac02aca2a116530d9e5c8912df6512c1bf3efb45f65a5f7?s=96&d=mm&r=g","contentUrl":"https:\/\/secure.gravatar.com\/avatar\/14aff8b17897b19faac02aca2a116530d9e5c8912df6512c1bf3efb45f65a5f7?s=96&d=mm&r=g","caption":"P\u00e2r\u0103u Vlad"},"description":"Redactor\/Editor at ROexit.info Redactor at Cerul, codrul \u0219i p\u00e2r\u0103ul Studied at Universitatea Lucian Blaga Sibiu","sameAs":["http:\/\/roexit.info"],"url":"https:\/\/roexit.info\/?author=3"}]}},"_links":{"self":[{"href":"https:\/\/roexit.info\/index.php?rest_route=\/wp\/v2\/posts\/1637","targetHints":{"allow":["GET"]}}],"collection":[{"href":"https:\/\/roexit.info\/index.php?rest_route=\/wp\/v2\/posts"}],"about":[{"href":"https:\/\/roexit.info\/index.php?rest_route=\/wp\/v2\/types\/post"}],"author":[{"embeddable":true,"href":"https:\/\/roexit.info\/index.php?rest_route=\/wp\/v2\/users\/3"}],"replies":[{"embeddable":true,"href":"https:\/\/roexit.info\/index.php?rest_route=%2Fwp%2Fv2%2Fcomments&post=1637"}],"version-history":[{"count":1,"href":"https:\/\/roexit.info\/index.php?rest_route=\/wp\/v2\/posts\/1637\/revisions"}],"predecessor-version":[{"id":1639,"href":"https:\/\/roexit.info\/index.php?rest_route=\/wp\/v2\/posts\/1637\/revisions\/1639"}],"wp:featuredmedia":[{"embeddable":true,"href":"https:\/\/roexit.info\/index.php?rest_route=\/wp\/v2\/media\/1638"}],"wp:attachment":[{"href":"https:\/\/roexit.info\/index.php?rest_route=%2Fwp%2Fv2%2Fmedia&parent=1637"}],"wp:term":[{"taxonomy":"category","embeddable":true,"href":"https:\/\/roexit.info\/index.php?rest_route=%2Fwp%2Fv2%2Fcategories&post=1637"},{"taxonomy":"post_tag","embeddable":true,"href":"https:\/\/roexit.info\/index.php?rest_route=%2Fwp%2Fv2%2Ftags&post=1637"}],"curies":[{"name":"wp","href":"https:\/\/api.w.org\/{rel}","templated":true}]}}