{"id":1640,"date":"2024-02-22T21:55:15","date_gmt":"2024-02-22T21:55:15","guid":{"rendered":"https:\/\/roexit.info\/?p=1640"},"modified":"2025-10-21T15:45:55","modified_gmt":"2025-10-21T15:45:55","slug":"actualitati-de-pe-frontul-din-ucraina-opinia-lui-chiazna-video","status":"publish","type":"post","link":"https:\/\/roexit.info\/?p=1640","title":{"rendered":"Actualit\u0103\u021bi de pe frontul din Ucraina. Opinia lui Chiazna. VIDEO"},"content":{"rendered":"<p><em>Un articol publicat de G. Chiazna ini\u021bial pe <a href=\"https:\/\/chiazna.ro\/2024\/02\/actualitati-de-pe-frontul-din-ucraina\/\">Chiazna.ro<\/a><\/em><\/p>\n<p>Cred c\u0103 ultimul articol despre starea r\u0103zboiului a fost \u00een\u00a0<a href=\"https:\/\/chiazna.ro\/2023\/12\/de-ce-se-grabesc-rusii\/\">DE CE SE GR\u0102BESC RU\u0218II<\/a>? din 16 DEC 2023.<\/p>\n<p>Situa\u021bia pe front este nasoal\u0103, dar doresc s\u0103 v\u0103 atrag aten\u021bia asupra unui aspect. Toat\u0103 lumea \u2013 \u0219i chiar eu am mu\u0219cat din aceast\u0103 gogoa\u0219\u0103 \u2013 credea c\u0103 odat\u0103 cu iarna, deoarece vine frigul \u0219i z\u0103pezile, r\u0103zboiul ia o pauz\u0103 \u0219i, cu excep\u021bia unor bombe pe ici, pe colo, mari mi\u0219c\u0103ri nu exist\u0103.<\/p>\n<blockquote class=\"wp-block-quote\"><p>V\u0103 reamintesc c\u0103 Avdiivka este o redut\u0103 fortificat\u0103 dinainte de r\u0103zboi deoarece este ca o cetate natural\u0103, fiind greu de cucerit. Ru\u0219ii o \u00eenconjoar\u0103 \u0219i \u00eei atac\u0103 pe ucraineni din toate p\u0103r\u021bile. Dac\u0103 pic\u0103, ru\u0219ii mai mut\u0103 linia frontului cu vreo 50 km cel pu\u021bin \u0219i stabilizeaz\u0103 ditamai teritoriul \u00eemprejur.<\/p>\n<p><cite><a href=\"https:\/\/chiazna.ro\/2023\/10\/actualitati-din-ucraina\/\">ACTUALIT\u0102\u0162I DIN UCRAINA<\/a>\u00a0\u2013 26 OCT 2023<\/cite><\/p><\/blockquote>\n<p>At\u00e2t Avdiivka, c\u00e2t \u015fi alte localit\u0103\u021bi mai mici din zon\u0103, con\u021bineau fortifica\u021bii construite \u00eenainte de acest r\u0103zboi, chiar de c\u00e2nd au pornit frecu\u015furile din Donbass \u015fi c\u00e2nd ucrainenii se a\u0219teptau de atunci s\u0103 primeasc\u0103 un r\u0103spuns de la ru\u0219i. Prin urmare, au fortificat tot ce se poate la grani\u021ba Donbass-ului.<\/p>\n<p>Nu am urm\u0103rit \u00eendeaproape luptele, ca mai \u00eenainte, deoarece \u0219i eu suf\u0103r de <em>Ukraine-fatigue<\/em>. Dar, pe ici, pe colo, iat\u0103 un scurt rezumat cu cele mai importante mi\u0219c\u0103ri (sau stagn\u0103ri) recente:<\/p>\n<p><strong>Avdiivka a picat<\/strong> \u2013 este poate singurul eveniment care a transpirat \u00een presa de la noi. Ce nu se spune este, \u00eens\u0103, c\u0103 cucerirea Avdiivk\u0103i a durat mult mai pu\u0163in dec\u00e2t \u00een cazul Bahmutului de\u015fi, cel pu\u0163in din punctul de vedere al terenului, Avdiivka era mai favorabil\u0103 dec\u00e2t Bahmutul. Sunt mai multe similarit\u0103\u021bi cu Bahmutul, prin aceea c\u0103 aici erau cei mai motiva\u021bi lupt\u0103tori ucraineni, cu experien\u021b\u0103 \u0219i motiva\u021bie puternic\u0103. Ei, practic, ar fi urmat s\u0103 recupereze Done\u0163kul dac\u0103 SUA le d\u0103deau arme, avioane, rachete \u0219i de toate ucrainenilor cu care s\u0103 \u00eei fac\u0103 muci pe ru\u0219i.<\/p>\n<p>Despre cum a picat Avdiivka nu discut\u0103m prea mult doar c\u0103, ca \u0219i \u00een Bahmut, ru\u0219ii au aplicat tehnica cle\u0219telui. Evident, multi ucraineni au fugit \u00een ultimul moment, cu greu, mul\u021bi au fost prin\u0219i, al\u021bii h\u0103itui\u021bi. M\u0103cel! Pe l\u00e2ng\u0103 dou\u0103 Leoparduri l\u0103sate \u00een urm\u0103 deoarece s-au \u00eempotmolit \u00een ne\u015fte gropi, ucrainenii au l\u0103sat muni\u021bie \u0219i echipamente \u00een urm\u0103, semn c\u0103 retragerea a fost cam haotic\u0103. Chiar dac\u0103 o companie Azov a ajutat la retragere, este clar c\u0103, cumva, conducerea Armatei nu a avut un plan de retragere \u0219i nici o strategie cu privire la Avdiivka.<\/p>\n<p>Ce urmeaz\u0103? Ru\u0219ii vor recupera toate s\u0103tucele dimprejur \u0219i vor consolida un cordon de cam 50k \u00een proximitatea Done\u0163kului, poate chiar p\u00e2n\u0103 la Pokrovks. Aceast\u0103 marj\u0103 este necesar\u0103 pentru a feri Done\u0163kul de artileria ucrainenilor care bombardeaz\u0103 loca\u021bii civile \u0219i, evident, pune \u00een pericol via\u021ba locuitorilor. V\u0103 reamintesc c\u0103 Done\u0163k \u00eenc\u0103 este locuit \u0219i avea \u00een 2017 1 milion de oameni. Chiar dac\u0103 mergem pe o estimare de 20% care s\u0103 nu fi plecat \u00eenc\u0103, asta \u00eenseamn\u0103 un ora\u0219 c\u00e2t Gala\u0163iul. Pe l\u00e2ng\u0103 popula\u0163ie, evident Done\u0163k are spitale, depozite, cl\u0103diri cu beciuri care pot fi folosite pentru comandamentele Armatei etc., deci, pe scurt, e important pentru ru\u0219i ca Done\u0163k s\u0103 ias\u0103 \u00een afara razei de 50 km c\u00e2t poate artileria s\u0103 dea lovituri mortale precise.<\/p>\n<p>Un am\u0103nunt interesant este c\u0103 un voluntar rus care a postat pe Telegram c\u00e2teva statistici cu pierderile ru\u0219ilor (16 mii solda\u021bi \u0219i 300 tancuri) a fost sinucis de ru\u0219i. Nu aveam habar de aceast\u0103 categorie de sprijin a Armatei Ruse, dac\u0103 nu aflam de la propaganda oficial\u0103 ucrainean\u0103 care a eviden\u021biat bine\u00een\u021beles acest \u201cincident\u201d. Aceast\u0103 mi\u0219care de voluntari ajut\u0103 Armata, str\u00e2nge bani, cump\u0103r\u0103 echipamente. \u00cen Rusia! \u015ei, culmea, \u00eei pas\u0103 de oameni, de pierderi, de faptul c\u0103 nu se lupt\u0103 cu cap.<\/p>\n<p>C\u0103 veni vorba de luptat cu cap, un general imbecil rus s-a g\u00e2ndit s\u0103 fac\u0103 o inspec\u021bie a trupelor. Ucrainenii au aflat (aka au v\u0103zut live pe sateli\u021bii americanilor) \u0219i au trimis c\u00e2teva rachete Himars \u0219i i-au f\u0103cut muci. Zeci de mor\u021bi, doar pentru c\u0103 generalul dorea s\u0103 le vad\u0103 unghiile? De aceea zic c\u0103 acel buffer de 50km, cam c\u00e2t bat Himars-urile primite de ucraineni, este vital\u0103 pentru siguran\u021b\u0103 \u015fi prin urmare, ru\u015fii vor \u00eencerca s\u0103 o realizeze \u00een jurul Done\u0163kului.<\/p>\n<p>C\u0103 veni vorba de aceast\u0103 grani\u0163\u0103, cea mai optimist\u0103 variant\u0103 de exit din acest r\u0103zboi pentru ucraineni ar fi ca ru\u0219ii s\u0103 accepte s\u0103 cedeze, pe l\u00e2ng\u0103 ce au acum, un buffer de 50 km \u00een jurul teritoriilor deja ocupate. Dar <strong>negocierile de pace<\/strong> nici nu auzim de ele, dar\u0103mite s\u0103 sper\u0103m c\u0103 se va termina cur\u00e2nd! Din contr\u0103, SUA vor \u201clong war\u201d&#8230;<\/p>\n<figure class=\"wp-block-embed is-type-video is-provider-youtube wp-block-embed-youtube wp-embed-aspect-16-9 wp-has-aspect-ratio\">\n<div class=\"wp-block-embed__wrapper\"><span class=\"embed-youtube\"><iframe loading=\"lazy\" class=\"youtube-player\" src=\"https:\/\/www.youtube.com\/embed\/jL48QbnbCJw?version=3&amp;rel=1&amp;showsearch=0&amp;showinfo=1&amp;iv_load_policy=1&amp;fs=1&amp;hl=en-US&amp;autohide=2&amp;wmode=transparent\" width=\"860\" height=\"484\" sandbox=\"allow-scripts allow-same-origin allow-popups allow-presentation allow-popups-to-escape-sandbox\" allowfullscreen=\"allowfullscreen\" data-mce-fragment=\"1\"><\/iframe><\/span><\/div>\n<\/figure>\n<p>Singura speran\u0163\u0103 de pace vine doar \u00een scenariul unei lovituri de stat \u00een Ucraina, \u00een care Armata s\u0103 \u00eel dea jos pe Zelensky care este oricum extrem de nepopular, mult mai nepopular dec\u00e2t ne imagin\u0103m noi \u0219i dec\u00e2t transpir\u0103 \u00een afar\u0103.<\/p>\n<p>\u00cens\u0103, dup\u0103 ultimele mi\u015fc\u0103ri, Zelensky nu doar c\u0103 \u00eenc\u0103 are fr\u00e2iele puterii, dar \u015fi-a consolidat puterea \u0219i prin m\u0103tr\u0103\u015firea principalului inamic, \u015feful Armatei, care cerea nu neap\u0103rat negocieri \u015fi pace, c\u00e2t m\u0103car mobilizarea. Deoarece, v\u0103 reamintesc, Ucraina \u00eenc\u0103 nu a declarat stare de r\u0103zboi deoarece asta ar presupune mobilizare, care ar fi foarte nepopular\u0103.<\/p>\n<p>Faptul c\u0103 Ucraina nu a declarat \u00eenc\u0103 stare de r\u0103zboi \u0219i mobilizare ar trebui s\u0103 fie suficient s\u0103 ne pun\u0103 semne de \u00eentrebare cu privire la aderen\u021ba real\u0103 a poporului fa\u021b\u0103 de cauza ucrainean\u0103.<\/p>\n<p>Dup\u0103 mine, majoritatea popula\u021biei este cumva \u00een expectativ\u0103, sper\u0103 ca vestul s\u0103 finan\u021beze masiv Ucraina \u0219i ca armata de profesioni\u0219ti, cu voluntarii care s-au oferit dup\u0103, cu armele oferite de vest s\u0103 fie suficiente pentru a c\u00e2\u0219tiga. Adic\u0103, judec\u00e2nd pe c\u00e2teva aspecte legate de starea lucrurilor, nu cred c\u0103 putem concluziona sigur 100% c\u0103 ucrainenii sunt trup \u0219i suflet al\u0103turi de Zelensky, chiar dac\u0103, vocal, sunt clar \u00eempotriva ru\u0219ilor \u0219i \u015fi-ar dori s\u0103 fie primi\u021bi \u00een UE \u0219i NATO, cu condi\u021bia ca ei s\u0103 nu fac\u0103 prea mult efort \u00eens\u0103, mai precis, s\u0103 nu se duc\u0103 pe front sau s\u0103 accepte tot ce presupune starea de r\u0103zboi (na\u021bionalizarea resurselor, munca patriotic\u0103, salarii mici, ra\u021bii de m\u00e2ncare etc).<\/p>\n<p>Mare parte din ucraineni, cei care nu sunt direct afecta\u021bi de r\u0103zboi, de\u0219i au o via\u021b\u0103 grea, au, totu\u0219i, o via\u021b\u0103 relativ normal\u0103. Iat\u0103, <a href=\"https:\/\/www.youtube.com\/watch?v=oSL4XeN-4ro\">de exemplu<\/a>, ce zice un estonian care, av\u00e2nd nevasta ucraineanc\u0103, de\u0219i ar putea s\u0103 locuiasc\u0103 la el \u00een \u021bar\u0103, consider\u0103 c\u0103 via\u021ba \u00een Ucraina e mai bun\u0103 dec\u00e2t \u00een Estonia, cel pu\u021bin pentru el, prin prisma nivelului de trai. Am urm\u0103rit \u00eentreg videoul \u0219i estonianul ne explic\u0103 cum \u0219i-a renovat casa, cum afacerile merg bine, cum \u00eei place sauna de\u0219i au \u0219i un ciub\u0103r, etc. Loca\u021bia este proximitatea Odesei.<\/p>\n<figure class=\"wp-block-image size-large\"><img loading=\"lazy\" decoding=\"async\" class=\"wp-image-26349\" src=\"https:\/\/i0.wp.com\/chiazna.ro\/wp-content\/uploads\/2024\/02\/Screenshot-2024-02-22-072331.png?resize=860%2C506&amp;ssl=1\" sizes=\"auto, (max-width: 860px) 100vw, 860px\" srcset=\"https:\/\/i0.wp.com\/chiazna.ro\/wp-content\/uploads\/2024\/02\/Screenshot-2024-02-22-072331.png?resize=1024%2C603&amp;ssl=1 1024w, https:\/\/i0.wp.com\/chiazna.ro\/wp-content\/uploads\/2024\/02\/Screenshot-2024-02-22-072331.png?resize=300%2C177&amp;ssl=1 300w, https:\/\/i0.wp.com\/chiazna.ro\/wp-content\/uploads\/2024\/02\/Screenshot-2024-02-22-072331.png?resize=768%2C452&amp;ssl=1 768w, https:\/\/i0.wp.com\/chiazna.ro\/wp-content\/uploads\/2024\/02\/Screenshot-2024-02-22-072331.png?w=1275&amp;ssl=1 1275w\"  alt=\"Screenshot-2024-02-22-072331 Actualit\u0103\u021bi de pe frontul din Ucraina. Opinia lui Chiazna. VIDEO\"  width=\"860\" height=\"506\" data-attachment-id=\"26349\" data-permalink=\"https:\/\/chiazna.ro\/2024\/02\/actualitati-de-pe-frontul-din-ucraina\/screenshot-2024-02-22-072331\/\" data-orig-file=\"https:\/\/i0.wp.com\/chiazna.ro\/wp-content\/uploads\/2024\/02\/Screenshot-2024-02-22-072331.png?fit=1275%2C751&amp;ssl=1\" data-orig-size=\"1275,751\" data-comments-opened=\"1\" data-image-meta=\"{&quot;aperture&quot;:&quot;0&quot;,&quot;credit&quot;:&quot;&quot;,&quot;camera&quot;:&quot;&quot;,&quot;caption&quot;:&quot;&quot;,&quot;created_timestamp&quot;:&quot;0&quot;,&quot;copyright&quot;:&quot;&quot;,&quot;focal_length&quot;:&quot;0&quot;,&quot;iso&quot;:&quot;0&quot;,&quot;shutter_speed&quot;:&quot;0&quot;,&quot;title&quot;:&quot;&quot;,&quot;orientation&quot;:&quot;0&quot;}\" data-image- title=\"RoExit\"  data-image-description=\"\" data-image-caption=\"\" data-medium-file=\"https:\/\/i0.wp.com\/chiazna.ro\/wp-content\/uploads\/2024\/02\/Screenshot-2024-02-22-072331.png?fit=300%2C177&amp;ssl=1\" data-large-file=\"https:\/\/i0.wp.com\/chiazna.ro\/wp-content\/uploads\/2024\/02\/Screenshot-2024-02-22-072331.png?fit=860%2C506&amp;ssl=1\" data-recalc-dims=\"1\" \/><figcaption class=\"wp-element-caption\">screnshot din\u00a0<a href=\"https:\/\/www.youtube.com\/watch?v=oSL4XeN-4ro\">Estonian Couple Invites Me into their Home<\/a>\u00a0\u2013 8 DEC 2023<\/figcaption><\/figure>\n<p>Cu privire la alte zone ale frontului, pe <strong>Zaporojie <\/strong>ru\u015fii \u00eenc\u0103 nu au recuperat Robotyne, dar este doar chestiune de timp. Personal, nu \u00een\u021beleg dezinteresul ro\u0219ilor pentru aceast\u0103 regiune dec\u00e2t c\u0103, suspiciunea c\u0103 doresc s\u0103 taie ucrainenilor ie\u0219irea la Marea Neagr\u0103 nu e prea real\u0103. Evident c\u0103 dac\u0103 costurile vor sc\u0103dea, avansul va avea loc \u0219i aici, dar, deocamdat\u0103, dac\u0103 ne uit\u0103m pe hart\u0103, acest front este cel mai vestic progres al ru\u0219ilor, prin urmare e firesc ca prioritatea s\u0103 fie \u00een alte zone, cu tot riscul \u2013 dovedit deocamdat\u0103 sc\u0103zut \u2013 al penetr\u0103rii ucrainenilor spre Crimeea.<\/p>\n<p>Mai degrab\u0103, ru\u0219ii prefer\u0103 s\u0103 \u201crezolve\u201d loviturile ucrainenilor asupra Crimeei prin ac\u021biuni punctuale de pedepsire pentru fiecare lovitur\u0103 semnificativ\u0103 a ucrainenilor.<\/p>\n<p><strong>Vilohorivka\u00a0<\/strong>este de departe prima pe lista\u00a0<em>to do<\/em> a ru\u0219ilor, deoarece au avut-o \u00eenainte de revenirea spectaculoas\u0103 a ucrainenilor din toamna lui 2022. De asemenea, pe direc\u021bia <strong>Marinka<\/strong> ru\u015fii vor avansa iarna asta deoarece probabil infrastructura le permite s\u0103 se mi\u0219te mai bine \u00een aceast\u0103 por\u021biune a frontului, spre deosebire de <strong>Zaporojie <\/strong>unde avem teritoriu n\u0103molos, ape, mla\u015ftini, nisip, e vorba de acel teritoriu unde \u201ccineva\u201d a distrus barajul pentru a inunda zeci de kilometri p\u0103tra\u0163i \u015fi pentru a crea un c\u00e2mp deschis unde avansul oric\u0103rei armate se supune tirurilor inamicilor, neav\u00e2nd nici o protec\u021bie de genul cl\u0103diri sau pomi care s\u0103 obtureze vizibilitatea.<\/p>\n<p>Partizanii pro-ru\u0219i (sau pro-polonezi) din Lvov sunt de asemenea o noutate ciudat\u0103. \u0218tiri au ap\u0103rut doar pe anumite canale, cum c\u0103 partizani anti-guvern au f\u0103cut unele atentate la unele depozite de muni\u021bie din Lvov. Evident c\u0103 pot fi multe variante, ce este cert este c\u0103 ucrainenii au probleme interne, pare un foc mocnit care st\u0103 s\u0103 se aprind\u0103.<\/p>\n<p>Cert este c\u0103, dup\u0103 pierderile de acum, pentru a restabili \u00eencrederea, e nevoie urgent\u0103 de ceva victorii, altfel moralul se va pierde. Moralul este deja jos, dar etapa \u00een care suntem acum va determina cumva pe unde va trece linia de separare, la cel mult 50km de ce au acum ru\u015fii \u2013 \u00een scenariul pozitiv, sau mult mai aproape de noi, poate chiar la grani\u021b\u0103, dac\u0103 varianta cu r\u0103zboiul perpetuu dorit de americani va domina politica ucrainean\u0103 \u0219i o lovitur\u0103 intern\u0103 nu va reu\u0219i decuplarea de Imperiu pentru a \u00eencepe negocieri rapide \u0219i avantajoase cu ru\u0219ii, avantajoase \u00een perspectiva mult mai r\u0103ului care se poate \u00eent\u00e2mpla dac\u0103 se continu\u0103 politica actual\u0103, care este evident c\u0103 nu d\u0103 rezultate.<\/p>\n<p>&nbsp;<\/p>\n","protected":false},"excerpt":{"rendered":"<p>Un articol publicat de G. Chiazna ini\u021bial pe Chiazna.ro Cred c\u0103 ultimul articol despre starea r\u0103zboiului a fost \u00een\u00a0DE CE SE GR\u0102BESC RU\u0218II? din 16 DEC 2023. Situa\u021bia pe front este nasoal\u0103, dar doresc s\u0103 v\u0103 atrag aten\u021bia asupra unui aspect. Toat\u0103 lumea \u2013 \u0219i chiar eu am mu\u0219cat din aceast\u0103 gogoa\u0219\u0103 \u2013 credea c\u0103 [&hellip;]<\/p>\n","protected":false},"author":3,"featured_media":1645,"comment_status":"open","ping_status":"open","sticky":false,"template":"","format":"standard","meta":{"footnotes":""},"categories":[270,32,4],"tags":[310,219,1300,1305,196,1302,1303,309,909,1054,21,1304,218,1307,1046,105,1301,12,1299,99,1306],"class_list":["post-1640","post","type-post","status-publish","format-standard","has-post-thumbnail","hentry","category-externe","category-opinii","category-stil_de_viata","tag-chiazna-ro","tag-crimeea","tag-donetk","tag-estonia","tag-gigel-chiazna","tag-himars","tag-long-war","tag-lovitura-de-stat","tag-marea-neagra","tag-mobilizare","tag-nato","tag-negocieri-de-pace","tag-odesa","tag-partizanii-din-liov","tag-razboi-donbas","tag-razboi-ucraina","tag-tancuri-leopard","tag-ue","tag-ukraine-fatigue","tag-volodimir-zelenski","tag-zaporojie"],"yoast_head":"<!-- This site is optimized with the Yoast SEO plugin v24.4 - https:\/\/yoast.com\/wordpress\/plugins\/seo\/ -->\n<title>Actualit\u0103\u021bi de pe frontul din Ucraina. Opinia lui Chiazna. VIDEO - RoExit<\/title>\n<meta name=\"robots\" content=\"index, follow, max-snippet:-1, max-image-preview:large, max-video-preview:-1\" \/>\n<link rel=\"canonical\" href=\"https:\/\/roexit.info\/?p=1640\" \/>\n<meta property=\"og:locale\" content=\"ro_RO\" \/>\n<meta property=\"og:type\" content=\"article\" \/>\n<meta property=\"og:title\" content=\"Actualit\u0103\u021bi de pe frontul din Ucraina. Opinia lui Chiazna. VIDEO - RoExit\" \/>\n<meta property=\"og:description\" content=\"Un articol publicat de G. Chiazna ini\u021bial pe Chiazna.ro Cred c\u0103 ultimul articol despre starea r\u0103zboiului a fost \u00een\u00a0DE CE SE GR\u0102BESC RU\u0218II? din 16 DEC 2023. Situa\u021bia pe front este nasoal\u0103, dar doresc s\u0103 v\u0103 atrag aten\u021bia asupra unui aspect. Toat\u0103 lumea \u2013 \u0219i chiar eu am mu\u0219cat din aceast\u0103 gogoa\u0219\u0103 \u2013 credea c\u0103 [&hellip;]\" \/>\n<meta property=\"og:url\" content=\"https:\/\/roexit.info\/?p=1640\" \/>\n<meta property=\"og:site_name\" content=\"RoExit\" \/>\n<meta property=\"article:published_time\" content=\"2024-02-22T21:55:15+00:00\" \/>\n<meta property=\"article:modified_time\" content=\"2025-10-21T15:45:55+00:00\" \/>\n<meta property=\"og:image\" content=\"https:\/\/roexit.info\/wp-content\/uploads\/2024\/03\/harta-rezbel.png\" \/>\n\t<meta property=\"og:image:width\" content=\"604\" \/>\n\t<meta property=\"og:image:height\" content=\"410\" \/>\n\t<meta property=\"og:image:type\" content=\"image\/png\" \/>\n<meta name=\"author\" content=\"P\u00e2r\u0103u Vlad\" \/>\n<meta name=\"twitter:card\" content=\"summary_large_image\" \/>\n<meta name=\"twitter:label1\" content=\"Scris de\" \/>\n\t<meta name=\"twitter:data1\" content=\"P\u00e2r\u0103u Vlad\" \/>\n\t<meta name=\"twitter:label2\" content=\"Timp estimat pentru citire\" \/>\n\t<meta name=\"twitter:data2\" content=\"9 minute\" \/>\n<script type=\"application\/ld+json\" class=\"yoast-schema-graph\">{\"@context\":\"https:\/\/schema.org\",\"@graph\":[{\"@type\":\"Article\",\"@id\":\"https:\/\/roexit.info\/?p=1640#article\",\"isPartOf\":{\"@id\":\"https:\/\/roexit.info\/?p=1640\"},\"author\":{\"name\":\"P\u00e2r\u0103u Vlad\",\"@id\":\"https:\/\/roexit.info\/#\/schema\/person\/3822a7ccbd940791ab5628bbe51086c1\"},\"headline\":\"Actualit\u0103\u021bi de pe frontul din Ucraina. Opinia lui Chiazna. VIDEO\",\"datePublished\":\"2024-02-22T21:55:15+00:00\",\"dateModified\":\"2025-10-21T15:45:55+00:00\",\"mainEntityOfPage\":{\"@id\":\"https:\/\/roexit.info\/?p=1640\"},\"wordCount\":1688,\"commentCount\":0,\"publisher\":{\"@id\":\"https:\/\/roexit.info\/#organization\"},\"image\":{\"@id\":\"https:\/\/roexit.info\/?p=1640#primaryimage\"},\"thumbnailUrl\":\"https:\/\/roexit.info\/wp-content\/uploads\/2024\/03\/harta-rezbel.png\",\"keywords\":[\"chiazna.ro\",\"Crimeea\",\"Done\u0163k\",\"Estonia\",\"Gigel Chiazna\",\"HIMARS\",\"long war\",\"lovitur\u0103 de stat\",\"Marea Neagr\u0103\",\"mobilizare\",\"NATO\",\"negocieri de pace\",\"Odesa\",\"partizanii din Liov\",\"r\u0103zboi Donbas\",\"r\u0103zboi Ucraina\",\"Tancuri Leopard\",\"UE\",\"Ukraine-fatigue\",\"Volodimir Zelenski\",\"Zaporojie\"],\"articleSection\":[\"Externe\",\"Opinii\",\"Via\u021ba \u00een secolul XXI\"],\"inLanguage\":\"ro-RO\",\"potentialAction\":[{\"@type\":\"CommentAction\",\"name\":\"Comment\",\"target\":[\"https:\/\/roexit.info\/?p=1640#respond\"]}]},{\"@type\":\"WebPage\",\"@id\":\"https:\/\/roexit.info\/?p=1640\",\"url\":\"https:\/\/roexit.info\/?p=1640\",\"name\":\"Actualit\u0103\u021bi de pe frontul din Ucraina. Opinia lui Chiazna. VIDEO - RoExit\",\"isPartOf\":{\"@id\":\"https:\/\/roexit.info\/#website\"},\"primaryImageOfPage\":{\"@id\":\"https:\/\/roexit.info\/?p=1640#primaryimage\"},\"image\":{\"@id\":\"https:\/\/roexit.info\/?p=1640#primaryimage\"},\"thumbnailUrl\":\"https:\/\/roexit.info\/wp-content\/uploads\/2024\/03\/harta-rezbel.png\",\"datePublished\":\"2024-02-22T21:55:15+00:00\",\"dateModified\":\"2025-10-21T15:45:55+00:00\",\"breadcrumb\":{\"@id\":\"https:\/\/roexit.info\/?p=1640#breadcrumb\"},\"inLanguage\":\"ro-RO\",\"potentialAction\":[{\"@type\":\"ReadAction\",\"target\":[\"https:\/\/roexit.info\/?p=1640\"]}]},{\"@type\":\"ImageObject\",\"inLanguage\":\"ro-RO\",\"@id\":\"https:\/\/roexit.info\/?p=1640#primaryimage\",\"url\":\"https:\/\/roexit.info\/wp-content\/uploads\/2024\/03\/harta-rezbel.png\",\"contentUrl\":\"https:\/\/roexit.info\/wp-content\/uploads\/2024\/03\/harta-rezbel.png\",\"width\":604,\"height\":410},{\"@type\":\"BreadcrumbList\",\"@id\":\"https:\/\/roexit.info\/?p=1640#breadcrumb\",\"itemListElement\":[{\"@type\":\"ListItem\",\"position\":1,\"name\":\"Prima pagin\u0103\",\"item\":\"https:\/\/roexit.info\/\"},{\"@type\":\"ListItem\",\"position\":2,\"name\":\"Actualit\u0103\u021bi de pe frontul din Ucraina. Opinia lui Chiazna. VIDEO\"}]},{\"@type\":\"WebSite\",\"@id\":\"https:\/\/roexit.info\/#website\",\"url\":\"https:\/\/roexit.info\/\",\"name\":\"RoExit\",\"description\":\"UE la co\u0219ul de gunoi al istoriei\",\"publisher\":{\"@id\":\"https:\/\/roexit.info\/#organization\"},\"potentialAction\":[{\"@type\":\"SearchAction\",\"target\":{\"@type\":\"EntryPoint\",\"urlTemplate\":\"https:\/\/roexit.info\/?s={search_term_string}\"},\"query-input\":{\"@type\":\"PropertyValueSpecification\",\"valueRequired\":true,\"valueName\":\"search_term_string\"}}],\"inLanguage\":\"ro-RO\"},{\"@type\":\"Organization\",\"@id\":\"https:\/\/roexit.info\/#organization\",\"name\":\"RoExit\",\"url\":\"https:\/\/roexit.info\/\",\"logo\":{\"@type\":\"ImageObject\",\"inLanguage\":\"ro-RO\",\"@id\":\"https:\/\/roexit.info\/#\/schema\/logo\/image\/\",\"url\":\"https:\/\/roexit.info\/wp-content\/uploads\/2023\/12\/cropped-logo-vsrianta-2.jpeg\",\"contentUrl\":\"https:\/\/roexit.info\/wp-content\/uploads\/2023\/12\/cropped-logo-vsrianta-2.jpeg\",\"width\":358,\"height\":277,\"caption\":\"RoExit\"},\"image\":{\"@id\":\"https:\/\/roexit.info\/#\/schema\/logo\/image\/\"}},{\"@type\":\"Person\",\"@id\":\"https:\/\/roexit.info\/#\/schema\/person\/3822a7ccbd940791ab5628bbe51086c1\",\"name\":\"P\u00e2r\u0103u Vlad\",\"image\":{\"@type\":\"ImageObject\",\"inLanguage\":\"ro-RO\",\"@id\":\"https:\/\/roexit.info\/#\/schema\/person\/image\/\",\"url\":\"https:\/\/secure.gravatar.com\/avatar\/14aff8b17897b19faac02aca2a116530d9e5c8912df6512c1bf3efb45f65a5f7?s=96&d=mm&r=g\",\"contentUrl\":\"https:\/\/secure.gravatar.com\/avatar\/14aff8b17897b19faac02aca2a116530d9e5c8912df6512c1bf3efb45f65a5f7?s=96&d=mm&r=g\",\"caption\":\"P\u00e2r\u0103u Vlad\"},\"description\":\"Redactor\/Editor at ROexit.info Redactor at Cerul, codrul \u0219i p\u00e2r\u0103ul Studied at Universitatea Lucian Blaga Sibiu\",\"sameAs\":[\"http:\/\/roexit.info\"],\"url\":\"https:\/\/roexit.info\/?author=3\"}]}<\/script>\n<!-- \/ Yoast SEO plugin. -->","yoast_head_json":{"title":"Actualit\u0103\u021bi de pe frontul din Ucraina. Opinia lui Chiazna. VIDEO - RoExit","robots":{"index":"index","follow":"follow","max-snippet":"max-snippet:-1","max-image-preview":"max-image-preview:large","max-video-preview":"max-video-preview:-1"},"canonical":"https:\/\/roexit.info\/?p=1640","og_locale":"ro_RO","og_type":"article","og_title":"Actualit\u0103\u021bi de pe frontul din Ucraina. Opinia lui Chiazna. VIDEO - RoExit","og_description":"Un articol publicat de G. Chiazna ini\u021bial pe Chiazna.ro Cred c\u0103 ultimul articol despre starea r\u0103zboiului a fost \u00een\u00a0DE CE SE GR\u0102BESC RU\u0218II? din 16 DEC 2023. Situa\u021bia pe front este nasoal\u0103, dar doresc s\u0103 v\u0103 atrag aten\u021bia asupra unui aspect. Toat\u0103 lumea \u2013 \u0219i chiar eu am mu\u0219cat din aceast\u0103 gogoa\u0219\u0103 \u2013 credea c\u0103 [&hellip;]","og_url":"https:\/\/roexit.info\/?p=1640","og_site_name":"RoExit","article_published_time":"2024-02-22T21:55:15+00:00","article_modified_time":"2025-10-21T15:45:55+00:00","og_image":[{"width":604,"height":410,"url":"https:\/\/roexit.info\/wp-content\/uploads\/2024\/03\/harta-rezbel.png","type":"image\/png"}],"author":"P\u00e2r\u0103u Vlad","twitter_card":"summary_large_image","twitter_misc":{"Scris de":"P\u00e2r\u0103u Vlad","Timp estimat pentru citire":"9 minute"},"schema":{"@context":"https:\/\/schema.org","@graph":[{"@type":"Article","@id":"https:\/\/roexit.info\/?p=1640#article","isPartOf":{"@id":"https:\/\/roexit.info\/?p=1640"},"author":{"name":"P\u00e2r\u0103u Vlad","@id":"https:\/\/roexit.info\/#\/schema\/person\/3822a7ccbd940791ab5628bbe51086c1"},"headline":"Actualit\u0103\u021bi de pe frontul din Ucraina. Opinia lui Chiazna. VIDEO","datePublished":"2024-02-22T21:55:15+00:00","dateModified":"2025-10-21T15:45:55+00:00","mainEntityOfPage":{"@id":"https:\/\/roexit.info\/?p=1640"},"wordCount":1688,"commentCount":0,"publisher":{"@id":"https:\/\/roexit.info\/#organization"},"image":{"@id":"https:\/\/roexit.info\/?p=1640#primaryimage"},"thumbnailUrl":"https:\/\/roexit.info\/wp-content\/uploads\/2024\/03\/harta-rezbel.png","keywords":["chiazna.ro","Crimeea","Done\u0163k","Estonia","Gigel Chiazna","HIMARS","long war","lovitur\u0103 de stat","Marea Neagr\u0103","mobilizare","NATO","negocieri de pace","Odesa","partizanii din Liov","r\u0103zboi Donbas","r\u0103zboi Ucraina","Tancuri Leopard","UE","Ukraine-fatigue","Volodimir Zelenski","Zaporojie"],"articleSection":["Externe","Opinii","Via\u021ba \u00een secolul XXI"],"inLanguage":"ro-RO","potentialAction":[{"@type":"CommentAction","name":"Comment","target":["https:\/\/roexit.info\/?p=1640#respond"]}]},{"@type":"WebPage","@id":"https:\/\/roexit.info\/?p=1640","url":"https:\/\/roexit.info\/?p=1640","name":"Actualit\u0103\u021bi de pe frontul din Ucraina. Opinia lui Chiazna. VIDEO - RoExit","isPartOf":{"@id":"https:\/\/roexit.info\/#website"},"primaryImageOfPage":{"@id":"https:\/\/roexit.info\/?p=1640#primaryimage"},"image":{"@id":"https:\/\/roexit.info\/?p=1640#primaryimage"},"thumbnailUrl":"https:\/\/roexit.info\/wp-content\/uploads\/2024\/03\/harta-rezbel.png","datePublished":"2024-02-22T21:55:15+00:00","dateModified":"2025-10-21T15:45:55+00:00","breadcrumb":{"@id":"https:\/\/roexit.info\/?p=1640#breadcrumb"},"inLanguage":"ro-RO","potentialAction":[{"@type":"ReadAction","target":["https:\/\/roexit.info\/?p=1640"]}]},{"@type":"ImageObject","inLanguage":"ro-RO","@id":"https:\/\/roexit.info\/?p=1640#primaryimage","url":"https:\/\/roexit.info\/wp-content\/uploads\/2024\/03\/harta-rezbel.png","contentUrl":"https:\/\/roexit.info\/wp-content\/uploads\/2024\/03\/harta-rezbel.png","width":604,"height":410},{"@type":"BreadcrumbList","@id":"https:\/\/roexit.info\/?p=1640#breadcrumb","itemListElement":[{"@type":"ListItem","position":1,"name":"Prima pagin\u0103","item":"https:\/\/roexit.info\/"},{"@type":"ListItem","position":2,"name":"Actualit\u0103\u021bi de pe frontul din Ucraina. Opinia lui Chiazna. VIDEO"}]},{"@type":"WebSite","@id":"https:\/\/roexit.info\/#website","url":"https:\/\/roexit.info\/","name":"RoExit","description":"UE la co\u0219ul de gunoi al istoriei","publisher":{"@id":"https:\/\/roexit.info\/#organization"},"potentialAction":[{"@type":"SearchAction","target":{"@type":"EntryPoint","urlTemplate":"https:\/\/roexit.info\/?s={search_term_string}"},"query-input":{"@type":"PropertyValueSpecification","valueRequired":true,"valueName":"search_term_string"}}],"inLanguage":"ro-RO"},{"@type":"Organization","@id":"https:\/\/roexit.info\/#organization","name":"RoExit","url":"https:\/\/roexit.info\/","logo":{"@type":"ImageObject","inLanguage":"ro-RO","@id":"https:\/\/roexit.info\/#\/schema\/logo\/image\/","url":"https:\/\/roexit.info\/wp-content\/uploads\/2023\/12\/cropped-logo-vsrianta-2.jpeg","contentUrl":"https:\/\/roexit.info\/wp-content\/uploads\/2023\/12\/cropped-logo-vsrianta-2.jpeg","width":358,"height":277,"caption":"RoExit"},"image":{"@id":"https:\/\/roexit.info\/#\/schema\/logo\/image\/"}},{"@type":"Person","@id":"https:\/\/roexit.info\/#\/schema\/person\/3822a7ccbd940791ab5628bbe51086c1","name":"P\u00e2r\u0103u Vlad","image":{"@type":"ImageObject","inLanguage":"ro-RO","@id":"https:\/\/roexit.info\/#\/schema\/person\/image\/","url":"https:\/\/secure.gravatar.com\/avatar\/14aff8b17897b19faac02aca2a116530d9e5c8912df6512c1bf3efb45f65a5f7?s=96&d=mm&r=g","contentUrl":"https:\/\/secure.gravatar.com\/avatar\/14aff8b17897b19faac02aca2a116530d9e5c8912df6512c1bf3efb45f65a5f7?s=96&d=mm&r=g","caption":"P\u00e2r\u0103u Vlad"},"description":"Redactor\/Editor at ROexit.info Redactor at Cerul, codrul \u0219i p\u00e2r\u0103ul Studied at Universitatea Lucian Blaga Sibiu","sameAs":["http:\/\/roexit.info"],"url":"https:\/\/roexit.info\/?author=3"}]}},"_links":{"self":[{"href":"https:\/\/roexit.info\/index.php?rest_route=\/wp\/v2\/posts\/1640","targetHints":{"allow":["GET"]}}],"collection":[{"href":"https:\/\/roexit.info\/index.php?rest_route=\/wp\/v2\/posts"}],"about":[{"href":"https:\/\/roexit.info\/index.php?rest_route=\/wp\/v2\/types\/post"}],"author":[{"embeddable":true,"href":"https:\/\/roexit.info\/index.php?rest_route=\/wp\/v2\/users\/3"}],"replies":[{"embeddable":true,"href":"https:\/\/roexit.info\/index.php?rest_route=%2Fwp%2Fv2%2Fcomments&post=1640"}],"version-history":[{"count":2,"href":"https:\/\/roexit.info\/index.php?rest_route=\/wp\/v2\/posts\/1640\/revisions"}],"predecessor-version":[{"id":1646,"href":"https:\/\/roexit.info\/index.php?rest_route=\/wp\/v2\/posts\/1640\/revisions\/1646"}],"wp:featuredmedia":[{"embeddable":true,"href":"https:\/\/roexit.info\/index.php?rest_route=\/wp\/v2\/media\/1645"}],"wp:attachment":[{"href":"https:\/\/roexit.info\/index.php?rest_route=%2Fwp%2Fv2%2Fmedia&parent=1640"}],"wp:term":[{"taxonomy":"category","embeddable":true,"href":"https:\/\/roexit.info\/index.php?rest_route=%2Fwp%2Fv2%2Fcategories&post=1640"},{"taxonomy":"post_tag","embeddable":true,"href":"https:\/\/roexit.info\/index.php?rest_route=%2Fwp%2Fv2%2Ftags&post=1640"}],"curies":[{"name":"wp","href":"https:\/\/api.w.org\/{rel}","templated":true}]}}