{"id":1662,"date":"2024-02-24T18:53:27","date_gmt":"2024-02-24T18:53:27","guid":{"rendered":"https:\/\/roexit.info\/?p=1662"},"modified":"2025-10-21T15:45:55","modified_gmt":"2025-10-21T15:45:55","slug":"cand-o-sa-faca-poc-nuclearele-vom-afla-cu-intarziere-opinia-lui-chiazna","status":"publish","type":"post","link":"https:\/\/roexit.info\/?p=1662","title":{"rendered":"C\u00e2nd o s\u0103 fac\u0103 POC nuclearele, vom afla cu \u00eent\u00e2rziere. Opinia lui Chiazna"},"content":{"rendered":"<p><em>Un articol publicat de G. Chiazna ini\u021bial pe <a href=\"https:\/\/chiazna.ro\/2024\/02\/cand-o-sa-faca-poc-nuclearele-vom-afla-cu-intarziere\/\">Chiazna.ro<\/a><\/em><\/p>\n<p>Apropo de \u015ftirea recent\u0103 cu avioanele franceze pe care era s\u0103 le dea ru\u015fii jos. Mai precis, abia acum am fost informa\u0163i de \u015ftirile oficiale c\u0103, acum dou\u0103 luni, dou\u0103 avioane fran\u0163uze\u015fti au fost avertizate de ni\u015fte puncte de control ruse\u015fti c\u0103 vor fi \u0163intite dac\u0103 nu pleac\u0103 \u2026<\/p>\n<p>Nu mai fac refeni\u0163e la articolul unde \u00eemi explic perspectiva asupra r\u0103zboiului. Indiferent de scenariu, ideea este c\u0103 un r\u0103zboi nuclear nu va fi transmis live la \u015ftiri. C\u00e2nd vor zbura nuclearele, dac\u0103 noi nu \u015ftim c\u0103 zboar\u0103, suntem deja condamna\u0163i la \u2026 Cei care trebuie s\u0103 \u015ftie sunt deja unde trebuie.<\/p>\n<p>Ideea este c\u0103 cei puternici, care redacteaz\u0103 \u015ftirile oficiale \u015fi care apas\u0103 pe butonul de lansare, nu doresc s\u0103 produc\u0103 haos \u00eenainte de vreme. Poate cea mai clar\u0103 paralel\u0103 istoric\u0103 este cu atitudinea lui Zelensky \u015fi a ucrainenilor care, \u00een ciuda avertismentelor pe fa\u021b\u0103 ale americanilor \u0219i europenilor cum c\u0103 o invazie este iminent\u0103, nu au f\u0103cut nimic, nu au mobilizat armata, nu au trimis armata la grani\u021b\u0103, nu au alertat popula\u021bia. At\u00e2t de \u0219oca\u021bi au fost ucrainenii de invazie \u00eenc\u00e2t unele trasee ale tancurilor erau urm\u0103rite de copii care se jucau cu dronele \u0219i apoi sunau la 112 ca s\u0103 informeze autorit\u0103\u021bile c\u0103 pe strada lor trec tancurile ru\u0219ilor.<\/p>\n<p>Deci, cei care preg\u0103tesc acest atac nuclear se vor preg\u0103ti dinainte de nucleare \u0219i vor dori s\u0103 am\u00e2ne momentul panicii \u015fi al disolu\u021biei societ\u0103\u021bii \u2013 inevitabile dup\u0103 acest moment &#8211; c\u00e2t mai mult timp, pentru ca ei s\u0103 aib\u0103 \u0219anse s\u0103 scape \u0219i, eventual, s\u0103 profite de necuno\u0219tin\u021ba oamenilor. Ideal pentru elite ar fi ca lumea s\u0103 nu fie deloc speriat\u0103 de nucleare \u0219i societatea s\u0103 poat\u0103 func\u021biona \u00een continuare. A\u0219a cum, de exemplu, politicienii actuali ai Rom\u00e2niei nu m\u0103n\u00e2nc\u0103 ulei de \u201cprim\u0103 pres\u0103\u201d din pia\u021b\u0103, f\u0103cut \u00een condi\u021bii insalubre din cereale ucrainene, ca tot melteanul de r\u00e2nd, v\u00e2ndut la negru cu acceptul autorit\u0103\u021bilor pentru ca pre\u021burile s\u0103 fie tolerabile \u0219i pentru baza piramidei, ci cu siguran\u021b\u0103 ei prefer\u0103 uleiul virgin din Grecia, care are toate etichetele \u0219i \u0219tampilele produc\u0103torului, dar cost\u0103 de 300 de ori mai mult ca ce m\u0103n\u00e2nc\u0103 omul de jos, tot a\u0219a va fi \u0219i c\u00e2nd pornesc nuclearele. Elitele \u015fi-ar dori ca m\u0103car electricitatea s\u0103 func\u021bioneze, ca m\u0103car poli\u021bia \u0219i armata s\u0103 asigure c\u00e2t de c\u00e2t siguran\u021ba lor \u0219i ca m\u0103car televiziunile s\u0103 poat\u0103 s\u0103 manipuleze \u00een continuare prostimea.<\/p>\n<p>Dar, oare, cum s\u0103 nu afl\u0103m c\u0103 au pornit nuclearele dac\u0103 toat\u0103 lumea are telefoane \u00een ziua de azi?! Ei bine, nu e musai. \u00cenc\u0103 c\u00e2teva luni \u0219i nimeni nu va mai crede nimic din ce vede din cauza inteligen\u021bei artificiale \u0219i a fake-urilor care se pot face. \u00cen plus, popula\u021bia e deja configurat\u0103 pentru a r\u0103spunde doar la c\u00e2teva surse de informare, care vor fi controlate. Chiar dac\u0103 pe anumite re\u021bele sociale vom vedea film\u0103ri cu ciuperci, dac\u0103 la TV vom vedea pe Radu Tudor c\u0103 ne spune c\u0103 sunt fake-uri \u0219i trebuie s\u0103 p\u0103str\u0103m ordinea \u0219i s\u0103 st\u0103m \u00een cas\u0103, s\u0103 nu ne gr\u0103m\u0103dim la hypermarket ca s\u0103 cump\u0103r\u0103m h\u00e2rtie igienic\u0103, popula\u021bia va asculta.<\/p>\n<p>Evident c\u0103 va fi un moment al adev\u0103rului, c\u00e2nd ne vom mira, de exemplu, de ce nu mai curge apa sau de ce a picat telefonia. Atunci, \u00eens\u0103, va fi prea t\u00e2rziu dac\u0103 \u00eentre timp nu ne vom fi preg\u0103tit. <strong>Cum s\u0103 te preg\u0103te\u0219ti de r\u0103zboi nuclear? Dac\u0103 \u00ee\u021bi pui acum \u00eentrebarea asta, e probabil prea t\u00e2rziu pentru tine.<\/strong><\/p>\n<p>&nbsp;<\/p>\n","protected":false},"excerpt":{"rendered":"<p>Un articol publicat de G. Chiazna ini\u021bial pe Chiazna.ro Apropo de \u015ftirea recent\u0103 cu avioanele franceze pe care era s\u0103 le dea ru\u015fii jos. Mai precis, abia acum am fost informa\u0163i de \u015ftirile oficiale c\u0103, acum dou\u0103 luni, dou\u0103 avioane fran\u0163uze\u015fti au fost avertizate de ni\u015fte puncte de control ruse\u015fti c\u0103 vor fi \u0163intite dac\u0103 [&hellip;]<\/p>\n","protected":false},"author":3,"featured_media":1664,"comment_status":"open","ping_status":"open","sticky":false,"template":"","format":"standard","meta":{"footnotes":""},"categories":[270,32,4],"tags":[481,310,1314,1311,196,1310,588,1309,1053,1315,972,105,1308,1312,1313,99],"class_list":["post-1662","post","type-post","status-publish","format-standard","has-post-thumbnail","hentry","category-externe","category-opinii","category-stil_de_viata","tag-cereale-ucraina","tag-chiazna-ro","tag-deep-fake","tag-disolutia-societatii","tag-gigel-chiazna","tag-haos","tag-ia-inteligenta-artificiala","tag-intarzierea-dintre-eveniment-si-publicarea-lui","tag-presa-mituita-de-guvern","tag-radu-tudor","tag-razboi-nuclear","tag-razboi-ucraina","tag-stiri-oficiale","tag-ulei-de-prima-presa","tag-ulei-virgin-grecia","tag-volodimir-zelenski"],"yoast_head":"<!-- This site is optimized with the Yoast SEO plugin v24.4 - https:\/\/yoast.com\/wordpress\/plugins\/seo\/ -->\n<title>C\u00e2nd o s\u0103 fac\u0103 POC nuclearele, vom afla cu \u00eent\u00e2rziere. Opinia lui Chiazna - RoExit<\/title>\n<meta name=\"robots\" content=\"index, follow, max-snippet:-1, max-image-preview:large, max-video-preview:-1\" \/>\n<link rel=\"canonical\" href=\"https:\/\/roexit.info\/?p=1662\" \/>\n<meta property=\"og:locale\" content=\"ro_RO\" \/>\n<meta property=\"og:type\" content=\"article\" \/>\n<meta property=\"og:title\" content=\"C\u00e2nd o s\u0103 fac\u0103 POC nuclearele, vom afla cu \u00eent\u00e2rziere. Opinia lui Chiazna - RoExit\" \/>\n<meta property=\"og:description\" content=\"Un articol publicat de G. Chiazna ini\u021bial pe Chiazna.ro Apropo de \u015ftirea recent\u0103 cu avioanele franceze pe care era s\u0103 le dea ru\u015fii jos. Mai precis, abia acum am fost informa\u0163i de \u015ftirile oficiale c\u0103, acum dou\u0103 luni, dou\u0103 avioane fran\u0163uze\u015fti au fost avertizate de ni\u015fte puncte de control ruse\u015fti c\u0103 vor fi \u0163intite dac\u0103 [&hellip;]\" \/>\n<meta property=\"og:url\" content=\"https:\/\/roexit.info\/?p=1662\" \/>\n<meta property=\"og:site_name\" content=\"RoExit\" \/>\n<meta property=\"article:published_time\" content=\"2024-02-24T18:53:27+00:00\" \/>\n<meta property=\"article:modified_time\" content=\"2025-10-21T15:45:55+00:00\" \/>\n<meta property=\"og:image\" content=\"https:\/\/roexit.info\/wp-content\/uploads\/2024\/03\/oras-in-flacari-1.jpg\" \/>\n\t<meta property=\"og:image:width\" content=\"720\" \/>\n\t<meta property=\"og:image:height\" content=\"534\" \/>\n\t<meta property=\"og:image:type\" content=\"image\/jpeg\" \/>\n<meta name=\"author\" content=\"P\u00e2r\u0103u Vlad\" \/>\n<meta name=\"twitter:card\" content=\"summary_large_image\" \/>\n<meta name=\"twitter:label1\" content=\"Scris de\" \/>\n\t<meta name=\"twitter:data1\" content=\"P\u00e2r\u0103u Vlad\" \/>\n\t<meta name=\"twitter:label2\" content=\"Timp estimat pentru citire\" \/>\n\t<meta name=\"twitter:data2\" content=\"4 minute\" \/>\n<script type=\"application\/ld+json\" class=\"yoast-schema-graph\">{\"@context\":\"https:\/\/schema.org\",\"@graph\":[{\"@type\":\"Article\",\"@id\":\"https:\/\/roexit.info\/?p=1662#article\",\"isPartOf\":{\"@id\":\"https:\/\/roexit.info\/?p=1662\"},\"author\":{\"name\":\"P\u00e2r\u0103u Vlad\",\"@id\":\"https:\/\/roexit.info\/#\/schema\/person\/3822a7ccbd940791ab5628bbe51086c1\"},\"headline\":\"C\u00e2nd o s\u0103 fac\u0103 POC nuclearele, vom afla cu \u00eent\u00e2rziere. Opinia lui Chiazna\",\"datePublished\":\"2024-02-24T18:53:27+00:00\",\"dateModified\":\"2025-10-21T15:45:55+00:00\",\"mainEntityOfPage\":{\"@id\":\"https:\/\/roexit.info\/?p=1662\"},\"wordCount\":667,\"commentCount\":0,\"publisher\":{\"@id\":\"https:\/\/roexit.info\/#organization\"},\"image\":{\"@id\":\"https:\/\/roexit.info\/?p=1662#primaryimage\"},\"thumbnailUrl\":\"https:\/\/roexit.info\/wp-content\/uploads\/2024\/03\/oras-in-flacari-1.jpg\",\"keywords\":[\"cereale Ucraina\",\"chiazna.ro\",\"deep fake\",\"disolu\u021bia societ\u0103\u021bii\",\"Gigel Chiazna\",\"haos\",\"IA inteligen\u021ba artificial\u0103\",\"\u00eent\u00e2rzierea dintre eveniment \u0219i publicarea lui\",\"presa mituit\u0103 de guvern\",\"Radu Tudor\",\"r\u0103zboi nuclear\",\"r\u0103zboi Ucraina\",\"\u0219tiri oficiale\",\"ulei de prim\u0103 pres\u0103\",\"ulei virgin Grecia\",\"Volodimir Zelenski\"],\"articleSection\":[\"Externe\",\"Opinii\",\"Via\u021ba \u00een secolul XXI\"],\"inLanguage\":\"ro-RO\",\"potentialAction\":[{\"@type\":\"CommentAction\",\"name\":\"Comment\",\"target\":[\"https:\/\/roexit.info\/?p=1662#respond\"]}]},{\"@type\":\"WebPage\",\"@id\":\"https:\/\/roexit.info\/?p=1662\",\"url\":\"https:\/\/roexit.info\/?p=1662\",\"name\":\"C\u00e2nd o s\u0103 fac\u0103 POC nuclearele, vom afla cu \u00eent\u00e2rziere. Opinia lui Chiazna - RoExit\",\"isPartOf\":{\"@id\":\"https:\/\/roexit.info\/#website\"},\"primaryImageOfPage\":{\"@id\":\"https:\/\/roexit.info\/?p=1662#primaryimage\"},\"image\":{\"@id\":\"https:\/\/roexit.info\/?p=1662#primaryimage\"},\"thumbnailUrl\":\"https:\/\/roexit.info\/wp-content\/uploads\/2024\/03\/oras-in-flacari-1.jpg\",\"datePublished\":\"2024-02-24T18:53:27+00:00\",\"dateModified\":\"2025-10-21T15:45:55+00:00\",\"breadcrumb\":{\"@id\":\"https:\/\/roexit.info\/?p=1662#breadcrumb\"},\"inLanguage\":\"ro-RO\",\"potentialAction\":[{\"@type\":\"ReadAction\",\"target\":[\"https:\/\/roexit.info\/?p=1662\"]}]},{\"@type\":\"ImageObject\",\"inLanguage\":\"ro-RO\",\"@id\":\"https:\/\/roexit.info\/?p=1662#primaryimage\",\"url\":\"https:\/\/roexit.info\/wp-content\/uploads\/2024\/03\/oras-in-flacari-1.jpg\",\"contentUrl\":\"https:\/\/roexit.info\/wp-content\/uploads\/2024\/03\/oras-in-flacari-1.jpg\",\"width\":720,\"height\":534},{\"@type\":\"BreadcrumbList\",\"@id\":\"https:\/\/roexit.info\/?p=1662#breadcrumb\",\"itemListElement\":[{\"@type\":\"ListItem\",\"position\":1,\"name\":\"Prima pagin\u0103\",\"item\":\"https:\/\/roexit.info\/\"},{\"@type\":\"ListItem\",\"position\":2,\"name\":\"C\u00e2nd o s\u0103 fac\u0103 POC nuclearele, vom afla cu \u00eent\u00e2rziere. Opinia lui Chiazna\"}]},{\"@type\":\"WebSite\",\"@id\":\"https:\/\/roexit.info\/#website\",\"url\":\"https:\/\/roexit.info\/\",\"name\":\"RoExit\",\"description\":\"UE la co\u0219ul de gunoi al istoriei\",\"publisher\":{\"@id\":\"https:\/\/roexit.info\/#organization\"},\"potentialAction\":[{\"@type\":\"SearchAction\",\"target\":{\"@type\":\"EntryPoint\",\"urlTemplate\":\"https:\/\/roexit.info\/?s={search_term_string}\"},\"query-input\":{\"@type\":\"PropertyValueSpecification\",\"valueRequired\":true,\"valueName\":\"search_term_string\"}}],\"inLanguage\":\"ro-RO\"},{\"@type\":\"Organization\",\"@id\":\"https:\/\/roexit.info\/#organization\",\"name\":\"RoExit\",\"url\":\"https:\/\/roexit.info\/\",\"logo\":{\"@type\":\"ImageObject\",\"inLanguage\":\"ro-RO\",\"@id\":\"https:\/\/roexit.info\/#\/schema\/logo\/image\/\",\"url\":\"https:\/\/roexit.info\/wp-content\/uploads\/2023\/12\/cropped-logo-vsrianta-2.jpeg\",\"contentUrl\":\"https:\/\/roexit.info\/wp-content\/uploads\/2023\/12\/cropped-logo-vsrianta-2.jpeg\",\"width\":358,\"height\":277,\"caption\":\"RoExit\"},\"image\":{\"@id\":\"https:\/\/roexit.info\/#\/schema\/logo\/image\/\"}},{\"@type\":\"Person\",\"@id\":\"https:\/\/roexit.info\/#\/schema\/person\/3822a7ccbd940791ab5628bbe51086c1\",\"name\":\"P\u00e2r\u0103u Vlad\",\"image\":{\"@type\":\"ImageObject\",\"inLanguage\":\"ro-RO\",\"@id\":\"https:\/\/roexit.info\/#\/schema\/person\/image\/\",\"url\":\"https:\/\/secure.gravatar.com\/avatar\/14aff8b17897b19faac02aca2a116530d9e5c8912df6512c1bf3efb45f65a5f7?s=96&d=mm&r=g\",\"contentUrl\":\"https:\/\/secure.gravatar.com\/avatar\/14aff8b17897b19faac02aca2a116530d9e5c8912df6512c1bf3efb45f65a5f7?s=96&d=mm&r=g\",\"caption\":\"P\u00e2r\u0103u Vlad\"},\"description\":\"Redactor\/Editor at ROexit.info Redactor at Cerul, codrul \u0219i p\u00e2r\u0103ul Studied at Universitatea Lucian Blaga Sibiu\",\"sameAs\":[\"http:\/\/roexit.info\"],\"url\":\"https:\/\/roexit.info\/?author=3\"}]}<\/script>\n<!-- \/ Yoast SEO plugin. -->","yoast_head_json":{"title":"C\u00e2nd o s\u0103 fac\u0103 POC nuclearele, vom afla cu \u00eent\u00e2rziere. Opinia lui Chiazna - RoExit","robots":{"index":"index","follow":"follow","max-snippet":"max-snippet:-1","max-image-preview":"max-image-preview:large","max-video-preview":"max-video-preview:-1"},"canonical":"https:\/\/roexit.info\/?p=1662","og_locale":"ro_RO","og_type":"article","og_title":"C\u00e2nd o s\u0103 fac\u0103 POC nuclearele, vom afla cu \u00eent\u00e2rziere. Opinia lui Chiazna - RoExit","og_description":"Un articol publicat de G. Chiazna ini\u021bial pe Chiazna.ro Apropo de \u015ftirea recent\u0103 cu avioanele franceze pe care era s\u0103 le dea ru\u015fii jos. Mai precis, abia acum am fost informa\u0163i de \u015ftirile oficiale c\u0103, acum dou\u0103 luni, dou\u0103 avioane fran\u0163uze\u015fti au fost avertizate de ni\u015fte puncte de control ruse\u015fti c\u0103 vor fi \u0163intite dac\u0103 [&hellip;]","og_url":"https:\/\/roexit.info\/?p=1662","og_site_name":"RoExit","article_published_time":"2024-02-24T18:53:27+00:00","article_modified_time":"2025-10-21T15:45:55+00:00","og_image":[{"width":720,"height":534,"url":"https:\/\/roexit.info\/wp-content\/uploads\/2024\/03\/oras-in-flacari-1.jpg","type":"image\/jpeg"}],"author":"P\u00e2r\u0103u Vlad","twitter_card":"summary_large_image","twitter_misc":{"Scris de":"P\u00e2r\u0103u Vlad","Timp estimat pentru citire":"4 minute"},"schema":{"@context":"https:\/\/schema.org","@graph":[{"@type":"Article","@id":"https:\/\/roexit.info\/?p=1662#article","isPartOf":{"@id":"https:\/\/roexit.info\/?p=1662"},"author":{"name":"P\u00e2r\u0103u Vlad","@id":"https:\/\/roexit.info\/#\/schema\/person\/3822a7ccbd940791ab5628bbe51086c1"},"headline":"C\u00e2nd o s\u0103 fac\u0103 POC nuclearele, vom afla cu \u00eent\u00e2rziere. Opinia lui Chiazna","datePublished":"2024-02-24T18:53:27+00:00","dateModified":"2025-10-21T15:45:55+00:00","mainEntityOfPage":{"@id":"https:\/\/roexit.info\/?p=1662"},"wordCount":667,"commentCount":0,"publisher":{"@id":"https:\/\/roexit.info\/#organization"},"image":{"@id":"https:\/\/roexit.info\/?p=1662#primaryimage"},"thumbnailUrl":"https:\/\/roexit.info\/wp-content\/uploads\/2024\/03\/oras-in-flacari-1.jpg","keywords":["cereale Ucraina","chiazna.ro","deep fake","disolu\u021bia societ\u0103\u021bii","Gigel Chiazna","haos","IA inteligen\u021ba artificial\u0103","\u00eent\u00e2rzierea dintre eveniment \u0219i publicarea lui","presa mituit\u0103 de guvern","Radu Tudor","r\u0103zboi nuclear","r\u0103zboi Ucraina","\u0219tiri oficiale","ulei de prim\u0103 pres\u0103","ulei virgin Grecia","Volodimir Zelenski"],"articleSection":["Externe","Opinii","Via\u021ba \u00een secolul XXI"],"inLanguage":"ro-RO","potentialAction":[{"@type":"CommentAction","name":"Comment","target":["https:\/\/roexit.info\/?p=1662#respond"]}]},{"@type":"WebPage","@id":"https:\/\/roexit.info\/?p=1662","url":"https:\/\/roexit.info\/?p=1662","name":"C\u00e2nd o s\u0103 fac\u0103 POC nuclearele, vom afla cu \u00eent\u00e2rziere. Opinia lui Chiazna - RoExit","isPartOf":{"@id":"https:\/\/roexit.info\/#website"},"primaryImageOfPage":{"@id":"https:\/\/roexit.info\/?p=1662#primaryimage"},"image":{"@id":"https:\/\/roexit.info\/?p=1662#primaryimage"},"thumbnailUrl":"https:\/\/roexit.info\/wp-content\/uploads\/2024\/03\/oras-in-flacari-1.jpg","datePublished":"2024-02-24T18:53:27+00:00","dateModified":"2025-10-21T15:45:55+00:00","breadcrumb":{"@id":"https:\/\/roexit.info\/?p=1662#breadcrumb"},"inLanguage":"ro-RO","potentialAction":[{"@type":"ReadAction","target":["https:\/\/roexit.info\/?p=1662"]}]},{"@type":"ImageObject","inLanguage":"ro-RO","@id":"https:\/\/roexit.info\/?p=1662#primaryimage","url":"https:\/\/roexit.info\/wp-content\/uploads\/2024\/03\/oras-in-flacari-1.jpg","contentUrl":"https:\/\/roexit.info\/wp-content\/uploads\/2024\/03\/oras-in-flacari-1.jpg","width":720,"height":534},{"@type":"BreadcrumbList","@id":"https:\/\/roexit.info\/?p=1662#breadcrumb","itemListElement":[{"@type":"ListItem","position":1,"name":"Prima pagin\u0103","item":"https:\/\/roexit.info\/"},{"@type":"ListItem","position":2,"name":"C\u00e2nd o s\u0103 fac\u0103 POC nuclearele, vom afla cu \u00eent\u00e2rziere. Opinia lui Chiazna"}]},{"@type":"WebSite","@id":"https:\/\/roexit.info\/#website","url":"https:\/\/roexit.info\/","name":"RoExit","description":"UE la co\u0219ul de gunoi al istoriei","publisher":{"@id":"https:\/\/roexit.info\/#organization"},"potentialAction":[{"@type":"SearchAction","target":{"@type":"EntryPoint","urlTemplate":"https:\/\/roexit.info\/?s={search_term_string}"},"query-input":{"@type":"PropertyValueSpecification","valueRequired":true,"valueName":"search_term_string"}}],"inLanguage":"ro-RO"},{"@type":"Organization","@id":"https:\/\/roexit.info\/#organization","name":"RoExit","url":"https:\/\/roexit.info\/","logo":{"@type":"ImageObject","inLanguage":"ro-RO","@id":"https:\/\/roexit.info\/#\/schema\/logo\/image\/","url":"https:\/\/roexit.info\/wp-content\/uploads\/2023\/12\/cropped-logo-vsrianta-2.jpeg","contentUrl":"https:\/\/roexit.info\/wp-content\/uploads\/2023\/12\/cropped-logo-vsrianta-2.jpeg","width":358,"height":277,"caption":"RoExit"},"image":{"@id":"https:\/\/roexit.info\/#\/schema\/logo\/image\/"}},{"@type":"Person","@id":"https:\/\/roexit.info\/#\/schema\/person\/3822a7ccbd940791ab5628bbe51086c1","name":"P\u00e2r\u0103u Vlad","image":{"@type":"ImageObject","inLanguage":"ro-RO","@id":"https:\/\/roexit.info\/#\/schema\/person\/image\/","url":"https:\/\/secure.gravatar.com\/avatar\/14aff8b17897b19faac02aca2a116530d9e5c8912df6512c1bf3efb45f65a5f7?s=96&d=mm&r=g","contentUrl":"https:\/\/secure.gravatar.com\/avatar\/14aff8b17897b19faac02aca2a116530d9e5c8912df6512c1bf3efb45f65a5f7?s=96&d=mm&r=g","caption":"P\u00e2r\u0103u Vlad"},"description":"Redactor\/Editor at ROexit.info Redactor at Cerul, codrul \u0219i p\u00e2r\u0103ul Studied at Universitatea Lucian Blaga Sibiu","sameAs":["http:\/\/roexit.info"],"url":"https:\/\/roexit.info\/?author=3"}]}},"_links":{"self":[{"href":"https:\/\/roexit.info\/index.php?rest_route=\/wp\/v2\/posts\/1662","targetHints":{"allow":["GET"]}}],"collection":[{"href":"https:\/\/roexit.info\/index.php?rest_route=\/wp\/v2\/posts"}],"about":[{"href":"https:\/\/roexit.info\/index.php?rest_route=\/wp\/v2\/types\/post"}],"author":[{"embeddable":true,"href":"https:\/\/roexit.info\/index.php?rest_route=\/wp\/v2\/users\/3"}],"replies":[{"embeddable":true,"href":"https:\/\/roexit.info\/index.php?rest_route=%2Fwp%2Fv2%2Fcomments&post=1662"}],"version-history":[{"count":2,"href":"https:\/\/roexit.info\/index.php?rest_route=\/wp\/v2\/posts\/1662\/revisions"}],"predecessor-version":[{"id":1665,"href":"https:\/\/roexit.info\/index.php?rest_route=\/wp\/v2\/posts\/1662\/revisions\/1665"}],"wp:featuredmedia":[{"embeddable":true,"href":"https:\/\/roexit.info\/index.php?rest_route=\/wp\/v2\/media\/1664"}],"wp:attachment":[{"href":"https:\/\/roexit.info\/index.php?rest_route=%2Fwp%2Fv2%2Fmedia&parent=1662"}],"wp:term":[{"taxonomy":"category","embeddable":true,"href":"https:\/\/roexit.info\/index.php?rest_route=%2Fwp%2Fv2%2Fcategories&post=1662"},{"taxonomy":"post_tag","embeddable":true,"href":"https:\/\/roexit.info\/index.php?rest_route=%2Fwp%2Fv2%2Ftags&post=1662"}],"curies":[{"name":"wp","href":"https:\/\/api.w.org\/{rel}","templated":true}]}}