{"id":1788,"date":"2024-03-11T17:45:34","date_gmt":"2024-03-11T17:45:34","guid":{"rendered":"https:\/\/roexit.info\/?p=1788"},"modified":"2025-10-21T15:46:54","modified_gmt":"2025-10-21T15:46:54","slug":"tabla-de-sah-europeana-la-momentul-confruntarii-diplomatice-opinia-lui-dan-diaconu","status":"publish","type":"post","link":"https:\/\/roexit.info\/?p=1788","title":{"rendered":"Tabla de \u0219ah european\u0103 la momentul confrunt\u0103rii diplomatice. Opinia lui Dan Diaconu"},"content":{"rendered":"<p style=\"text-align: right;\"><em>Un articol publicat de Dan Diaconu ini\u021bial pe <a href=\"https:\/\/trenduri.blogspot.com\/2024\/03\/tabla-de-sah-europeana-la-momentul.html\">trenduri.blogspot.com<\/a><\/em><\/p>\n<div>Mai multe informa\u021bii provenite din zone discrete spun c\u0103 statul subteran al SUA s-a retras din Ucraina, prefer\u00e2nd s\u0103 lase leadership-ul Marii Britanii care caut\u0103 s\u0103 scoat\u0103 c\u00e2t mai mult din situa\u021bia asta, repet\u00e2ndu-se cumva R\u0103zboiul Ruso-Turc. \u00cen sprijinul acestei ipoteze vine debarcarea vacii Nuland din Departamentul de Stat, dar \u0219i \u00eendreptarea \u201einteresului media\u201d spre Europa atunci c\u00e2nd vine vorba de reac\u021biile referitoare la ceea ce se petrece \u00een Ucraina.<\/div>\n<div><\/div>\n<div>Este, \u00eens\u0103, ceva cu adev\u0103rat interesant \u00een tot jocul de glezne. Inflamarea nulit\u0103\u021bii Macron, refuzul sec pe care l-a primit at\u00e2t din partea Germaniei c\u00e2t, mai ales, din partea Angliei, ne arat\u0103 c\u0103 se joac\u0103 ni\u0219te jocuri interesante. Dac\u0103 ar fi s\u0103 mai remarc\u0103m ceva, ar fi lejeritatea cu care ministrul de Externe al Poloniei s-a exprimat \u00een ceea ce prive\u0219te prezen\u021ba militarilor NATO pe teritoriul Ucrainei. F\u0103r\u0103 nicio jen\u0103, omul a spus \u00een limbaj direct c\u0103 da, fix asta se petrece \u0219i c\u0103 ini\u021biativa lui Macron nu-i nimic altceva dec\u00e2t continuarea unei politici care se practic\u0103 deja \u00een Ucraina.<\/div>\n<p>OK, dac\u0103 am v\u0103zut care-i treaba \u00een Occident, este interesant de v\u0103zut r\u0103spunsul Rusiei. Aflu tot din surse discrete c\u0103 \u00een Duma de Stat s-a discutat deja \u00een comisii denun\u021barea de c\u0103tre Rusia a <em>Tratatului Doi plus Patru<\/em>. Hmm, probabil c\u0103 nu \u0219ti\u021bi despre ce este vorba, dar, dac\u0103 v\u0103 voi spune c\u0103 acest tratat este cel care a stat la baza reunific\u0103rii Germaniei, brusc, v\u0103 voi st\u00e2rni curiozitatea. Dac\u0103 \u021bine\u021bi minte, de mai multe ori am spus c\u0103 nem\u021bii \u00ee\u0219i cam joac\u0103 viitorul la rulet\u0103. \u0218i iat\u0103 c\u0103 apari\u021bia convorbirii nulit\u0103\u021bilor care-\u0219i spun generali nu e at\u00e2t de \u00eent\u00e2mpl\u0103toare, av\u00e2nd un scop mult mai ad\u00e2nc. \u0218i asta am spus-o de at\u00e2tea ori \u00eenc\u00e2t mi-e \u0219i lene s-o mai repet.<\/p>\n<p>Pe scurt, dup\u0103 SUA, Germania este cel mai mare contributor la R\u0103zboiul din Ucraina. Cu cele treizeci de miliarde donate Ucrainei (\u00een echipamente militare, know how, ajutor economic \u0219.a.), Germania a contribuit <b>de zece ori mai mult dec\u00e2t Fran\u021ba<\/b>. A\u0219adar, din acest punct de vedere, limbricul Macron ar cam trebui s\u0103 pun\u0103 batista pe \u021bambal \u0219i s\u0103 ne asurzeasc\u0103 t\u0103c\u00e2nd. Doar c\u0103 aceast\u0103 contribu\u021bie, \u00eempreun\u0103 cu\u00a0<i>flagrantul<\/i>\u00a0convorbirii, reprezint\u0103 o \u00eenc\u0103lcare grosolan\u0103 a tratatului men\u021bionat. <strong>\u00cen articolul doi se specific\u0103 faptul c\u0103 Germania nu-\u0219i poate utiliza armele dec\u00e2t pentru ap\u0103rarea propriului teritoriu, \u00een linie cu directivele ONU.<\/strong> De aceea participarea Germaniei la ac\u021biunile agresive ale SUA \u00een Afganistan sau \u00een Orient reprezint\u0103 \u00eenc\u0103lc\u0103ri flagrante ale tratatului men\u021bionat. Iat\u0103 ce se afirm\u0103 \u00een articolul doi:<\/p>\n<p>&nbsp;<\/p>\n<blockquote><p><i>\u201eGuvernele Republicii Federale Germania \u0219i Republicii Democrate Germane \u00ee\u0219i reafirm\u0103 declara\u021biile potrivit c\u0103rora\u00a0<u>numai pacea va izvor\u00ee de pe teritoriul german<\/u>. Conform constitu\u021biei Germaniei unite, ac\u021biunile care tind \u0219i sunt \u00eentreprinse cu inten\u021bia de a perturba rela\u021biile pa\u0219nice dintre na\u021biuni, \u00een special pentru a preg\u0103ti un r\u0103zboi de agresiune, sunt neconstitu\u021bionale \u0219i o infrac\u021biune pedepsit\u0103. Guvernele Republicii Federale Germania \u0219i Republicii Democrate Germane declar\u0103 c\u0103 Germania unit\u0103 nu va folosi niciodat\u0103 nici una dintre armele sale dec\u00e2t \u00een conformitate cu Constitu\u021bia sa \u0219i Carta Na\u021biunilor Unite.\u201d<\/i><\/p><\/blockquote>\n<p>&nbsp;<\/p>\n<p>\u00cen\u021belege\u021bi, cred, c\u0103 ceea ce face Germania \u00een prezent este efectiv un amestec neconstitu\u021bional \u0219i \u00een sfidarea respectivului tratat \u0219i a propriei Constitu\u021bii. <strong>Denun\u021barea de c\u0103tre Rusia a acelui tratat nu se va l\u0103sa obligatoriu cu re\u00eemp\u0103r\u021birea Germaniei acum, dar va deschide subiectul, iar la momentul oportun, nem\u021bii vor tr\u0103i din nou \u00een dou\u0103 \u021b\u0103ri separate.<\/strong> Ceea ce ar trebui s\u0103 \u00een\u021belege\u021bi este c\u0103 \u00een tot acest plan ru\u0219ii s-ar putea s\u0103 aib\u0103 un aliat surprinz\u0103tor, anume blocul anglo-american.<\/p>\n<p>At\u00e2t englezii c\u00e2t \u0219i americanii au team\u0103 de un adversar ruso-germano-chinez. Alian\u021ba aceasta este una c\u00e2t se poate de natural\u0103, at\u00e2t Germania c\u00e2t \u0219i China put\u00e2nd utiliza ultra-eficient energia ruseasc\u0103, \u00een timp ce geniul militar rusesc poate asigura securitatea alian\u021bei. Este construc\u021bia de care americanii se feresc cel mai tare. Reunificarea Germaniei este, \u00een principal, opera Rusiei. Pu\u021bini \u0219tiu c\u0103 SUA de fapt s-au cam codit, con\u0219tiente fiind c\u0103 o Germanie mare va ajunge la un moment dat \u00eentr-o alian\u021b\u0103 cu Rusia, ceea ce e co\u0219marul anglo-americanilor.<\/p>\n<p>De aceea, acum, solu\u021bia re\u00eemp\u0103r\u021birii Germaniei, cu toate c\u0103 pare absolut de neimaginat, poate deveni mai repede dec\u00e2t crede\u021bi un subiect concret de discu\u021bie \u00een rela\u021biile interna\u021bionale. Pe moment, denun\u021barea Tratatului de Reunificare a Germaniei nu poate fi pus \u00een practic\u0103 dec\u00e2t dac\u0103 Putin \u00ee\u0219i pune semn\u0103tura pe document. F\u0103r\u0103 doar \u0219i poate, agitarea din Duma de Stat este o ar\u0103tare a pisicii. \u0218i iat\u0103 de ce, brusc, Scholz a devenit foarte cooperant, resping\u00e2nd \u00een bloc propunerile demente ale lui Macron.<\/p>\n<p>Jocurile diplomatice care se fac acum sunt incredibile. De exemplu, predarea unor colonii din Est Fran\u021bei ca \u0219i compensa\u021bie pentru pierderea coloniilor tradi\u021bioanle din Africa este un joc interesant, f\u0103cut pentru a duce \u00een final la decimarea definitiv\u0103 a Fran\u021bei. Trebuie s\u0103 \u00een\u021belegem c\u0103 Macron e pionul perfect pentru d\u0103r\u00e2marea propriei \u021b\u0103ri, \u00een timp ce Scholz pare a fi revenit cu picioarele pe p\u0103m\u00e2nt dup\u0103 ar\u0103tarea pisicii. Suntem \u00eens\u0103 doar \u00eentr-o etap\u0103. Vedem cum se vor a\u0219eza lucrurile \u0219i, c\u00e2nd va veni momentul nebuniei finale, vom putea reverifica zicerea \u201e<i>cum \u00ee\u021bi a\u0219terni a\u0219a vei dormi<\/i>\u201d. Cu observa\u021bia c\u0103, pentru unii, acest dormit va fi somnul cel de veci!<\/p>\n","protected":false},"excerpt":{"rendered":"<p>Un articol publicat de Dan Diaconu ini\u021bial pe trenduri.blogspot.com Mai multe informa\u021bii provenite din zone discrete spun c\u0103 statul subteran al SUA s-a retras din Ucraina, prefer\u00e2nd s\u0103 lase leadership-ul Marii Britanii care caut\u0103 s\u0103 scoat\u0103 c\u00e2t mai mult din situa\u021bia asta, repet\u00e2ndu-se cumva R\u0103zboiul Ruso-Turc. \u00cen sprijinul acestei ipoteze vine debarcarea vacii Nuland din [&hellip;]<\/p>\n","protected":false},"author":4,"featured_media":1789,"comment_status":"open","ping_status":"open","sticky":false,"template":"","format":"standard","meta":{"footnotes":""},"categories":[270,4],"tags":[1386,1387,419,838,185,1379,1383,1332,126,403,425,1381,21,1159,433,221,207,105,1380,689,1384,1388,102,420,1382,12,917,214],"class_list":["post-1788","post","type-post","status-publish","format-standard","has-post-thumbnail","hentry","category-externe","category-stil_de_viata","tag-carta-natiunilor-unite","tag-constitutia-germaniei","tag-dan-diaconu","tag-deep-state-sua","tag-departamentul-de-stat-al-sua","tag-diplomatie","tag-duma-de-stat-a-federatiei-ruse","tag-emmanuel-macron","tag-federatia-rusa","tag-germania","tag-marea-britanie","tag-ministerul-de-externe-al-poloniei","tag-nato","tag-olaf-scholz","tag-onu","tag-pace","tag-polonia","tag-razboi-ucraina","tag-razboiul-ruso-turc","tag-republica-franceza","tag-reunificarea-germaniei","tag-sah","tag-sua","tag-trenduri-economice","tag-trupe-occidentale-in-ucraina","tag-ue","tag-victoria-nuland","tag-vladimir-putin"],"yoast_head":"<!-- This site is optimized with the Yoast SEO plugin v24.4 - https:\/\/yoast.com\/wordpress\/plugins\/seo\/ -->\n<title>Tabla de \u0219ah european\u0103 la momentul confrunt\u0103rii diplomatice. Opinia lui Dan Diaconu - RoExit<\/title>\n<meta name=\"robots\" content=\"index, follow, max-snippet:-1, max-image-preview:large, max-video-preview:-1\" \/>\n<link rel=\"canonical\" href=\"https:\/\/roexit.info\/?p=1788\" \/>\n<meta property=\"og:locale\" content=\"ro_RO\" \/>\n<meta property=\"og:type\" content=\"article\" \/>\n<meta property=\"og:title\" content=\"Tabla de \u0219ah european\u0103 la momentul confrunt\u0103rii diplomatice. Opinia lui Dan Diaconu - RoExit\" \/>\n<meta property=\"og:description\" content=\"Un articol publicat de Dan Diaconu ini\u021bial pe trenduri.blogspot.com Mai multe informa\u021bii provenite din zone discrete spun c\u0103 statul subteran al SUA s-a retras din Ucraina, prefer\u00e2nd s\u0103 lase leadership-ul Marii Britanii care caut\u0103 s\u0103 scoat\u0103 c\u00e2t mai mult din situa\u021bia asta, repet\u00e2ndu-se cumva R\u0103zboiul Ruso-Turc. \u00cen sprijinul acestei ipoteze vine debarcarea vacii Nuland din [&hellip;]\" \/>\n<meta property=\"og:url\" content=\"https:\/\/roexit.info\/?p=1788\" \/>\n<meta property=\"og:site_name\" content=\"RoExit\" \/>\n<meta property=\"article:published_time\" content=\"2024-03-11T17:45:34+00:00\" \/>\n<meta property=\"article:modified_time\" content=\"2025-10-21T15:46:54+00:00\" \/>\n<meta property=\"og:image\" content=\"https:\/\/roexit.info\/wp-content\/uploads\/2024\/03\/sahXi-Putin.jpeg\" \/>\n\t<meta property=\"og:image:width\" content=\"225\" \/>\n\t<meta property=\"og:image:height\" content=\"225\" \/>\n\t<meta property=\"og:image:type\" content=\"image\/jpeg\" \/>\n<meta name=\"author\" content=\"co-admin\" \/>\n<meta name=\"twitter:card\" content=\"summary_large_image\" \/>\n<meta name=\"twitter:label1\" content=\"Scris de\" \/>\n\t<meta name=\"twitter:data1\" content=\"co-admin\" \/>\n\t<meta name=\"twitter:label2\" content=\"Timp estimat pentru citire\" \/>\n\t<meta name=\"twitter:data2\" content=\"5 minute\" \/>\n<script type=\"application\/ld+json\" class=\"yoast-schema-graph\">{\"@context\":\"https:\/\/schema.org\",\"@graph\":[{\"@type\":\"Article\",\"@id\":\"https:\/\/roexit.info\/?p=1788#article\",\"isPartOf\":{\"@id\":\"https:\/\/roexit.info\/?p=1788\"},\"author\":{\"name\":\"co-admin\",\"@id\":\"https:\/\/roexit.info\/#\/schema\/person\/ec2f0e7c6969784c45db6ff94a4299f7\"},\"headline\":\"Tabla de \u0219ah european\u0103 la momentul confrunt\u0103rii diplomatice. Opinia lui Dan Diaconu\",\"datePublished\":\"2024-03-11T17:45:34+00:00\",\"dateModified\":\"2025-10-21T15:46:54+00:00\",\"mainEntityOfPage\":{\"@id\":\"https:\/\/roexit.info\/?p=1788\"},\"wordCount\":1011,\"commentCount\":0,\"publisher\":{\"@id\":\"https:\/\/roexit.info\/#organization\"},\"image\":{\"@id\":\"https:\/\/roexit.info\/?p=1788#primaryimage\"},\"thumbnailUrl\":\"https:\/\/roexit.info\/wp-content\/uploads\/2024\/03\/sahXi-Putin.jpeg\",\"keywords\":[\"Carta Na\u021biunilor Unite\",\"Constitu\u021bia Germaniei\",\"Dan Diaconu\",\"deep state SUA\",\"Departamentul de Stat al SUA\",\"diploma\u021bie\",\"Duma de Stat a Federa\u021biei Ruse\",\"Emmanuel Macron\",\"Federa\u021bia Rus\u0103\",\"Germania\",\"Marea Britanie\",\"Ministerul de Externe al Poloniei\",\"NATO\",\"Olaf Scholz\",\"ONU\",\"Pace\",\"Polonia\",\"r\u0103zboi Ucraina\",\"R\u0103zboiul Ruso - Turc\",\"Republica Francez\u0103\",\"Reunificarea Germaniei\",\"\u0219ah\",\"SUA\",\"Trenduri Economice\",\"trupe occidentale \u00een Ucraina\",\"UE\",\"Victoria Nuland\",\"Vladimir Putin\"],\"articleSection\":[\"Externe\",\"Via\u021ba \u00een secolul XXI\"],\"inLanguage\":\"ro-RO\",\"potentialAction\":[{\"@type\":\"CommentAction\",\"name\":\"Comment\",\"target\":[\"https:\/\/roexit.info\/?p=1788#respond\"]}]},{\"@type\":\"WebPage\",\"@id\":\"https:\/\/roexit.info\/?p=1788\",\"url\":\"https:\/\/roexit.info\/?p=1788\",\"name\":\"Tabla de \u0219ah european\u0103 la momentul confrunt\u0103rii diplomatice. Opinia lui Dan Diaconu - RoExit\",\"isPartOf\":{\"@id\":\"https:\/\/roexit.info\/#website\"},\"primaryImageOfPage\":{\"@id\":\"https:\/\/roexit.info\/?p=1788#primaryimage\"},\"image\":{\"@id\":\"https:\/\/roexit.info\/?p=1788#primaryimage\"},\"thumbnailUrl\":\"https:\/\/roexit.info\/wp-content\/uploads\/2024\/03\/sahXi-Putin.jpeg\",\"datePublished\":\"2024-03-11T17:45:34+00:00\",\"dateModified\":\"2025-10-21T15:46:54+00:00\",\"breadcrumb\":{\"@id\":\"https:\/\/roexit.info\/?p=1788#breadcrumb\"},\"inLanguage\":\"ro-RO\",\"potentialAction\":[{\"@type\":\"ReadAction\",\"target\":[\"https:\/\/roexit.info\/?p=1788\"]}]},{\"@type\":\"ImageObject\",\"inLanguage\":\"ro-RO\",\"@id\":\"https:\/\/roexit.info\/?p=1788#primaryimage\",\"url\":\"https:\/\/roexit.info\/wp-content\/uploads\/2024\/03\/sahXi-Putin.jpeg\",\"contentUrl\":\"https:\/\/roexit.info\/wp-content\/uploads\/2024\/03\/sahXi-Putin.jpeg\",\"width\":225,\"height\":225},{\"@type\":\"BreadcrumbList\",\"@id\":\"https:\/\/roexit.info\/?p=1788#breadcrumb\",\"itemListElement\":[{\"@type\":\"ListItem\",\"position\":1,\"name\":\"Prima pagin\u0103\",\"item\":\"https:\/\/roexit.info\/\"},{\"@type\":\"ListItem\",\"position\":2,\"name\":\"Tabla de \u0219ah european\u0103 la momentul confrunt\u0103rii diplomatice. Opinia lui Dan Diaconu\"}]},{\"@type\":\"WebSite\",\"@id\":\"https:\/\/roexit.info\/#website\",\"url\":\"https:\/\/roexit.info\/\",\"name\":\"RoExit\",\"description\":\"UE la co\u0219ul de gunoi al istoriei\",\"publisher\":{\"@id\":\"https:\/\/roexit.info\/#organization\"},\"potentialAction\":[{\"@type\":\"SearchAction\",\"target\":{\"@type\":\"EntryPoint\",\"urlTemplate\":\"https:\/\/roexit.info\/?s={search_term_string}\"},\"query-input\":{\"@type\":\"PropertyValueSpecification\",\"valueRequired\":true,\"valueName\":\"search_term_string\"}}],\"inLanguage\":\"ro-RO\"},{\"@type\":\"Organization\",\"@id\":\"https:\/\/roexit.info\/#organization\",\"name\":\"RoExit\",\"url\":\"https:\/\/roexit.info\/\",\"logo\":{\"@type\":\"ImageObject\",\"inLanguage\":\"ro-RO\",\"@id\":\"https:\/\/roexit.info\/#\/schema\/logo\/image\/\",\"url\":\"https:\/\/roexit.info\/wp-content\/uploads\/2023\/12\/cropped-logo-vsrianta-2.jpeg\",\"contentUrl\":\"https:\/\/roexit.info\/wp-content\/uploads\/2023\/12\/cropped-logo-vsrianta-2.jpeg\",\"width\":358,\"height\":277,\"caption\":\"RoExit\"},\"image\":{\"@id\":\"https:\/\/roexit.info\/#\/schema\/logo\/image\/\"}},{\"@type\":\"Person\",\"@id\":\"https:\/\/roexit.info\/#\/schema\/person\/ec2f0e7c6969784c45db6ff94a4299f7\",\"name\":\"co-admin\",\"image\":{\"@type\":\"ImageObject\",\"inLanguage\":\"ro-RO\",\"@id\":\"https:\/\/roexit.info\/#\/schema\/person\/image\/\",\"url\":\"https:\/\/secure.gravatar.com\/avatar\/984ee784359fecd24e0c89f3e3461c4be6a6700643280b75c953d0c0a0b69425?s=96&d=mm&r=g\",\"contentUrl\":\"https:\/\/secure.gravatar.com\/avatar\/984ee784359fecd24e0c89f3e3461c4be6a6700643280b75c953d0c0a0b69425?s=96&d=mm&r=g\",\"caption\":\"co-admin\"},\"url\":\"https:\/\/roexit.info\/?author=4\"}]}<\/script>\n<!-- \/ Yoast SEO plugin. -->","yoast_head_json":{"title":"Tabla de \u0219ah european\u0103 la momentul confrunt\u0103rii diplomatice. Opinia lui Dan Diaconu - RoExit","robots":{"index":"index","follow":"follow","max-snippet":"max-snippet:-1","max-image-preview":"max-image-preview:large","max-video-preview":"max-video-preview:-1"},"canonical":"https:\/\/roexit.info\/?p=1788","og_locale":"ro_RO","og_type":"article","og_title":"Tabla de \u0219ah european\u0103 la momentul confrunt\u0103rii diplomatice. Opinia lui Dan Diaconu - RoExit","og_description":"Un articol publicat de Dan Diaconu ini\u021bial pe trenduri.blogspot.com Mai multe informa\u021bii provenite din zone discrete spun c\u0103 statul subteran al SUA s-a retras din Ucraina, prefer\u00e2nd s\u0103 lase leadership-ul Marii Britanii care caut\u0103 s\u0103 scoat\u0103 c\u00e2t mai mult din situa\u021bia asta, repet\u00e2ndu-se cumva R\u0103zboiul Ruso-Turc. \u00cen sprijinul acestei ipoteze vine debarcarea vacii Nuland din [&hellip;]","og_url":"https:\/\/roexit.info\/?p=1788","og_site_name":"RoExit","article_published_time":"2024-03-11T17:45:34+00:00","article_modified_time":"2025-10-21T15:46:54+00:00","og_image":[{"width":225,"height":225,"url":"https:\/\/roexit.info\/wp-content\/uploads\/2024\/03\/sahXi-Putin.jpeg","type":"image\/jpeg"}],"author":"co-admin","twitter_card":"summary_large_image","twitter_misc":{"Scris de":"co-admin","Timp estimat pentru citire":"5 minute"},"schema":{"@context":"https:\/\/schema.org","@graph":[{"@type":"Article","@id":"https:\/\/roexit.info\/?p=1788#article","isPartOf":{"@id":"https:\/\/roexit.info\/?p=1788"},"author":{"name":"co-admin","@id":"https:\/\/roexit.info\/#\/schema\/person\/ec2f0e7c6969784c45db6ff94a4299f7"},"headline":"Tabla de \u0219ah european\u0103 la momentul confrunt\u0103rii diplomatice. Opinia lui Dan Diaconu","datePublished":"2024-03-11T17:45:34+00:00","dateModified":"2025-10-21T15:46:54+00:00","mainEntityOfPage":{"@id":"https:\/\/roexit.info\/?p=1788"},"wordCount":1011,"commentCount":0,"publisher":{"@id":"https:\/\/roexit.info\/#organization"},"image":{"@id":"https:\/\/roexit.info\/?p=1788#primaryimage"},"thumbnailUrl":"https:\/\/roexit.info\/wp-content\/uploads\/2024\/03\/sahXi-Putin.jpeg","keywords":["Carta Na\u021biunilor Unite","Constitu\u021bia Germaniei","Dan Diaconu","deep state SUA","Departamentul de Stat al SUA","diploma\u021bie","Duma de Stat a Federa\u021biei Ruse","Emmanuel Macron","Federa\u021bia Rus\u0103","Germania","Marea Britanie","Ministerul de Externe al Poloniei","NATO","Olaf Scholz","ONU","Pace","Polonia","r\u0103zboi Ucraina","R\u0103zboiul Ruso - Turc","Republica Francez\u0103","Reunificarea Germaniei","\u0219ah","SUA","Trenduri Economice","trupe occidentale \u00een Ucraina","UE","Victoria Nuland","Vladimir Putin"],"articleSection":["Externe","Via\u021ba \u00een secolul XXI"],"inLanguage":"ro-RO","potentialAction":[{"@type":"CommentAction","name":"Comment","target":["https:\/\/roexit.info\/?p=1788#respond"]}]},{"@type":"WebPage","@id":"https:\/\/roexit.info\/?p=1788","url":"https:\/\/roexit.info\/?p=1788","name":"Tabla de \u0219ah european\u0103 la momentul confrunt\u0103rii diplomatice. Opinia lui Dan Diaconu - RoExit","isPartOf":{"@id":"https:\/\/roexit.info\/#website"},"primaryImageOfPage":{"@id":"https:\/\/roexit.info\/?p=1788#primaryimage"},"image":{"@id":"https:\/\/roexit.info\/?p=1788#primaryimage"},"thumbnailUrl":"https:\/\/roexit.info\/wp-content\/uploads\/2024\/03\/sahXi-Putin.jpeg","datePublished":"2024-03-11T17:45:34+00:00","dateModified":"2025-10-21T15:46:54+00:00","breadcrumb":{"@id":"https:\/\/roexit.info\/?p=1788#breadcrumb"},"inLanguage":"ro-RO","potentialAction":[{"@type":"ReadAction","target":["https:\/\/roexit.info\/?p=1788"]}]},{"@type":"ImageObject","inLanguage":"ro-RO","@id":"https:\/\/roexit.info\/?p=1788#primaryimage","url":"https:\/\/roexit.info\/wp-content\/uploads\/2024\/03\/sahXi-Putin.jpeg","contentUrl":"https:\/\/roexit.info\/wp-content\/uploads\/2024\/03\/sahXi-Putin.jpeg","width":225,"height":225},{"@type":"BreadcrumbList","@id":"https:\/\/roexit.info\/?p=1788#breadcrumb","itemListElement":[{"@type":"ListItem","position":1,"name":"Prima pagin\u0103","item":"https:\/\/roexit.info\/"},{"@type":"ListItem","position":2,"name":"Tabla de \u0219ah european\u0103 la momentul confrunt\u0103rii diplomatice. Opinia lui Dan Diaconu"}]},{"@type":"WebSite","@id":"https:\/\/roexit.info\/#website","url":"https:\/\/roexit.info\/","name":"RoExit","description":"UE la co\u0219ul de gunoi al istoriei","publisher":{"@id":"https:\/\/roexit.info\/#organization"},"potentialAction":[{"@type":"SearchAction","target":{"@type":"EntryPoint","urlTemplate":"https:\/\/roexit.info\/?s={search_term_string}"},"query-input":{"@type":"PropertyValueSpecification","valueRequired":true,"valueName":"search_term_string"}}],"inLanguage":"ro-RO"},{"@type":"Organization","@id":"https:\/\/roexit.info\/#organization","name":"RoExit","url":"https:\/\/roexit.info\/","logo":{"@type":"ImageObject","inLanguage":"ro-RO","@id":"https:\/\/roexit.info\/#\/schema\/logo\/image\/","url":"https:\/\/roexit.info\/wp-content\/uploads\/2023\/12\/cropped-logo-vsrianta-2.jpeg","contentUrl":"https:\/\/roexit.info\/wp-content\/uploads\/2023\/12\/cropped-logo-vsrianta-2.jpeg","width":358,"height":277,"caption":"RoExit"},"image":{"@id":"https:\/\/roexit.info\/#\/schema\/logo\/image\/"}},{"@type":"Person","@id":"https:\/\/roexit.info\/#\/schema\/person\/ec2f0e7c6969784c45db6ff94a4299f7","name":"co-admin","image":{"@type":"ImageObject","inLanguage":"ro-RO","@id":"https:\/\/roexit.info\/#\/schema\/person\/image\/","url":"https:\/\/secure.gravatar.com\/avatar\/984ee784359fecd24e0c89f3e3461c4be6a6700643280b75c953d0c0a0b69425?s=96&d=mm&r=g","contentUrl":"https:\/\/secure.gravatar.com\/avatar\/984ee784359fecd24e0c89f3e3461c4be6a6700643280b75c953d0c0a0b69425?s=96&d=mm&r=g","caption":"co-admin"},"url":"https:\/\/roexit.info\/?author=4"}]}},"_links":{"self":[{"href":"https:\/\/roexit.info\/index.php?rest_route=\/wp\/v2\/posts\/1788","targetHints":{"allow":["GET"]}}],"collection":[{"href":"https:\/\/roexit.info\/index.php?rest_route=\/wp\/v2\/posts"}],"about":[{"href":"https:\/\/roexit.info\/index.php?rest_route=\/wp\/v2\/types\/post"}],"author":[{"embeddable":true,"href":"https:\/\/roexit.info\/index.php?rest_route=\/wp\/v2\/users\/4"}],"replies":[{"embeddable":true,"href":"https:\/\/roexit.info\/index.php?rest_route=%2Fwp%2Fv2%2Fcomments&post=1788"}],"version-history":[{"count":2,"href":"https:\/\/roexit.info\/index.php?rest_route=\/wp\/v2\/posts\/1788\/revisions"}],"predecessor-version":[{"id":1791,"href":"https:\/\/roexit.info\/index.php?rest_route=\/wp\/v2\/posts\/1788\/revisions\/1791"}],"wp:featuredmedia":[{"embeddable":true,"href":"https:\/\/roexit.info\/index.php?rest_route=\/wp\/v2\/media\/1789"}],"wp:attachment":[{"href":"https:\/\/roexit.info\/index.php?rest_route=%2Fwp%2Fv2%2Fmedia&parent=1788"}],"wp:term":[{"taxonomy":"category","embeddable":true,"href":"https:\/\/roexit.info\/index.php?rest_route=%2Fwp%2Fv2%2Fcategories&post=1788"},{"taxonomy":"post_tag","embeddable":true,"href":"https:\/\/roexit.info\/index.php?rest_route=%2Fwp%2Fv2%2Ftags&post=1788"}],"curies":[{"name":"wp","href":"https:\/\/api.w.org\/{rel}","templated":true}]}}