{"id":1892,"date":"2024-03-21T23:37:34","date_gmt":"2024-03-21T23:37:34","guid":{"rendered":"https:\/\/roexit.info\/?p=1892"},"modified":"2025-10-21T15:47:12","modified_gmt":"2025-10-21T15:47:12","slug":"21-martie-1903-nasterea-parintelui-martir-ilarion-felea-martirizat-in-temnita-aiudului-propus-spre-canonizare-de-biserica-ortodoxa-romana","status":"publish","type":"post","link":"https:\/\/roexit.info\/?p=1892","title":{"rendered":"21 martie 1903: Na\u0219terea P\u0103rintelui Martir Ilarion Felea, martirizat \u00een temni\u021ba Aiudului, propus spre canonizare de Biserica Ortodox\u0103 Rom\u00e2n\u0103"},"content":{"rendered":"<p style=\"text-align: right;\"><em>Articol preluat de pe pagina lui <a href=\"https:\/\/www.facebook.com\/photo?fbid=122131274000190720&amp;set=a.122101394594190720\">Florin Palas<\/a>.<\/em><\/p>\n<p style=\"text-align: left;\">Motto: \u201eA\u0219a cum vorbe\u0219te Domnul Dumnezeu voi spune oamenilor, \u0219i nu cum spun al\u021bii\u201d (P\u0103rintele Martir Ilarion Felea)<\/p>\n<p>P\u0103rintele Ilarion Felea a fost printre primii de\u021binu\u021bi politic anticomuni\u0219ti aresta\u021bi \u00een martie 1945, fiind arestat pentru 5 luni \u00een lag\u0103rul de la Caracal, deoarece a continuat catehizarea tinerilor, \u00een pofida cerin\u021belor imperative ale bol\u0219evicilor impu\u0219i la putere de regimul sovietic de ocupa\u021bie.<\/p>\n<p>\u00cen septembrie 1958, P\u0103rintele Ilarion Felea a fost din nou re\u021binut, fiind anchetat dur la \u00eenchisoarea Uranus din Bucure\u015fti. \u00cen 14 martie 1959, Tribunalul Militar Cluj l-a condamnat la 20 de ani de munc\u0103 silnic\u0103 pentru infrac\u021biunea de \u201euneltire contra ordinei sociale\u201d \u0219i la 20 de ani de temni\u021b\u0103 grea pentru \u201eactivitate intens\u0103 contra clasei muncitoare \u0219i mi\u0219c\u0103rii revolu\u021bionare\u201d.<\/p>\n<p>A fost \u00eenchis la Gherla, apoi la Aiud, de unde a plecat \u00een Biserica Triumf\u0103toare \u00een data 18 septembrie 1961, \u00een urma unor suferin\u021be cumplite, f\u0103r\u0103 a primi din parte conducerii penitenciarului tratamentul necesar. A fost \u00eenmorm\u00e2ntat f\u0103r\u0103 cruce \u00een cimitirul \u00eenchisorii Aiud, f\u0103r\u0103 a i se cunoa\u0219te morm\u00e2ntul. P\u0103rintele Ioan B\u0103rda\u0219, \u00eentemni\u021bat \u00een acel timp al\u0103turi de P\u0103rintele Ilarion Felea, m\u0103rturisea c\u0103 \u201cTo\u021bi cei 5.000 de prizonieri politici din Aiud, asista\u021bi de cei 400 de preo\u021bi ortodoc\u0219i, se rugau dup\u0103 r\u00e2nduial\u0103: <em>\u201cCu sfin\u021bii odihne\u0219te, Doamne, sufletul adormitului robului t\u0103u Ilarion preotul, unde nu este durere, nici \u00eentristare, nici suspin, ci via\u021b\u0103 f\u0103r\u0103 de sf\u00e2r\u0219it\u201d.<\/em><\/p>\n<p>Fie s\u0103 avem parte de rug\u0103ciunile P\u0103rintelui Martir Ilarion Felea!<\/p>\n","protected":false},"excerpt":{"rendered":"<p>Articol preluat de pe pagina lui Florin Palas. Motto: \u201eA\u0219a cum vorbe\u0219te Domnul Dumnezeu voi spune oamenilor, \u0219i nu cum spun al\u021bii\u201d (P\u0103rintele Martir Ilarion Felea) P\u0103rintele Ilarion Felea a fost printre primii de\u021binu\u021bi politic anticomuni\u0219ti aresta\u021bi \u00een martie 1945, fiind arestat pentru 5 luni \u00een lag\u0103rul de la Caracal, deoarece a continuat catehizarea tinerilor, [&hellip;]<\/p>\n","protected":false},"author":4,"featured_media":1893,"comment_status":"open","ping_status":"open","sticky":false,"template":"","format":"standard","meta":{"footnotes":""},"categories":[31,496,3],"tags":[1615,1606,236,1027,1600,348,179,220,1602,1599,238,1604,1611,1608,1605,1603,1093,1610,1607,299,1601,1612,783,1598,1609,216,1613],"class_list":["post-1892","post","type-post","status-publish","format-standard","has-post-thumbnail","hentry","category-cultura","category-istorie","category-religie","tag-calendarul-zilei","tag-caracal","tag-catehizarea-crestinilor","tag-crestinism","tag-crimele-comunismului","tag-demnitate-nationala","tag-detinuti-politic","tag-dumnezeu","tag-florin-palas","tag-fosti-detinuti-politici","tag-iisus-hristos","tag-inchisoarea-aiud","tag-inchisoarea-gherla","tag-inchisoarea-uranus-din-bucuresti","tag-luptatorii-anticomunisti","tag-mari-romani","tag-martiri-pentru-credinta","tag-munca-silnica","tag-ocupatia-armata-a-romaniei-de-catre-urss","tag-partidul-comunist-roman-pcr","tag-pr-ilarion-v-felea","tag-pr-ioan-bardas","tag-rugaciune","tag-sfintii-inchisorilor","tag-tribunalul-militar-cluj","tag-urss","tag-viata-vesnica"],"yoast_head":"<!-- This site is optimized with the Yoast SEO plugin v24.4 - https:\/\/yoast.com\/wordpress\/plugins\/seo\/ -->\n<title>21 martie 1903: Na\u0219terea P\u0103rintelui Martir Ilarion Felea, martirizat \u00een temni\u021ba Aiudului, propus spre canonizare de Biserica Ortodox\u0103 Rom\u00e2n\u0103 - RoExit<\/title>\n<meta name=\"robots\" content=\"index, follow, max-snippet:-1, max-image-preview:large, max-video-preview:-1\" \/>\n<link rel=\"canonical\" href=\"https:\/\/roexit.info\/?p=1892\" \/>\n<meta property=\"og:locale\" content=\"ro_RO\" \/>\n<meta property=\"og:type\" content=\"article\" \/>\n<meta property=\"og:title\" content=\"21 martie 1903: Na\u0219terea P\u0103rintelui Martir Ilarion Felea, martirizat \u00een temni\u021ba Aiudului, propus spre canonizare de Biserica Ortodox\u0103 Rom\u00e2n\u0103 - RoExit\" \/>\n<meta property=\"og:description\" content=\"Articol preluat de pe pagina lui Florin Palas. Motto: \u201eA\u0219a cum vorbe\u0219te Domnul Dumnezeu voi spune oamenilor, \u0219i nu cum spun al\u021bii\u201d (P\u0103rintele Martir Ilarion Felea) P\u0103rintele Ilarion Felea a fost printre primii de\u021binu\u021bi politic anticomuni\u0219ti aresta\u021bi \u00een martie 1945, fiind arestat pentru 5 luni \u00een lag\u0103rul de la Caracal, deoarece a continuat catehizarea tinerilor, [&hellip;]\" \/>\n<meta property=\"og:url\" content=\"https:\/\/roexit.info\/?p=1892\" \/>\n<meta property=\"og:site_name\" content=\"RoExit\" \/>\n<meta property=\"article:published_time\" content=\"2024-03-21T23:37:34+00:00\" \/>\n<meta property=\"article:modified_time\" content=\"2025-10-21T15:47:12+00:00\" \/>\n<meta property=\"og:image\" content=\"https:\/\/roexit.info\/wp-content\/uploads\/2024\/03\/parintele-Ilarion-V-Felea.jpg\" \/>\n\t<meta property=\"og:image:width\" content=\"1000\" \/>\n\t<meta property=\"og:image:height\" content=\"1000\" \/>\n\t<meta property=\"og:image:type\" content=\"image\/jpeg\" \/>\n<meta name=\"author\" content=\"co-admin\" \/>\n<meta name=\"twitter:card\" content=\"summary_large_image\" \/>\n<meta name=\"twitter:label1\" content=\"Scris de\" \/>\n\t<meta name=\"twitter:data1\" content=\"co-admin\" \/>\n\t<meta name=\"twitter:label2\" content=\"Timp estimat pentru citire\" \/>\n\t<meta name=\"twitter:data2\" content=\"2 minute\" \/>\n<script type=\"application\/ld+json\" class=\"yoast-schema-graph\">{\"@context\":\"https:\/\/schema.org\",\"@graph\":[{\"@type\":\"Article\",\"@id\":\"https:\/\/roexit.info\/?p=1892#article\",\"isPartOf\":{\"@id\":\"https:\/\/roexit.info\/?p=1892\"},\"author\":{\"name\":\"co-admin\",\"@id\":\"https:\/\/roexit.info\/#\/schema\/person\/ec2f0e7c6969784c45db6ff94a4299f7\"},\"headline\":\"21 martie 1903: Na\u0219terea P\u0103rintelui Martir Ilarion Felea, martirizat \u00een temni\u021ba Aiudului, propus spre canonizare de Biserica Ortodox\u0103 Rom\u00e2n\u0103\",\"datePublished\":\"2024-03-21T23:37:34+00:00\",\"dateModified\":\"2025-10-21T15:47:12+00:00\",\"mainEntityOfPage\":{\"@id\":\"https:\/\/roexit.info\/?p=1892\"},\"wordCount\":301,\"commentCount\":0,\"publisher\":{\"@id\":\"https:\/\/roexit.info\/#organization\"},\"image\":{\"@id\":\"https:\/\/roexit.info\/?p=1892#primaryimage\"},\"thumbnailUrl\":\"https:\/\/roexit.info\/wp-content\/uploads\/2024\/03\/parintele-Ilarion-V-Felea.jpg\",\"keywords\":[\"calendarul zilei\",\"Caracal\",\"catehizarea cre\u0219tinilor\",\"cre\u0219tinism\",\"crimele comunismului\",\"demnitate na\u021bional\u0103\",\"de\u021binu\u021bi politic\",\"Dumnezeu\",\"Florin Palas\",\"fo\u0219ti de\u021binu\u021bi politici\",\"Iisus Hristos\",\"\u00cenchisoarea Aiud\",\"\u00cenchisoarea Gherla\",\"\u00cenchisoarea Uranus din Bucure\u015fti\",\"lupt\u0103torii anticomuni\u0219ti\",\"mari rom\u00e2ni\",\"martiri pentru credin\u021b\u0103\",\"munc\u0103 silnic\u0103\",\"ocupa\u021bia armat\u0103 a Rom\u00e2niei de c\u0103tre URSS\",\"Partidul Comunist Rom\u00e2n PCR\",\"Pr Ilarion V Felea\",\"Pr Ioan B\u0103rda\u0219\",\"rug\u0103ciune\",\"sfin\u021bii \u00eenchisorilor\",\"Tribunalul Militar Cluj\",\"URSS\",\"via\u021ba ve\u0219nic\u0103\"],\"articleSection\":[\"Cultur\u0103\",\"Istorie\",\"Religie\"],\"inLanguage\":\"ro-RO\",\"potentialAction\":[{\"@type\":\"CommentAction\",\"name\":\"Comment\",\"target\":[\"https:\/\/roexit.info\/?p=1892#respond\"]}]},{\"@type\":\"WebPage\",\"@id\":\"https:\/\/roexit.info\/?p=1892\",\"url\":\"https:\/\/roexit.info\/?p=1892\",\"name\":\"21 martie 1903: Na\u0219terea P\u0103rintelui Martir Ilarion Felea, martirizat \u00een temni\u021ba Aiudului, propus spre canonizare de Biserica Ortodox\u0103 Rom\u00e2n\u0103 - RoExit\",\"isPartOf\":{\"@id\":\"https:\/\/roexit.info\/#website\"},\"primaryImageOfPage\":{\"@id\":\"https:\/\/roexit.info\/?p=1892#primaryimage\"},\"image\":{\"@id\":\"https:\/\/roexit.info\/?p=1892#primaryimage\"},\"thumbnailUrl\":\"https:\/\/roexit.info\/wp-content\/uploads\/2024\/03\/parintele-Ilarion-V-Felea.jpg\",\"datePublished\":\"2024-03-21T23:37:34+00:00\",\"dateModified\":\"2025-10-21T15:47:12+00:00\",\"breadcrumb\":{\"@id\":\"https:\/\/roexit.info\/?p=1892#breadcrumb\"},\"inLanguage\":\"ro-RO\",\"potentialAction\":[{\"@type\":\"ReadAction\",\"target\":[\"https:\/\/roexit.info\/?p=1892\"]}]},{\"@type\":\"ImageObject\",\"inLanguage\":\"ro-RO\",\"@id\":\"https:\/\/roexit.info\/?p=1892#primaryimage\",\"url\":\"https:\/\/roexit.info\/wp-content\/uploads\/2024\/03\/parintele-Ilarion-V-Felea.jpg\",\"contentUrl\":\"https:\/\/roexit.info\/wp-content\/uploads\/2024\/03\/parintele-Ilarion-V-Felea.jpg\",\"width\":1000,\"height\":1000},{\"@type\":\"BreadcrumbList\",\"@id\":\"https:\/\/roexit.info\/?p=1892#breadcrumb\",\"itemListElement\":[{\"@type\":\"ListItem\",\"position\":1,\"name\":\"Prima pagin\u0103\",\"item\":\"https:\/\/roexit.info\/\"},{\"@type\":\"ListItem\",\"position\":2,\"name\":\"21 martie 1903: Na\u0219terea P\u0103rintelui Martir Ilarion Felea, martirizat \u00een temni\u021ba Aiudului, propus spre canonizare de Biserica Ortodox\u0103 Rom\u00e2n\u0103\"}]},{\"@type\":\"WebSite\",\"@id\":\"https:\/\/roexit.info\/#website\",\"url\":\"https:\/\/roexit.info\/\",\"name\":\"RoExit\",\"description\":\"UE la co\u0219ul de gunoi al istoriei\",\"publisher\":{\"@id\":\"https:\/\/roexit.info\/#organization\"},\"potentialAction\":[{\"@type\":\"SearchAction\",\"target\":{\"@type\":\"EntryPoint\",\"urlTemplate\":\"https:\/\/roexit.info\/?s={search_term_string}\"},\"query-input\":{\"@type\":\"PropertyValueSpecification\",\"valueRequired\":true,\"valueName\":\"search_term_string\"}}],\"inLanguage\":\"ro-RO\"},{\"@type\":\"Organization\",\"@id\":\"https:\/\/roexit.info\/#organization\",\"name\":\"RoExit\",\"url\":\"https:\/\/roexit.info\/\",\"logo\":{\"@type\":\"ImageObject\",\"inLanguage\":\"ro-RO\",\"@id\":\"https:\/\/roexit.info\/#\/schema\/logo\/image\/\",\"url\":\"https:\/\/roexit.info\/wp-content\/uploads\/2023\/12\/cropped-logo-vsrianta-2.jpeg\",\"contentUrl\":\"https:\/\/roexit.info\/wp-content\/uploads\/2023\/12\/cropped-logo-vsrianta-2.jpeg\",\"width\":358,\"height\":277,\"caption\":\"RoExit\"},\"image\":{\"@id\":\"https:\/\/roexit.info\/#\/schema\/logo\/image\/\"}},{\"@type\":\"Person\",\"@id\":\"https:\/\/roexit.info\/#\/schema\/person\/ec2f0e7c6969784c45db6ff94a4299f7\",\"name\":\"co-admin\",\"image\":{\"@type\":\"ImageObject\",\"inLanguage\":\"ro-RO\",\"@id\":\"https:\/\/roexit.info\/#\/schema\/person\/image\/\",\"url\":\"https:\/\/secure.gravatar.com\/avatar\/984ee784359fecd24e0c89f3e3461c4be6a6700643280b75c953d0c0a0b69425?s=96&d=mm&r=g\",\"contentUrl\":\"https:\/\/secure.gravatar.com\/avatar\/984ee784359fecd24e0c89f3e3461c4be6a6700643280b75c953d0c0a0b69425?s=96&d=mm&r=g\",\"caption\":\"co-admin\"},\"url\":\"https:\/\/roexit.info\/?author=4\"}]}<\/script>\n<!-- \/ Yoast SEO plugin. -->","yoast_head_json":{"title":"21 martie 1903: Na\u0219terea P\u0103rintelui Martir Ilarion Felea, martirizat \u00een temni\u021ba Aiudului, propus spre canonizare de Biserica Ortodox\u0103 Rom\u00e2n\u0103 - RoExit","robots":{"index":"index","follow":"follow","max-snippet":"max-snippet:-1","max-image-preview":"max-image-preview:large","max-video-preview":"max-video-preview:-1"},"canonical":"https:\/\/roexit.info\/?p=1892","og_locale":"ro_RO","og_type":"article","og_title":"21 martie 1903: Na\u0219terea P\u0103rintelui Martir Ilarion Felea, martirizat \u00een temni\u021ba Aiudului, propus spre canonizare de Biserica Ortodox\u0103 Rom\u00e2n\u0103 - RoExit","og_description":"Articol preluat de pe pagina lui Florin Palas. Motto: \u201eA\u0219a cum vorbe\u0219te Domnul Dumnezeu voi spune oamenilor, \u0219i nu cum spun al\u021bii\u201d (P\u0103rintele Martir Ilarion Felea) P\u0103rintele Ilarion Felea a fost printre primii de\u021binu\u021bi politic anticomuni\u0219ti aresta\u021bi \u00een martie 1945, fiind arestat pentru 5 luni \u00een lag\u0103rul de la Caracal, deoarece a continuat catehizarea tinerilor, [&hellip;]","og_url":"https:\/\/roexit.info\/?p=1892","og_site_name":"RoExit","article_published_time":"2024-03-21T23:37:34+00:00","article_modified_time":"2025-10-21T15:47:12+00:00","og_image":[{"width":1000,"height":1000,"url":"https:\/\/roexit.info\/wp-content\/uploads\/2024\/03\/parintele-Ilarion-V-Felea.jpg","type":"image\/jpeg"}],"author":"co-admin","twitter_card":"summary_large_image","twitter_misc":{"Scris de":"co-admin","Timp estimat pentru citire":"2 minute"},"schema":{"@context":"https:\/\/schema.org","@graph":[{"@type":"Article","@id":"https:\/\/roexit.info\/?p=1892#article","isPartOf":{"@id":"https:\/\/roexit.info\/?p=1892"},"author":{"name":"co-admin","@id":"https:\/\/roexit.info\/#\/schema\/person\/ec2f0e7c6969784c45db6ff94a4299f7"},"headline":"21 martie 1903: Na\u0219terea P\u0103rintelui Martir Ilarion Felea, martirizat \u00een temni\u021ba Aiudului, propus spre canonizare de Biserica Ortodox\u0103 Rom\u00e2n\u0103","datePublished":"2024-03-21T23:37:34+00:00","dateModified":"2025-10-21T15:47:12+00:00","mainEntityOfPage":{"@id":"https:\/\/roexit.info\/?p=1892"},"wordCount":301,"commentCount":0,"publisher":{"@id":"https:\/\/roexit.info\/#organization"},"image":{"@id":"https:\/\/roexit.info\/?p=1892#primaryimage"},"thumbnailUrl":"https:\/\/roexit.info\/wp-content\/uploads\/2024\/03\/parintele-Ilarion-V-Felea.jpg","keywords":["calendarul zilei","Caracal","catehizarea cre\u0219tinilor","cre\u0219tinism","crimele comunismului","demnitate na\u021bional\u0103","de\u021binu\u021bi politic","Dumnezeu","Florin Palas","fo\u0219ti de\u021binu\u021bi politici","Iisus Hristos","\u00cenchisoarea Aiud","\u00cenchisoarea Gherla","\u00cenchisoarea Uranus din Bucure\u015fti","lupt\u0103torii anticomuni\u0219ti","mari rom\u00e2ni","martiri pentru credin\u021b\u0103","munc\u0103 silnic\u0103","ocupa\u021bia armat\u0103 a Rom\u00e2niei de c\u0103tre URSS","Partidul Comunist Rom\u00e2n PCR","Pr Ilarion V Felea","Pr Ioan B\u0103rda\u0219","rug\u0103ciune","sfin\u021bii \u00eenchisorilor","Tribunalul Militar Cluj","URSS","via\u021ba ve\u0219nic\u0103"],"articleSection":["Cultur\u0103","Istorie","Religie"],"inLanguage":"ro-RO","potentialAction":[{"@type":"CommentAction","name":"Comment","target":["https:\/\/roexit.info\/?p=1892#respond"]}]},{"@type":"WebPage","@id":"https:\/\/roexit.info\/?p=1892","url":"https:\/\/roexit.info\/?p=1892","name":"21 martie 1903: Na\u0219terea P\u0103rintelui Martir Ilarion Felea, martirizat \u00een temni\u021ba Aiudului, propus spre canonizare de Biserica Ortodox\u0103 Rom\u00e2n\u0103 - RoExit","isPartOf":{"@id":"https:\/\/roexit.info\/#website"},"primaryImageOfPage":{"@id":"https:\/\/roexit.info\/?p=1892#primaryimage"},"image":{"@id":"https:\/\/roexit.info\/?p=1892#primaryimage"},"thumbnailUrl":"https:\/\/roexit.info\/wp-content\/uploads\/2024\/03\/parintele-Ilarion-V-Felea.jpg","datePublished":"2024-03-21T23:37:34+00:00","dateModified":"2025-10-21T15:47:12+00:00","breadcrumb":{"@id":"https:\/\/roexit.info\/?p=1892#breadcrumb"},"inLanguage":"ro-RO","potentialAction":[{"@type":"ReadAction","target":["https:\/\/roexit.info\/?p=1892"]}]},{"@type":"ImageObject","inLanguage":"ro-RO","@id":"https:\/\/roexit.info\/?p=1892#primaryimage","url":"https:\/\/roexit.info\/wp-content\/uploads\/2024\/03\/parintele-Ilarion-V-Felea.jpg","contentUrl":"https:\/\/roexit.info\/wp-content\/uploads\/2024\/03\/parintele-Ilarion-V-Felea.jpg","width":1000,"height":1000},{"@type":"BreadcrumbList","@id":"https:\/\/roexit.info\/?p=1892#breadcrumb","itemListElement":[{"@type":"ListItem","position":1,"name":"Prima pagin\u0103","item":"https:\/\/roexit.info\/"},{"@type":"ListItem","position":2,"name":"21 martie 1903: Na\u0219terea P\u0103rintelui Martir Ilarion Felea, martirizat \u00een temni\u021ba Aiudului, propus spre canonizare de Biserica Ortodox\u0103 Rom\u00e2n\u0103"}]},{"@type":"WebSite","@id":"https:\/\/roexit.info\/#website","url":"https:\/\/roexit.info\/","name":"RoExit","description":"UE la co\u0219ul de gunoi al istoriei","publisher":{"@id":"https:\/\/roexit.info\/#organization"},"potentialAction":[{"@type":"SearchAction","target":{"@type":"EntryPoint","urlTemplate":"https:\/\/roexit.info\/?s={search_term_string}"},"query-input":{"@type":"PropertyValueSpecification","valueRequired":true,"valueName":"search_term_string"}}],"inLanguage":"ro-RO"},{"@type":"Organization","@id":"https:\/\/roexit.info\/#organization","name":"RoExit","url":"https:\/\/roexit.info\/","logo":{"@type":"ImageObject","inLanguage":"ro-RO","@id":"https:\/\/roexit.info\/#\/schema\/logo\/image\/","url":"https:\/\/roexit.info\/wp-content\/uploads\/2023\/12\/cropped-logo-vsrianta-2.jpeg","contentUrl":"https:\/\/roexit.info\/wp-content\/uploads\/2023\/12\/cropped-logo-vsrianta-2.jpeg","width":358,"height":277,"caption":"RoExit"},"image":{"@id":"https:\/\/roexit.info\/#\/schema\/logo\/image\/"}},{"@type":"Person","@id":"https:\/\/roexit.info\/#\/schema\/person\/ec2f0e7c6969784c45db6ff94a4299f7","name":"co-admin","image":{"@type":"ImageObject","inLanguage":"ro-RO","@id":"https:\/\/roexit.info\/#\/schema\/person\/image\/","url":"https:\/\/secure.gravatar.com\/avatar\/984ee784359fecd24e0c89f3e3461c4be6a6700643280b75c953d0c0a0b69425?s=96&d=mm&r=g","contentUrl":"https:\/\/secure.gravatar.com\/avatar\/984ee784359fecd24e0c89f3e3461c4be6a6700643280b75c953d0c0a0b69425?s=96&d=mm&r=g","caption":"co-admin"},"url":"https:\/\/roexit.info\/?author=4"}]}},"_links":{"self":[{"href":"https:\/\/roexit.info\/index.php?rest_route=\/wp\/v2\/posts\/1892","targetHints":{"allow":["GET"]}}],"collection":[{"href":"https:\/\/roexit.info\/index.php?rest_route=\/wp\/v2\/posts"}],"about":[{"href":"https:\/\/roexit.info\/index.php?rest_route=\/wp\/v2\/types\/post"}],"author":[{"embeddable":true,"href":"https:\/\/roexit.info\/index.php?rest_route=\/wp\/v2\/users\/4"}],"replies":[{"embeddable":true,"href":"https:\/\/roexit.info\/index.php?rest_route=%2Fwp%2Fv2%2Fcomments&post=1892"}],"version-history":[{"count":1,"href":"https:\/\/roexit.info\/index.php?rest_route=\/wp\/v2\/posts\/1892\/revisions"}],"predecessor-version":[{"id":1894,"href":"https:\/\/roexit.info\/index.php?rest_route=\/wp\/v2\/posts\/1892\/revisions\/1894"}],"wp:featuredmedia":[{"embeddable":true,"href":"https:\/\/roexit.info\/index.php?rest_route=\/wp\/v2\/media\/1893"}],"wp:attachment":[{"href":"https:\/\/roexit.info\/index.php?rest_route=%2Fwp%2Fv2%2Fmedia&parent=1892"}],"wp:term":[{"taxonomy":"category","embeddable":true,"href":"https:\/\/roexit.info\/index.php?rest_route=%2Fwp%2Fv2%2Fcategories&post=1892"},{"taxonomy":"post_tag","embeddable":true,"href":"https:\/\/roexit.info\/index.php?rest_route=%2Fwp%2Fv2%2Ftags&post=1892"}],"curies":[{"name":"wp","href":"https:\/\/api.w.org\/{rel}","templated":true}]}}