{"id":2005,"date":"2024-04-04T19:52:57","date_gmt":"2024-04-04T19:52:57","guid":{"rendered":"https:\/\/roexit.info\/?p=2005"},"modified":"2025-10-21T15:48:07","modified_gmt":"2025-10-21T15:48:07","slug":"omul-potrivit-la-locul-potrivit-opinia-lui-ioan-sperling","status":"publish","type":"post","link":"https:\/\/roexit.info\/?p=2005","title":{"rendered":"Omul potrivit la locul potrivit! Opinia lui Ioan Sperling"},"content":{"rendered":"<p style=\"text-align: right;\"><em>Un articol publicat de Ioan Sperling ini\u021bial pe <a href=\"https:\/\/vrabiute.blog\/2024\/04\/04\/omul-potrivit-la-locul-potrivit-2\/\">Vr\u0103biu\u021be.blog<\/a><\/em><\/p>\n<p>\u201e<strong><em>Nu inten\u021bionez nici s\u0103 m\u0103 retrag, nici s\u0103 negociez altceva. M\u0103 concentrez pe NATO. \u00cen continuare consider c\u0103 \u0219ansele mele sunt rezonabile<\/em><\/strong>\u201d &#8211; Klaus Iohannis.<\/p>\n<p>Lumea \u00eel ia pe Klaus \u00een r\u00e2s, dar nu e de loc de r\u00e2s! Pare c\u0103 nu are nici o \u0219ans\u0103 \u00een fa\u021ba contracandidatului, sus\u021binut de 28 de state din 32, SUA inclusiv \u0219i, totu\u0219i, (<em>p<\/em>)omul continu\u0103 s\u0103-\u0219i doreasc\u0103 \u0219i s\u0103 fie focusat pe aceast\u0103 func\u021bie, pentru care are mai pu\u021bine aptitudini dec\u00e2t a avut pentru pre\u0219edin\u021bia Rom\u00e2niei!<\/p>\n<p>Cei care cred c\u0103 \u00eenc\u0103p\u0103\u021b\u00e2narea lui este de fapt handicapul de a fi ardelean, plus ni\u0219te conexiuni neuronale personale mult mai lungi dec\u00e2t normalul, se \u00een\u0219al\u0103!<\/p>\n<p><strong><mark class=\"has-inline-color has-vivid-red-color\">Johannis chiar are \u0219anse<\/mark><\/strong>, \u00een ciuda aparen\u021belor, nu doar pentru c\u0103 este un geniu ne\u00een\u021beles, de neegalat, cum probabil se crede, ci pentru c\u0103 <strong><mark class=\"has-inline-color has-vivid-red-color\">este capabil de orice!<\/mark><\/strong> Or, asta nu poate oricine \u0219i cu siguran\u021b\u0103 Rutte \u0103sta are limitele lui, spre deosebire de el! Atunci c\u00e2nd cei care numesc cu adev\u0103rat pe cel din fruntea v\u0103zut\u0103 a NATO se vor izbi de aceste limite morale, vor fi obliga\u021bi s\u0103 se reorienteze, s\u0103 ia singura decizie rezonabil\u0103: s\u0103-l numeasc\u0103 pe Johannis!<\/p>\n<p>Doamna von der Leyen a avut o carier\u0103 politic\u0103 identic\u0103 \u00een Germania, ca \u0219i Johannis \u00een Rom\u00e2nia, desigur nu de pozi\u021bia de pre\u0219edinte, ci doar cea de ministru, de c\u00e2teva ori. \u00cen urma ei, ca \u0219i \u00een urma lui, a r\u0103mas pr\u0103p\u0103d! Jale! Drept \u201e<strong><em>pedeaps\u0103<\/em><\/strong>\u201d a fost pus\u0103 \u00een fruntea UE ca s\u0103 continue pe linia \u00eenceput\u0103 \u0219i, cum vedem, o face! \u0218i o face \u201e<strong><em>bine\u201d<\/em><\/strong>!<\/p>\n<p>Unde mai pui c\u0103 de la NATO chiar se a\u0219teapt\u0103 s\u0103 r\u0103m\u00e2n\u0103 pr\u0103p\u0103d \u0219i jale \u00een urm\u0103! Iar pentru asta trebuie \u201e<strong><em>talent<\/em><\/strong>\u201d, l\u0103comie, capacitatea de a executa \u0219i \u00eendeplini orice ordin, indiferent c\u00e2t de inuman ar fi \u0219i, nu \u00een ultimul r\u00e2nd, trebuie s\u0103 r\u0103m\u00e2i \u00eenchis ermetic, imun, nep\u0103s\u0103tor la orice justificat\u0103 critic\u0103!<\/p>\n<p>Cuno\u0219tin\u021bele militare nu sunt necesare, pentru c\u0103 postul este doar de reprezentare a celor care conduc din birouri, armatele, lumea, a\u0219a c\u0103 Johannis este \u00eenc\u0103 \u00een competi\u021bie, cu mari \u0219anse s\u0103 c\u00e2\u0219tige!<\/p>\n<p>Pentru cei care au uitat, v\u0103 mai dau un exemplu: g\u00e2ndi\u021bi-v\u0103 c\u00e2te \u0219anse avea Laura Codru\u021ba K\u00f6vesi s\u0103 ajung\u0103 procuroarea-\u0219ef\u0103 a UE, dup\u0103 ce c\u0103 a l\u0103sat Rom\u00e2nia f\u0103r\u0103 pic de corup\u021bie \u0219i, mai ales, c\u0103 UE sus\u021binea pe altcineva! \u0218i, totu\u0219i, a ajuns!<br \/>\nDe ce?<br \/>\nPentru c\u0103 nu are limite \u0219i \u201e<strong><em>oamenii<\/em><\/strong>\u201d \u0103\u0219tia sunt indispensabili \u00een func\u021biile de conducere, altfel nu s-ar putea schimba scara de valori de p\u00e2n\u0103 acum, validat\u0103 de istorie, cu una care contrazice \u0219tiin\u021ba, logica, bunul sim\u021b!<\/p>\n<p>&nbsp;<\/p>\n","protected":false},"excerpt":{"rendered":"<p>Un articol publicat de Ioan Sperling ini\u021bial pe Vr\u0103biu\u021be.blog \u201eNu inten\u021bionez nici s\u0103 m\u0103 retrag, nici s\u0103 negociez altceva. M\u0103 concentrez pe NATO. \u00cen continuare consider c\u0103 \u0219ansele mele sunt rezonabile\u201d &#8211; Klaus Iohannis. Lumea \u00eel ia pe Klaus \u00een r\u00e2s, dar nu e de loc de r\u00e2s! Pare c\u0103 nu are nici o \u0219ans\u0103 [&hellip;]<\/p>\n","protected":false},"author":4,"featured_media":2006,"comment_status":"open","ping_status":"open","sticky":false,"template":"","format":"standard","meta":{"footnotes":""},"categories":[270,32,290,2,4],"tags":[1884,403,349,65,1824,1886,1883,1882,21,150,1885,102,12,53,1572],"class_list":["post-2005","post","type-post","status-publish","format-standard","has-post-thumbnail","hentry","category-externe","category-opinii","category-politica","category-stiri","category-stil_de_viata","tag-eppo","tag-germania","tag-ioan-sperling","tag-klaus-iohannis","tag-laura-codruta-kovesi","tag-lipsa-empatiei","tag-lupta-anti-coruptie","tag-mark-rutte","tag-nato","tag-presedintia-romaniei","tag-sluga-perfecta","tag-sua","tag-ue","tag-ursula-von-der-leyen","tag-vrabiute-blog"],"yoast_head":"<!-- This site is optimized with the Yoast SEO plugin v24.4 - https:\/\/yoast.com\/wordpress\/plugins\/seo\/ -->\n<title>Omul potrivit la locul potrivit! Opinia lui Ioan Sperling - RoExit<\/title>\n<meta name=\"robots\" content=\"index, follow, max-snippet:-1, max-image-preview:large, max-video-preview:-1\" \/>\n<link rel=\"canonical\" href=\"https:\/\/roexit.info\/?p=2005\" \/>\n<meta property=\"og:locale\" content=\"ro_RO\" \/>\n<meta property=\"og:type\" content=\"article\" \/>\n<meta property=\"og:title\" content=\"Omul potrivit la locul potrivit! Opinia lui Ioan Sperling - RoExit\" \/>\n<meta property=\"og:description\" content=\"Un articol publicat de Ioan Sperling ini\u021bial pe Vr\u0103biu\u021be.blog \u201eNu inten\u021bionez nici s\u0103 m\u0103 retrag, nici s\u0103 negociez altceva. M\u0103 concentrez pe NATO. \u00cen continuare consider c\u0103 \u0219ansele mele sunt rezonabile\u201d &#8211; Klaus Iohannis. Lumea \u00eel ia pe Klaus \u00een r\u00e2s, dar nu e de loc de r\u00e2s! Pare c\u0103 nu are nici o \u0219ans\u0103 [&hellip;]\" \/>\n<meta property=\"og:url\" content=\"https:\/\/roexit.info\/?p=2005\" \/>\n<meta property=\"og:site_name\" content=\"RoExit\" \/>\n<meta property=\"article:published_time\" content=\"2024-04-04T19:52:57+00:00\" \/>\n<meta property=\"article:modified_time\" content=\"2025-10-21T15:48:07+00:00\" \/>\n<meta property=\"og:image\" content=\"https:\/\/roexit.info\/wp-content\/uploads\/2024\/04\/pup-ursula.png\" \/>\n\t<meta property=\"og:image:width\" content=\"681\" \/>\n\t<meta property=\"og:image:height\" content=\"477\" \/>\n\t<meta property=\"og:image:type\" content=\"image\/png\" \/>\n<meta name=\"author\" content=\"co-admin\" \/>\n<meta name=\"twitter:card\" content=\"summary_large_image\" \/>\n<meta name=\"twitter:label1\" content=\"Scris de\" \/>\n\t<meta name=\"twitter:data1\" content=\"co-admin\" \/>\n\t<meta name=\"twitter:label2\" content=\"Timp estimat pentru citire\" \/>\n\t<meta name=\"twitter:data2\" content=\"3 minute\" \/>\n<script type=\"application\/ld+json\" class=\"yoast-schema-graph\">{\"@context\":\"https:\/\/schema.org\",\"@graph\":[{\"@type\":\"Article\",\"@id\":\"https:\/\/roexit.info\/?p=2005#article\",\"isPartOf\":{\"@id\":\"https:\/\/roexit.info\/?p=2005\"},\"author\":{\"name\":\"co-admin\",\"@id\":\"https:\/\/roexit.info\/#\/schema\/person\/ec2f0e7c6969784c45db6ff94a4299f7\"},\"headline\":\"Omul potrivit la locul potrivit! Opinia lui Ioan Sperling\",\"datePublished\":\"2024-04-04T19:52:57+00:00\",\"dateModified\":\"2025-10-21T15:48:07+00:00\",\"mainEntityOfPage\":{\"@id\":\"https:\/\/roexit.info\/?p=2005\"},\"wordCount\":511,\"commentCount\":0,\"publisher\":{\"@id\":\"https:\/\/roexit.info\/#organization\"},\"image\":{\"@id\":\"https:\/\/roexit.info\/?p=2005#primaryimage\"},\"thumbnailUrl\":\"https:\/\/roexit.info\/wp-content\/uploads\/2024\/04\/pup-ursula.png\",\"keywords\":[\"EPPO\",\"Germania\",\"Ioan Sperling\",\"Klaus Iohannis\",\"Laura Codru\u021ba Kove\u0219i\",\"lipsa empatiei\",\"lupta anti corup\u021bie\",\"Mark Rutte\",\"NATO\",\"Pre\u0219edin\u021bia Rom\u00e2niei\",\"sluga perfect\u0103\",\"SUA\",\"UE\",\"Ursula von der Leyen\",\"Vr\u0103biu\u021be Blog\"],\"articleSection\":[\"Externe\",\"Opinii\",\"Politic\u0103\",\"\u0218tiri\",\"Via\u021ba \u00een secolul XXI\"],\"inLanguage\":\"ro-RO\",\"potentialAction\":[{\"@type\":\"CommentAction\",\"name\":\"Comment\",\"target\":[\"https:\/\/roexit.info\/?p=2005#respond\"]}]},{\"@type\":\"WebPage\",\"@id\":\"https:\/\/roexit.info\/?p=2005\",\"url\":\"https:\/\/roexit.info\/?p=2005\",\"name\":\"Omul potrivit la locul potrivit! Opinia lui Ioan Sperling - RoExit\",\"isPartOf\":{\"@id\":\"https:\/\/roexit.info\/#website\"},\"primaryImageOfPage\":{\"@id\":\"https:\/\/roexit.info\/?p=2005#primaryimage\"},\"image\":{\"@id\":\"https:\/\/roexit.info\/?p=2005#primaryimage\"},\"thumbnailUrl\":\"https:\/\/roexit.info\/wp-content\/uploads\/2024\/04\/pup-ursula.png\",\"datePublished\":\"2024-04-04T19:52:57+00:00\",\"dateModified\":\"2025-10-21T15:48:07+00:00\",\"breadcrumb\":{\"@id\":\"https:\/\/roexit.info\/?p=2005#breadcrumb\"},\"inLanguage\":\"ro-RO\",\"potentialAction\":[{\"@type\":\"ReadAction\",\"target\":[\"https:\/\/roexit.info\/?p=2005\"]}]},{\"@type\":\"ImageObject\",\"inLanguage\":\"ro-RO\",\"@id\":\"https:\/\/roexit.info\/?p=2005#primaryimage\",\"url\":\"https:\/\/roexit.info\/wp-content\/uploads\/2024\/04\/pup-ursula.png\",\"contentUrl\":\"https:\/\/roexit.info\/wp-content\/uploads\/2024\/04\/pup-ursula.png\",\"width\":681,\"height\":477},{\"@type\":\"BreadcrumbList\",\"@id\":\"https:\/\/roexit.info\/?p=2005#breadcrumb\",\"itemListElement\":[{\"@type\":\"ListItem\",\"position\":1,\"name\":\"Prima pagin\u0103\",\"item\":\"https:\/\/roexit.info\/\"},{\"@type\":\"ListItem\",\"position\":2,\"name\":\"Omul potrivit la locul potrivit! Opinia lui Ioan Sperling\"}]},{\"@type\":\"WebSite\",\"@id\":\"https:\/\/roexit.info\/#website\",\"url\":\"https:\/\/roexit.info\/\",\"name\":\"RoExit\",\"description\":\"UE la co\u0219ul de gunoi al istoriei\",\"publisher\":{\"@id\":\"https:\/\/roexit.info\/#organization\"},\"potentialAction\":[{\"@type\":\"SearchAction\",\"target\":{\"@type\":\"EntryPoint\",\"urlTemplate\":\"https:\/\/roexit.info\/?s={search_term_string}\"},\"query-input\":{\"@type\":\"PropertyValueSpecification\",\"valueRequired\":true,\"valueName\":\"search_term_string\"}}],\"inLanguage\":\"ro-RO\"},{\"@type\":\"Organization\",\"@id\":\"https:\/\/roexit.info\/#organization\",\"name\":\"RoExit\",\"url\":\"https:\/\/roexit.info\/\",\"logo\":{\"@type\":\"ImageObject\",\"inLanguage\":\"ro-RO\",\"@id\":\"https:\/\/roexit.info\/#\/schema\/logo\/image\/\",\"url\":\"https:\/\/roexit.info\/wp-content\/uploads\/2023\/12\/cropped-logo-vsrianta-2.jpeg\",\"contentUrl\":\"https:\/\/roexit.info\/wp-content\/uploads\/2023\/12\/cropped-logo-vsrianta-2.jpeg\",\"width\":358,\"height\":277,\"caption\":\"RoExit\"},\"image\":{\"@id\":\"https:\/\/roexit.info\/#\/schema\/logo\/image\/\"}},{\"@type\":\"Person\",\"@id\":\"https:\/\/roexit.info\/#\/schema\/person\/ec2f0e7c6969784c45db6ff94a4299f7\",\"name\":\"co-admin\",\"image\":{\"@type\":\"ImageObject\",\"inLanguage\":\"ro-RO\",\"@id\":\"https:\/\/roexit.info\/#\/schema\/person\/image\/\",\"url\":\"https:\/\/secure.gravatar.com\/avatar\/984ee784359fecd24e0c89f3e3461c4be6a6700643280b75c953d0c0a0b69425?s=96&d=mm&r=g\",\"contentUrl\":\"https:\/\/secure.gravatar.com\/avatar\/984ee784359fecd24e0c89f3e3461c4be6a6700643280b75c953d0c0a0b69425?s=96&d=mm&r=g\",\"caption\":\"co-admin\"},\"url\":\"https:\/\/roexit.info\/?author=4\"}]}<\/script>\n<!-- \/ Yoast SEO plugin. -->","yoast_head_json":{"title":"Omul potrivit la locul potrivit! Opinia lui Ioan Sperling - RoExit","robots":{"index":"index","follow":"follow","max-snippet":"max-snippet:-1","max-image-preview":"max-image-preview:large","max-video-preview":"max-video-preview:-1"},"canonical":"https:\/\/roexit.info\/?p=2005","og_locale":"ro_RO","og_type":"article","og_title":"Omul potrivit la locul potrivit! Opinia lui Ioan Sperling - RoExit","og_description":"Un articol publicat de Ioan Sperling ini\u021bial pe Vr\u0103biu\u021be.blog \u201eNu inten\u021bionez nici s\u0103 m\u0103 retrag, nici s\u0103 negociez altceva. M\u0103 concentrez pe NATO. \u00cen continuare consider c\u0103 \u0219ansele mele sunt rezonabile\u201d &#8211; Klaus Iohannis. Lumea \u00eel ia pe Klaus \u00een r\u00e2s, dar nu e de loc de r\u00e2s! Pare c\u0103 nu are nici o \u0219ans\u0103 [&hellip;]","og_url":"https:\/\/roexit.info\/?p=2005","og_site_name":"RoExit","article_published_time":"2024-04-04T19:52:57+00:00","article_modified_time":"2025-10-21T15:48:07+00:00","og_image":[{"width":681,"height":477,"url":"https:\/\/roexit.info\/wp-content\/uploads\/2024\/04\/pup-ursula.png","type":"image\/png"}],"author":"co-admin","twitter_card":"summary_large_image","twitter_misc":{"Scris de":"co-admin","Timp estimat pentru citire":"3 minute"},"schema":{"@context":"https:\/\/schema.org","@graph":[{"@type":"Article","@id":"https:\/\/roexit.info\/?p=2005#article","isPartOf":{"@id":"https:\/\/roexit.info\/?p=2005"},"author":{"name":"co-admin","@id":"https:\/\/roexit.info\/#\/schema\/person\/ec2f0e7c6969784c45db6ff94a4299f7"},"headline":"Omul potrivit la locul potrivit! Opinia lui Ioan Sperling","datePublished":"2024-04-04T19:52:57+00:00","dateModified":"2025-10-21T15:48:07+00:00","mainEntityOfPage":{"@id":"https:\/\/roexit.info\/?p=2005"},"wordCount":511,"commentCount":0,"publisher":{"@id":"https:\/\/roexit.info\/#organization"},"image":{"@id":"https:\/\/roexit.info\/?p=2005#primaryimage"},"thumbnailUrl":"https:\/\/roexit.info\/wp-content\/uploads\/2024\/04\/pup-ursula.png","keywords":["EPPO","Germania","Ioan Sperling","Klaus Iohannis","Laura Codru\u021ba Kove\u0219i","lipsa empatiei","lupta anti corup\u021bie","Mark Rutte","NATO","Pre\u0219edin\u021bia Rom\u00e2niei","sluga perfect\u0103","SUA","UE","Ursula von der Leyen","Vr\u0103biu\u021be Blog"],"articleSection":["Externe","Opinii","Politic\u0103","\u0218tiri","Via\u021ba \u00een secolul XXI"],"inLanguage":"ro-RO","potentialAction":[{"@type":"CommentAction","name":"Comment","target":["https:\/\/roexit.info\/?p=2005#respond"]}]},{"@type":"WebPage","@id":"https:\/\/roexit.info\/?p=2005","url":"https:\/\/roexit.info\/?p=2005","name":"Omul potrivit la locul potrivit! Opinia lui Ioan Sperling - RoExit","isPartOf":{"@id":"https:\/\/roexit.info\/#website"},"primaryImageOfPage":{"@id":"https:\/\/roexit.info\/?p=2005#primaryimage"},"image":{"@id":"https:\/\/roexit.info\/?p=2005#primaryimage"},"thumbnailUrl":"https:\/\/roexit.info\/wp-content\/uploads\/2024\/04\/pup-ursula.png","datePublished":"2024-04-04T19:52:57+00:00","dateModified":"2025-10-21T15:48:07+00:00","breadcrumb":{"@id":"https:\/\/roexit.info\/?p=2005#breadcrumb"},"inLanguage":"ro-RO","potentialAction":[{"@type":"ReadAction","target":["https:\/\/roexit.info\/?p=2005"]}]},{"@type":"ImageObject","inLanguage":"ro-RO","@id":"https:\/\/roexit.info\/?p=2005#primaryimage","url":"https:\/\/roexit.info\/wp-content\/uploads\/2024\/04\/pup-ursula.png","contentUrl":"https:\/\/roexit.info\/wp-content\/uploads\/2024\/04\/pup-ursula.png","width":681,"height":477},{"@type":"BreadcrumbList","@id":"https:\/\/roexit.info\/?p=2005#breadcrumb","itemListElement":[{"@type":"ListItem","position":1,"name":"Prima pagin\u0103","item":"https:\/\/roexit.info\/"},{"@type":"ListItem","position":2,"name":"Omul potrivit la locul potrivit! Opinia lui Ioan Sperling"}]},{"@type":"WebSite","@id":"https:\/\/roexit.info\/#website","url":"https:\/\/roexit.info\/","name":"RoExit","description":"UE la co\u0219ul de gunoi al istoriei","publisher":{"@id":"https:\/\/roexit.info\/#organization"},"potentialAction":[{"@type":"SearchAction","target":{"@type":"EntryPoint","urlTemplate":"https:\/\/roexit.info\/?s={search_term_string}"},"query-input":{"@type":"PropertyValueSpecification","valueRequired":true,"valueName":"search_term_string"}}],"inLanguage":"ro-RO"},{"@type":"Organization","@id":"https:\/\/roexit.info\/#organization","name":"RoExit","url":"https:\/\/roexit.info\/","logo":{"@type":"ImageObject","inLanguage":"ro-RO","@id":"https:\/\/roexit.info\/#\/schema\/logo\/image\/","url":"https:\/\/roexit.info\/wp-content\/uploads\/2023\/12\/cropped-logo-vsrianta-2.jpeg","contentUrl":"https:\/\/roexit.info\/wp-content\/uploads\/2023\/12\/cropped-logo-vsrianta-2.jpeg","width":358,"height":277,"caption":"RoExit"},"image":{"@id":"https:\/\/roexit.info\/#\/schema\/logo\/image\/"}},{"@type":"Person","@id":"https:\/\/roexit.info\/#\/schema\/person\/ec2f0e7c6969784c45db6ff94a4299f7","name":"co-admin","image":{"@type":"ImageObject","inLanguage":"ro-RO","@id":"https:\/\/roexit.info\/#\/schema\/person\/image\/","url":"https:\/\/secure.gravatar.com\/avatar\/984ee784359fecd24e0c89f3e3461c4be6a6700643280b75c953d0c0a0b69425?s=96&d=mm&r=g","contentUrl":"https:\/\/secure.gravatar.com\/avatar\/984ee784359fecd24e0c89f3e3461c4be6a6700643280b75c953d0c0a0b69425?s=96&d=mm&r=g","caption":"co-admin"},"url":"https:\/\/roexit.info\/?author=4"}]}},"_links":{"self":[{"href":"https:\/\/roexit.info\/index.php?rest_route=\/wp\/v2\/posts\/2005","targetHints":{"allow":["GET"]}}],"collection":[{"href":"https:\/\/roexit.info\/index.php?rest_route=\/wp\/v2\/posts"}],"about":[{"href":"https:\/\/roexit.info\/index.php?rest_route=\/wp\/v2\/types\/post"}],"author":[{"embeddable":true,"href":"https:\/\/roexit.info\/index.php?rest_route=\/wp\/v2\/users\/4"}],"replies":[{"embeddable":true,"href":"https:\/\/roexit.info\/index.php?rest_route=%2Fwp%2Fv2%2Fcomments&post=2005"}],"version-history":[{"count":1,"href":"https:\/\/roexit.info\/index.php?rest_route=\/wp\/v2\/posts\/2005\/revisions"}],"predecessor-version":[{"id":2007,"href":"https:\/\/roexit.info\/index.php?rest_route=\/wp\/v2\/posts\/2005\/revisions\/2007"}],"wp:featuredmedia":[{"embeddable":true,"href":"https:\/\/roexit.info\/index.php?rest_route=\/wp\/v2\/media\/2006"}],"wp:attachment":[{"href":"https:\/\/roexit.info\/index.php?rest_route=%2Fwp%2Fv2%2Fmedia&parent=2005"}],"wp:term":[{"taxonomy":"category","embeddable":true,"href":"https:\/\/roexit.info\/index.php?rest_route=%2Fwp%2Fv2%2Fcategories&post=2005"},{"taxonomy":"post_tag","embeddable":true,"href":"https:\/\/roexit.info\/index.php?rest_route=%2Fwp%2Fv2%2Ftags&post=2005"}],"curies":[{"name":"wp","href":"https:\/\/api.w.org\/{rel}","templated":true}]}}