{"id":2015,"date":"2024-04-05T23:55:29","date_gmt":"2024-04-05T23:55:29","guid":{"rendered":"https:\/\/roexit.info\/?p=2015"},"modified":"2025-10-21T15:48:07","modified_gmt":"2025-10-21T15:48:07","slug":"de-ce-este-romania-altfel-opinia-lui-dan-diaconu","status":"publish","type":"post","link":"https:\/\/roexit.info\/?p=2015","title":{"rendered":"De ce este Rom\u00e2nia altfel. Opinia lui Dan Diaconu"},"content":{"rendered":"<p style=\"text-align: right;\"><em>Un articol publicat de Dan Diaconu ini\u021bial pe <a href=\"https:\/\/trenduri.blogspot.com\/2024\/04\/de-ce-este-romania-altfel.html\">trenduri.blogspot.com<\/a><\/em><\/p>\n<p>Titlul articolului este, a\u0219a cum a\u021bi intuit, cel al unei c\u0103r\u021bi t\u00e2mpite, scrise de un pseudo-istoric \u00eempins \u00een sus de sistem pentru capacit\u0103\u021bile sale de a manipula, de a maltratata adev\u0103rul \u0219i a-l prezenta distorsionat, astfel \u00eenc\u00e2t prostimea chiar s\u0103 pun\u0103 botul la narativ. \u00cen ceea ce prive\u0219te cartea cu pricina, marea vin\u0103 a rom\u00e2nilor este identificat\u0103 \u00een faptul c\u0103 nu se potrivesc (\u0219i nu s-au potrivit de-a lungul timpului) patului lui Procust, aceea\u0219i chestie care ne face s\u0103 ne sim\u021bim acum vinova\u021bi c\u0103 \u201e<i>nu avem o \u021bar\u0103 ca afar\u0103<\/i>\u201d.<\/p>\n<p>De altfel, dac\u0103 ve\u021bi sta s\u0103 analiza\u021bi, ve\u021bi constata lesne c\u0103 de-aici pornesc principalele noastre probleme: de-a lungul istoriei cineva a tot c\u0103utat s\u0103 ne fac\u0103 \u201e<i>s\u0103 fim ca ceilal\u021bi<\/i>\u201d. Ba ca romanii, ba ca turcii, ba ca ungurii, ba ca austriecii, ba ca ru\u0219ii, ba ca americanii s.a.m.d. \u0218i niciodat\u0103 nu s-a potrivit. De ce? Pentru c\u0103 noi nu suntem \u0103ia! Mecanismul l-am demontat de mai multe ori \u00een trecut, astfel \u00eenc\u00e2t nu mai pierd acum timpul. Ceea ce trebuie s\u0103 \u00een\u021belegem \u00eens\u0103 este DE CE s-a \u00eent\u00e2mplat mereu a\u0219a? \u0218i, mai ales, de ce \u00eentotdeauna s-au g\u0103sit goarne locale care s\u0103 tr\u00e2mbi\u021beze narativul ocupantului?<\/p>\n<p>E simplu s\u0103 d\u0103m vina pe istorie, pe geografie sau pe ceilal\u021bi care au venit peste noi. Pic\u0103m \u00eens\u0103 testul compara\u021biei. Exist\u0103 nenum\u0103rate \u021b\u0103ri care stau mai prost geografic sau care au o istorie mai \u00eencurcat\u0103 dec\u00e2t a noastr\u0103, dar care au reu\u0219it mult mai bine. De ce s-a \u00eent\u00e2mplat a\u0219a? Ideologii de care am avut parte de-a lungul timpului au venit mereu cu explica\u021bia t\u00e2mpit\u0103 c\u0103 toate ni se \u00eent\u00e2mpl\u0103 pentru c\u0103 \u201erom\u00e2nul e prost\u201d. Desigur, e o enormitate. Rom\u00e2nul, pe medie, nu e nici mai prost \u0219i nici mai de\u0219tept dec\u00e2t bulgarul, neam\u021bul, japonezul, americanul, francezul s.a.m.d. Atunci?<\/p>\n<p>Explica\u021bia e mult mai simpl\u0103 \u0219i porne\u0219te de la felul nostru de a fi. \u00cen mod normal, rom\u00e2nul are un singur ideal: <u>acela de a fi l\u0103sat \u00een pace<\/u>. Indiferent de vreme, rom\u00e2nul a fost dispus s\u0103 fac\u0103 orice compromis pentru a fi l\u0103sat \u00een pace, adic\u0103 pentru a putea s\u0103-\u0219i tr\u0103iasc\u0103 via\u021ba a\u0219a cum vrea. \u0218i, dac\u0103 st\u0103m s\u0103 ne g\u00e2ndim corect, rom\u00e2nul nu vrea mare lucru, doar s\u0103 se trezeasc\u0103 diminea\u021ba, s\u0103 munceasc\u0103 \u0219i s\u0103 tr\u0103iasc\u0103 \u00een legea sa, pentru ca apoi, seara, s\u0103 mearg\u0103 la culcare. Pentru acest ideal rom\u00e2nul a fost capabil s\u0103 sacrifice orice. \u201e<i>\u00ce\u021bi dau ce vrei, dar las\u0103-m\u0103 \u00een pace!<\/i>\u201d. Cam a\u0219a se rezum\u0103 idealul rom\u00e2nului.<\/p>\n<p>Marea noastr\u0103 problem\u0103 \u00eens\u0103 nu e dat\u0103 de tipul idealului. N-ai cum s\u0103 spui despre un ideal c\u0103 e bun sau prost, mai ales \u00een condi\u021biile \u00een care vine natural. A\u0219adar, problema noastr\u0103 nu e aceea c\u0103 nu ne dorim s\u0103 st\u0103p\u00e2nim lumea \u0219i c\u0103 ne mul\u021bumim cu palma noastr\u0103 de p\u0103m\u00e2nt. Mai sunt \u0219i alte popoare cu idealuri similare \u0219i c\u0103rora le merge mult mai bine. Atunci, unde-i problema?<\/p>\n<p>Ei bine, a avea un ideal este doar jum\u0103tate din problem\u0103. Pentru a putea spera c\u0103 tinzi spre \u021bint\u0103 trebuie \u00eens\u0103 s\u0103 \u0219tii cum s\u0103 faci asta, s\u0103-\u021bi faci un plan, un drum de parcurs. Noi ne na\u0219tem cu dorin\u021ba de a fi l\u0103sa\u021bi \u00een pace, dar nu \u0219tim cum s\u0103 ajungem acolo. Doar vrem f\u0103r\u0103 s\u0103 ne hot\u0103r\u00e2m s\u0103 facem ceva concret \u00een direc\u021bia asta. Dac\u0103 e pace \u0219i bel\u0219ug e bine, dac\u0103 \u00eens\u0103 e tiranie, sacrific\u0103m ceea ce ni se cere pentru luxul de a fi l\u0103sa\u021bi \u00een pace. \u0218i, culmea, chiar dac\u0103 ne merge r\u0103u, noi ne sim\u021bim bine. De ce? Pentru c\u0103, uite, mai putem din c\u00e2nd \u00een c\u00e2nd s\u0103 fim l\u0103sa\u021bi \u00een pace. Doar c\u0103 nu e normal. Mai mult, e o iluzie deoarece \u00een acest fel ajungi \u00een cea mai cr\u00e2ncen\u0103 teroare \u0219i te mul\u021bume\u0219ti c\u0103 e\u0219ti l\u0103sat s\u0103 respiri. A\u0219adar, du\u0219manul, cunosc\u00e2ndu-te, poate s\u0103-\u021bi distorsioneze idealul strict \u00een favoarea sa. De fapt fix asta se \u00eent\u00e2mpl\u0103 acum \u0219i de aceea sunt mul\u021bi idio\u021bi care-ar fi capabili s\u0103 te omoare doar pentru c\u0103 vrei s\u0103 izgone\u0219ti jigodiile ocupante din \u021bar\u0103!<\/p>\n<p>A\u0219adar, punctul nostru esen\u021bial de pornire este creionarea drumului, a principiilor necesare \u00eendeplinirii idealului pe care-l avem. Vrem s\u0103 fim l\u0103sa\u021bi \u00een pace, dar cum? C\u00e2t anume trebuie s\u0103 aib\u0103 dreptul statul de a ne invada? C\u00e2t anume trebuie s\u0103 aib\u0103 dreptul statul de a se \u00eemprumuta, \u0219tiind c\u0103 acel \u00eemprumut va fi pl\u0103tit tot de noi, contribuind a\u0219adar la \u00eenrobirea noastr\u0103? C\u00e2t de mult\u0103 libertate de mi\u0219care trebuie s\u0103 aib\u0103 un politician? Ce mandatare maximal\u0103 poate avea un pre\u0219edinte? C\u00e2t\u0103 putere poate avea un \u0219ef al armatei?<\/p>\n<p>Sunt doar c\u00e2teva \u00eentreb\u0103ri dintr-o infinitate. Ar fi o prostie s\u0103 st\u0103m s\u0103 invent\u0103m \u00eentreb\u0103ri pentru a le da r\u0103spunsul, sper\u00e2nd c\u0103 astfel vom acoperi tot spectrul. Oric\u00e2nd vor ap\u0103rea situa\u021bii istorice care vor complica problemele. De aceea este important s\u0103 avem ni\u0219te principii clare, prin intermediul c\u0103rora s\u0103 se poat\u0103 r\u0103spunde oric\u0103rei \u00eentreb\u0103ri.<\/p>\n<p>Desigur, avem o constitu\u021bie care teoretic ar trebui s\u0103 fac\u0103 fa\u021b\u0103 unor rigori, dar acea constitu\u021bie a fost dictat\u0103 de idealurile altora. Nu noi suntem acolo, ci arhitec\u021bii statului a\u0219a-zis democratic. Constitu\u021bia noastr\u0103 este, \u00een realitate, legea ocupantului. Ne-a fost impus\u0103 pentru a i se putea garanta acestuia dreptul la jaf. \u00cen aparen\u021b\u0103 este vorba despre noi. \u00cen realitate este vorba despre ei. Iar faptul c\u0103 legea fundamental\u0103 a \u021b\u0103rii con\u021bine prevederi care fac posibil\u0103 o teroare similar\u0103(\u0219i, dac\u0103 se vrea chiar mai mare!) celei din pandemie, este c\u00e2t se poate de clar despre ce e vorba acolo. C\u00e2nd se prevede alegerea \u00een func\u021bie a unui politician f\u0103r\u0103 mandat imperativ(adic\u0103, dup\u0103 ce a fost ales poate face ce vrea) e clar c\u0103 nu despre noi e vorba acolo! Dac\u0103 referendumul &#8211; adic\u0103, p\u00e2n\u0103 la urm\u0103, voin\u021ba poporului &#8211; are rol doar consultativ, din nou e clar despre ce e vorba \u0219i pe cine avantajeaz\u0103.<\/p>\n<p>De ce Rom\u00e2nia e altfel? Pentru c\u0103 e o distan\u021b\u0103 ca de la cer la p\u0103m\u00e2nt \u00eentre ce vor oamenii \u0219i ce vrea statul. \u00cen fapt statul, \u00een loc s\u0103 fie o parte component\u0103 a acestei \u021b\u0103ri, este un organism extern, o tumoare care caut\u0103 s\u0103-\u0219i infecteze cet\u0103\u021benii. Rom\u00e2nia e altfel deoarece tr\u0103ie\u0219te \u00eentr-o perpetu\u0103 disonan\u021b\u0103, care-i face pe oameni\u00a0s\u0103 nu-\u0219i pot \u00eendeplini acel ideal, la urma urmei banal. De aceea Rom\u00e2nia e\u0219ueaz\u0103!<\/p>\n<p>N-ar trebui s\u0103 da\u021bi crezare istoriei mincinoase care ne este b\u0103gat\u0103 pe g\u00e2t. Realitatea este c\u0103 de mult\u0103 vreme nu se tr\u0103ie\u0219te bine pe aceste meleaguri. Nu s-a tr\u0103it bine nici sub turci, nu s-a tr\u0103it bine nici sub jugul occidental, nu s-a tr\u0103it bine nici sub ru\u0219i \u0219i nu se tr\u0103ie\u0219te bine nici acum, c\u00e2nd ne-am re\u00eentors sub jugul occidental. Din p\u0103cate, noi ca oameni suntem vinova\u021bi \u00een cea mai mare m\u0103sur\u0103. Motivul? Suntem prea dispu\u0219i s\u0103-l credem pe orice neica nimeni c\u0103 dac\u0103 vom face ca el, idealul nostru minor &#8211; acela de a fi l\u0103sa\u021bi \u00een pace &#8211;\u00a0 se va \u00eendeplini. De fapt niciodat\u0103 nu se va \u00eendeplini deoarece nu e un ideal minor \u0219i e imposibil de \u00eendeplinit atunci c\u00e2nd te afli sub ocupa\u021bie.<\/p>\n<p>Dac\u0103 vrem s\u0103 facem ceva, trebuie s\u0103 o facem de la zero, asum\u00e2ndu-ne calea cea lung\u0103 \u0219i spinoas\u0103 care, dac\u0103 e str\u0103b\u0103tut\u0103, se va finaliza cu victoria. De-aici trebuie \u00eenceput dac\u0103 vrem s\u0103 sper\u0103m o via\u021b\u0103 mai bun\u0103 pe meleagurile noastre!<\/p>\n","protected":false},"excerpt":{"rendered":"<p>Un articol publicat de Dan Diaconu ini\u021bial pe trenduri.blogspot.com Titlul articolului este, a\u0219a cum a\u021bi intuit, cel al unei c\u0103r\u021bi t\u00e2mpite, scrise de un pseudo-istoric \u00eempins \u00een sus de sistem pentru capacit\u0103\u021bile sale de a manipula, de a maltratata adev\u0103rul \u0219i a-l prezenta distorsionat, astfel \u00eenc\u00e2t prostimea chiar s\u0103 pun\u0103 botul la narativ. \u00cen ceea [&hellip;]<\/p>\n","protected":false},"author":4,"featured_media":2016,"comment_status":"open","ping_status":"open","sticky":false,"template":"","format":"standard","meta":{"footnotes":""},"categories":[32,4],"tags":[419,1235,1921,1922,143,1920,420],"class_list":["post-2015","post","type-post","status-publish","format-standard","has-post-thumbnail","hentry","category-opinii","category-stil_de_viata","tag-dan-diaconu","tag-dreptul-de-a-fi-lasat-in-pace","tag-idealul-nostru","tag-inrobire","tag-romania","tag-specific-national","tag-trenduri-economice"],"yoast_head":"<!-- This site is optimized with the Yoast SEO plugin v24.4 - https:\/\/yoast.com\/wordpress\/plugins\/seo\/ -->\n<title>De ce este Rom\u00e2nia altfel. Opinia lui Dan Diaconu - RoExit<\/title>\n<meta name=\"robots\" content=\"index, follow, max-snippet:-1, max-image-preview:large, max-video-preview:-1\" \/>\n<link rel=\"canonical\" href=\"https:\/\/roexit.info\/?p=2015\" \/>\n<meta property=\"og:locale\" content=\"ro_RO\" \/>\n<meta property=\"og:type\" content=\"article\" \/>\n<meta property=\"og:title\" content=\"De ce este Rom\u00e2nia altfel. Opinia lui Dan Diaconu - RoExit\" \/>\n<meta property=\"og:description\" content=\"Un articol publicat de Dan Diaconu ini\u021bial pe trenduri.blogspot.com Titlul articolului este, a\u0219a cum a\u021bi intuit, cel al unei c\u0103r\u021bi t\u00e2mpite, scrise de un pseudo-istoric \u00eempins \u00een sus de sistem pentru capacit\u0103\u021bile sale de a manipula, de a maltratata adev\u0103rul \u0219i a-l prezenta distorsionat, astfel \u00eenc\u00e2t prostimea chiar s\u0103 pun\u0103 botul la narativ. \u00cen ceea [&hellip;]\" \/>\n<meta property=\"og:url\" content=\"https:\/\/roexit.info\/?p=2015\" \/>\n<meta property=\"og:site_name\" content=\"RoExit\" \/>\n<meta property=\"article:published_time\" content=\"2024-04-05T23:55:29+00:00\" \/>\n<meta property=\"article:modified_time\" content=\"2025-10-21T15:48:07+00:00\" \/>\n<meta property=\"og:image\" content=\"https:\/\/roexit.info\/wp-content\/uploads\/2024\/04\/atempo1.jpg\" \/>\n\t<meta property=\"og:image:width\" content=\"1250\" \/>\n\t<meta property=\"og:image:height\" content=\"731\" \/>\n\t<meta property=\"og:image:type\" content=\"image\/jpeg\" \/>\n<meta name=\"author\" content=\"co-admin\" \/>\n<meta name=\"twitter:card\" content=\"summary_large_image\" \/>\n<meta name=\"twitter:label1\" content=\"Scris de\" \/>\n\t<meta name=\"twitter:data1\" content=\"co-admin\" \/>\n\t<meta name=\"twitter:label2\" content=\"Timp estimat pentru citire\" \/>\n\t<meta name=\"twitter:data2\" content=\"7 minute\" \/>\n<script type=\"application\/ld+json\" class=\"yoast-schema-graph\">{\"@context\":\"https:\/\/schema.org\",\"@graph\":[{\"@type\":\"Article\",\"@id\":\"https:\/\/roexit.info\/?p=2015#article\",\"isPartOf\":{\"@id\":\"https:\/\/roexit.info\/?p=2015\"},\"author\":{\"name\":\"co-admin\",\"@id\":\"https:\/\/roexit.info\/#\/schema\/person\/ec2f0e7c6969784c45db6ff94a4299f7\"},\"headline\":\"De ce este Rom\u00e2nia altfel. Opinia lui Dan Diaconu\",\"datePublished\":\"2024-04-05T23:55:29+00:00\",\"dateModified\":\"2025-10-21T15:48:07+00:00\",\"mainEntityOfPage\":{\"@id\":\"https:\/\/roexit.info\/?p=2015\"},\"wordCount\":1417,\"commentCount\":0,\"publisher\":{\"@id\":\"https:\/\/roexit.info\/#organization\"},\"image\":{\"@id\":\"https:\/\/roexit.info\/?p=2015#primaryimage\"},\"thumbnailUrl\":\"https:\/\/roexit.info\/wp-content\/uploads\/2024\/04\/atempo1.jpg\",\"keywords\":[\"Dan Diaconu\",\"dreptul de a fi l\u0103sat \u00een pace\",\"idealul nostru\",\"\u00eenrobire\",\"Rom\u00e2nia\",\"specific na\u021bional\",\"Trenduri Economice\"],\"articleSection\":[\"Opinii\",\"Via\u021ba \u00een secolul XXI\"],\"inLanguage\":\"ro-RO\",\"potentialAction\":[{\"@type\":\"CommentAction\",\"name\":\"Comment\",\"target\":[\"https:\/\/roexit.info\/?p=2015#respond\"]}]},{\"@type\":\"WebPage\",\"@id\":\"https:\/\/roexit.info\/?p=2015\",\"url\":\"https:\/\/roexit.info\/?p=2015\",\"name\":\"De ce este Rom\u00e2nia altfel. Opinia lui Dan Diaconu - RoExit\",\"isPartOf\":{\"@id\":\"https:\/\/roexit.info\/#website\"},\"primaryImageOfPage\":{\"@id\":\"https:\/\/roexit.info\/?p=2015#primaryimage\"},\"image\":{\"@id\":\"https:\/\/roexit.info\/?p=2015#primaryimage\"},\"thumbnailUrl\":\"https:\/\/roexit.info\/wp-content\/uploads\/2024\/04\/atempo1.jpg\",\"datePublished\":\"2024-04-05T23:55:29+00:00\",\"dateModified\":\"2025-10-21T15:48:07+00:00\",\"breadcrumb\":{\"@id\":\"https:\/\/roexit.info\/?p=2015#breadcrumb\"},\"inLanguage\":\"ro-RO\",\"potentialAction\":[{\"@type\":\"ReadAction\",\"target\":[\"https:\/\/roexit.info\/?p=2015\"]}]},{\"@type\":\"ImageObject\",\"inLanguage\":\"ro-RO\",\"@id\":\"https:\/\/roexit.info\/?p=2015#primaryimage\",\"url\":\"https:\/\/roexit.info\/wp-content\/uploads\/2024\/04\/atempo1.jpg\",\"contentUrl\":\"https:\/\/roexit.info\/wp-content\/uploads\/2024\/04\/atempo1.jpg\",\"width\":1250,\"height\":731},{\"@type\":\"BreadcrumbList\",\"@id\":\"https:\/\/roexit.info\/?p=2015#breadcrumb\",\"itemListElement\":[{\"@type\":\"ListItem\",\"position\":1,\"name\":\"Prima pagin\u0103\",\"item\":\"https:\/\/roexit.info\/\"},{\"@type\":\"ListItem\",\"position\":2,\"name\":\"De ce este Rom\u00e2nia altfel. Opinia lui Dan Diaconu\"}]},{\"@type\":\"WebSite\",\"@id\":\"https:\/\/roexit.info\/#website\",\"url\":\"https:\/\/roexit.info\/\",\"name\":\"RoExit\",\"description\":\"UE la co\u0219ul de gunoi al istoriei\",\"publisher\":{\"@id\":\"https:\/\/roexit.info\/#organization\"},\"potentialAction\":[{\"@type\":\"SearchAction\",\"target\":{\"@type\":\"EntryPoint\",\"urlTemplate\":\"https:\/\/roexit.info\/?s={search_term_string}\"},\"query-input\":{\"@type\":\"PropertyValueSpecification\",\"valueRequired\":true,\"valueName\":\"search_term_string\"}}],\"inLanguage\":\"ro-RO\"},{\"@type\":\"Organization\",\"@id\":\"https:\/\/roexit.info\/#organization\",\"name\":\"RoExit\",\"url\":\"https:\/\/roexit.info\/\",\"logo\":{\"@type\":\"ImageObject\",\"inLanguage\":\"ro-RO\",\"@id\":\"https:\/\/roexit.info\/#\/schema\/logo\/image\/\",\"url\":\"https:\/\/roexit.info\/wp-content\/uploads\/2023\/12\/cropped-logo-vsrianta-2.jpeg\",\"contentUrl\":\"https:\/\/roexit.info\/wp-content\/uploads\/2023\/12\/cropped-logo-vsrianta-2.jpeg\",\"width\":358,\"height\":277,\"caption\":\"RoExit\"},\"image\":{\"@id\":\"https:\/\/roexit.info\/#\/schema\/logo\/image\/\"}},{\"@type\":\"Person\",\"@id\":\"https:\/\/roexit.info\/#\/schema\/person\/ec2f0e7c6969784c45db6ff94a4299f7\",\"name\":\"co-admin\",\"image\":{\"@type\":\"ImageObject\",\"inLanguage\":\"ro-RO\",\"@id\":\"https:\/\/roexit.info\/#\/schema\/person\/image\/\",\"url\":\"https:\/\/secure.gravatar.com\/avatar\/984ee784359fecd24e0c89f3e3461c4be6a6700643280b75c953d0c0a0b69425?s=96&d=mm&r=g\",\"contentUrl\":\"https:\/\/secure.gravatar.com\/avatar\/984ee784359fecd24e0c89f3e3461c4be6a6700643280b75c953d0c0a0b69425?s=96&d=mm&r=g\",\"caption\":\"co-admin\"},\"url\":\"https:\/\/roexit.info\/?author=4\"}]}<\/script>\n<!-- \/ Yoast SEO plugin. -->","yoast_head_json":{"title":"De ce este Rom\u00e2nia altfel. Opinia lui Dan Diaconu - RoExit","robots":{"index":"index","follow":"follow","max-snippet":"max-snippet:-1","max-image-preview":"max-image-preview:large","max-video-preview":"max-video-preview:-1"},"canonical":"https:\/\/roexit.info\/?p=2015","og_locale":"ro_RO","og_type":"article","og_title":"De ce este Rom\u00e2nia altfel. Opinia lui Dan Diaconu - RoExit","og_description":"Un articol publicat de Dan Diaconu ini\u021bial pe trenduri.blogspot.com Titlul articolului este, a\u0219a cum a\u021bi intuit, cel al unei c\u0103r\u021bi t\u00e2mpite, scrise de un pseudo-istoric \u00eempins \u00een sus de sistem pentru capacit\u0103\u021bile sale de a manipula, de a maltratata adev\u0103rul \u0219i a-l prezenta distorsionat, astfel \u00eenc\u00e2t prostimea chiar s\u0103 pun\u0103 botul la narativ. \u00cen ceea [&hellip;]","og_url":"https:\/\/roexit.info\/?p=2015","og_site_name":"RoExit","article_published_time":"2024-04-05T23:55:29+00:00","article_modified_time":"2025-10-21T15:48:07+00:00","og_image":[{"width":1250,"height":731,"url":"https:\/\/roexit.info\/wp-content\/uploads\/2024\/04\/atempo1.jpg","type":"image\/jpeg"}],"author":"co-admin","twitter_card":"summary_large_image","twitter_misc":{"Scris de":"co-admin","Timp estimat pentru citire":"7 minute"},"schema":{"@context":"https:\/\/schema.org","@graph":[{"@type":"Article","@id":"https:\/\/roexit.info\/?p=2015#article","isPartOf":{"@id":"https:\/\/roexit.info\/?p=2015"},"author":{"name":"co-admin","@id":"https:\/\/roexit.info\/#\/schema\/person\/ec2f0e7c6969784c45db6ff94a4299f7"},"headline":"De ce este Rom\u00e2nia altfel. Opinia lui Dan Diaconu","datePublished":"2024-04-05T23:55:29+00:00","dateModified":"2025-10-21T15:48:07+00:00","mainEntityOfPage":{"@id":"https:\/\/roexit.info\/?p=2015"},"wordCount":1417,"commentCount":0,"publisher":{"@id":"https:\/\/roexit.info\/#organization"},"image":{"@id":"https:\/\/roexit.info\/?p=2015#primaryimage"},"thumbnailUrl":"https:\/\/roexit.info\/wp-content\/uploads\/2024\/04\/atempo1.jpg","keywords":["Dan Diaconu","dreptul de a fi l\u0103sat \u00een pace","idealul nostru","\u00eenrobire","Rom\u00e2nia","specific na\u021bional","Trenduri Economice"],"articleSection":["Opinii","Via\u021ba \u00een secolul XXI"],"inLanguage":"ro-RO","potentialAction":[{"@type":"CommentAction","name":"Comment","target":["https:\/\/roexit.info\/?p=2015#respond"]}]},{"@type":"WebPage","@id":"https:\/\/roexit.info\/?p=2015","url":"https:\/\/roexit.info\/?p=2015","name":"De ce este Rom\u00e2nia altfel. Opinia lui Dan Diaconu - RoExit","isPartOf":{"@id":"https:\/\/roexit.info\/#website"},"primaryImageOfPage":{"@id":"https:\/\/roexit.info\/?p=2015#primaryimage"},"image":{"@id":"https:\/\/roexit.info\/?p=2015#primaryimage"},"thumbnailUrl":"https:\/\/roexit.info\/wp-content\/uploads\/2024\/04\/atempo1.jpg","datePublished":"2024-04-05T23:55:29+00:00","dateModified":"2025-10-21T15:48:07+00:00","breadcrumb":{"@id":"https:\/\/roexit.info\/?p=2015#breadcrumb"},"inLanguage":"ro-RO","potentialAction":[{"@type":"ReadAction","target":["https:\/\/roexit.info\/?p=2015"]}]},{"@type":"ImageObject","inLanguage":"ro-RO","@id":"https:\/\/roexit.info\/?p=2015#primaryimage","url":"https:\/\/roexit.info\/wp-content\/uploads\/2024\/04\/atempo1.jpg","contentUrl":"https:\/\/roexit.info\/wp-content\/uploads\/2024\/04\/atempo1.jpg","width":1250,"height":731},{"@type":"BreadcrumbList","@id":"https:\/\/roexit.info\/?p=2015#breadcrumb","itemListElement":[{"@type":"ListItem","position":1,"name":"Prima pagin\u0103","item":"https:\/\/roexit.info\/"},{"@type":"ListItem","position":2,"name":"De ce este Rom\u00e2nia altfel. Opinia lui Dan Diaconu"}]},{"@type":"WebSite","@id":"https:\/\/roexit.info\/#website","url":"https:\/\/roexit.info\/","name":"RoExit","description":"UE la co\u0219ul de gunoi al istoriei","publisher":{"@id":"https:\/\/roexit.info\/#organization"},"potentialAction":[{"@type":"SearchAction","target":{"@type":"EntryPoint","urlTemplate":"https:\/\/roexit.info\/?s={search_term_string}"},"query-input":{"@type":"PropertyValueSpecification","valueRequired":true,"valueName":"search_term_string"}}],"inLanguage":"ro-RO"},{"@type":"Organization","@id":"https:\/\/roexit.info\/#organization","name":"RoExit","url":"https:\/\/roexit.info\/","logo":{"@type":"ImageObject","inLanguage":"ro-RO","@id":"https:\/\/roexit.info\/#\/schema\/logo\/image\/","url":"https:\/\/roexit.info\/wp-content\/uploads\/2023\/12\/cropped-logo-vsrianta-2.jpeg","contentUrl":"https:\/\/roexit.info\/wp-content\/uploads\/2023\/12\/cropped-logo-vsrianta-2.jpeg","width":358,"height":277,"caption":"RoExit"},"image":{"@id":"https:\/\/roexit.info\/#\/schema\/logo\/image\/"}},{"@type":"Person","@id":"https:\/\/roexit.info\/#\/schema\/person\/ec2f0e7c6969784c45db6ff94a4299f7","name":"co-admin","image":{"@type":"ImageObject","inLanguage":"ro-RO","@id":"https:\/\/roexit.info\/#\/schema\/person\/image\/","url":"https:\/\/secure.gravatar.com\/avatar\/984ee784359fecd24e0c89f3e3461c4be6a6700643280b75c953d0c0a0b69425?s=96&d=mm&r=g","contentUrl":"https:\/\/secure.gravatar.com\/avatar\/984ee784359fecd24e0c89f3e3461c4be6a6700643280b75c953d0c0a0b69425?s=96&d=mm&r=g","caption":"co-admin"},"url":"https:\/\/roexit.info\/?author=4"}]}},"_links":{"self":[{"href":"https:\/\/roexit.info\/index.php?rest_route=\/wp\/v2\/posts\/2015","targetHints":{"allow":["GET"]}}],"collection":[{"href":"https:\/\/roexit.info\/index.php?rest_route=\/wp\/v2\/posts"}],"about":[{"href":"https:\/\/roexit.info\/index.php?rest_route=\/wp\/v2\/types\/post"}],"author":[{"embeddable":true,"href":"https:\/\/roexit.info\/index.php?rest_route=\/wp\/v2\/users\/4"}],"replies":[{"embeddable":true,"href":"https:\/\/roexit.info\/index.php?rest_route=%2Fwp%2Fv2%2Fcomments&post=2015"}],"version-history":[{"count":1,"href":"https:\/\/roexit.info\/index.php?rest_route=\/wp\/v2\/posts\/2015\/revisions"}],"predecessor-version":[{"id":2017,"href":"https:\/\/roexit.info\/index.php?rest_route=\/wp\/v2\/posts\/2015\/revisions\/2017"}],"wp:featuredmedia":[{"embeddable":true,"href":"https:\/\/roexit.info\/index.php?rest_route=\/wp\/v2\/media\/2016"}],"wp:attachment":[{"href":"https:\/\/roexit.info\/index.php?rest_route=%2Fwp%2Fv2%2Fmedia&parent=2015"}],"wp:term":[{"taxonomy":"category","embeddable":true,"href":"https:\/\/roexit.info\/index.php?rest_route=%2Fwp%2Fv2%2Fcategories&post=2015"},{"taxonomy":"post_tag","embeddable":true,"href":"https:\/\/roexit.info\/index.php?rest_route=%2Fwp%2Fv2%2Ftags&post=2015"}],"curies":[{"name":"wp","href":"https:\/\/api.w.org\/{rel}","templated":true}]}}