{"id":2018,"date":"2024-04-06T00:15:59","date_gmt":"2024-04-06T00:15:59","guid":{"rendered":"https:\/\/roexit.info\/?p=2018"},"modified":"2025-10-21T15:48:07","modified_gmt":"2025-10-21T15:48:07","slug":"cum-recunosti-o-dictatura-opinia-lui-ioan-sperling","status":"publish","type":"post","link":"https:\/\/roexit.info\/?p=2018","title":{"rendered":"Cum recuno\u0219ti o dictatur\u0103? Opinia lui Ioan Sperling"},"content":{"rendered":"<p>Un articol publicat de Ioan Sperling ini\u021bial pe <a href=\"https:\/\/vrabiute.blog\/2024\/04\/05\/cum-recunosti-o-dictatura\/\">vrabiute.blog<\/a><\/p>\n<p>Destul de simplu, c\u00e2nd ai mai tr\u0103it \u00eentr-una!<br \/>\n\u00cen cea \u00een care am tr\u0103it eu, <strong><mark class=\"has-inline-color has-vivid-red-color\">nu te \u00eentreba nimeni dac\u0103 e\u0219ti de acord<\/mark><\/strong> cu vreo m\u0103sur\u0103 care afecta calitatea vie\u021bii tuturor! C\u00e2nd spun \u201e<strong><em>tuturor<\/em><\/strong>\u201d m\u0103 refer la cei mul\u021bi, nu la cei din jurul dictatorului, a c\u0103ror calitate a vie\u021bii era \u00eentotdeauna pe un curs ascendent!<br \/>\nTr\u0103iam \u00eentr-un ve\u0219nic concurs \u00eentre ora\u0219e \u0219i jude\u021be care se angajau s\u0103 reduc\u0103 ba una, ba alta, sau s\u0103 raporteze primele c\u0103 s-a realizat cine \u0219tie ce! Angajamentele acestea ale jude\u021bului le lua desigur reprezentantul puterii locale \u00een numele tuturor, dup\u0103 care noi to\u021bi tr\u0103geam ponoasele, desigur f\u0103r\u0103 el!<br \/>\n\u00centr-o dictatur\u0103 <mark class=\"has-inline-color has-vivid-red-color\">foamea este \u00eentotdeauna prezent\u0103 \u0219i necesar\u0103<\/mark>, chiar dac\u0103 motivele sub care este prezentat\u0103 sunt diferite ! Doar at\u00e2ta carne, doar at\u00e2ta lapte, ulei, zah\u0103r, p\u00e2ine\u2026<br \/>\n<strong><mark class=\"has-inline-color has-vivid-red-color\">Libertatea de mi\u0219care este \u0219i ea \u00eengr\u0103dit\u0103<\/mark><\/strong>; pe vremea \u201e<strong><em>dictaturii mele<\/em><\/strong>\u201d circulau o duminic\u0103 ma\u0219inile cu num\u0103r cu so\u021b, cealalt\u0103 cele far\u0103 so\u021b! Asta \u00een fericitul caz c\u0103 ai fi avut benzin\u0103, fiindc\u0103 alternarea era mai mult teoretic\u0103 pentru ca nu se circula mai deloc!<br \/>\nDesigur, pe vremea aceea nu era vorba de \u00eenc\u0103lzirea planetei, mai ales c\u00e2nd rareori aveam destul\u0103 c\u0103ldur\u0103 pentru \u00eenc\u0103lzirea locuin\u021bei, motivul prezentat era pl\u0103tirea datoriilor! Ast\u0103zi datoriile nu mai sunt o tem\u0103, le are toat\u0103 lumea \u0219i sunt at\u00e2t de mari \u00eenc\u00e2t nimeni, niciodat\u0103, nu o sa le mai poat\u0103 pl\u0103ti! Nici nu dore\u0219te nimeni!<\/p>\n<p><span style=\"color: #000000;\"><b>Ast\u0103zi<\/b><\/span><strong><mark class=\"has-inline-color has-vivid-red-color\">\u00a0dictatura care se instaureaz\u0103 este cea climatic\u0103<\/mark><\/strong>, pentru c\u0103 nu mai este vorba de o dictatur\u0103 na\u021bional\u0103, ci una mondial\u0103, a\u0219a c\u0103 trebuie un motiv planetar!<\/p>\n<p>\u00cen rest, cu toat\u0103 inteligen\u021ba artificial\u0103, cu toat\u0103 experien\u021ba dictaturilor anterioare, <strong><mark class=\"has-inline-color has-vivid-red-color\">punctele principale, de care am vorbit mai sus, r\u0103m\u00e2n acelea\u0219i!<\/mark><\/strong><br \/>\nDovada o ave\u021bi \u00een articolul <a href=\"https:\/\/www.gandul.ro\/actualitate\/cele-16-orase-din-romania-care-vor-sa-elimine-carnea-lactatele-si-masinile-20044335\">acesta<\/a>!<\/p>\n<p>M\u0103 \u00eendoiesc c\u0103 locuitorii (<em>deocamdat\u0103<\/em> <em>a<\/em>) celor 16 ora\u0219e din Rom\u00e2nia, sau celor 1100 din lume, au fost \u00eentreba\u021bi dac\u0103 vor \u00een noua dictatur\u0103 \u0219i au votat pentru!<br \/>\nM\u0103 \u00eendoiesc c\u0103 vor s\u0103 moar\u0103 de foame, s\u0103 m\u0103n\u00e2nce la cazan \u0219i s\u0103 fie \u00eembr\u0103ca\u021bi \u00een uniforme, pentru c\u0103 la asta se va ajunge!<\/p>\n<p>De ce nu m\u0103 \u00eendoiesc este c\u0103 <strong><mark class=\"has-inline-color has-vivid-red-color\">dac\u0103 vom a\u0219tepta far\u0103 s\u0103 facem nimic ca s\u0103 sc\u0103p\u0103m de dictatur\u0103, o s\u0103 a\u0219tept\u0103m degeaba<\/mark><\/strong> \u0219i ne ( <em>de fapt \u201e<strong>v\u0103,<\/strong>\u201d c\u0103 eu mi-am tr\u0103it por\u021bia de dictatur\u0103 \u0219i, fiind b\u0103tr\u00e2n, nu mai apuc una nou\u0103<\/em>) trezim cur\u00e2nd \u00een frig, \u00eentuneric, fl\u0103m\u00e2nzi \u0219i obosi\u021bi la coad\u0103 pentru ra\u021bia lunar\u0103 de alimente!<\/p>\n","protected":false},"excerpt":{"rendered":"<p>Un articol publicat de Ioan Sperling ini\u021bial pe vrabiute.blog Destul de simplu, c\u00e2nd ai mai tr\u0103it \u00eentr-una! \u00cen cea \u00een care am tr\u0103it eu, nu te \u00eentreba nimeni dac\u0103 e\u0219ti de acord cu vreo m\u0103sur\u0103 care afecta calitatea vie\u021bii tuturor! C\u00e2nd spun \u201etuturor\u201d m\u0103 refer la cei mul\u021bi, nu la cei din jurul dictatorului, a [&hellip;]<\/p>\n","protected":false},"author":4,"featured_media":2019,"comment_status":"open","ping_status":"open","sticky":false,"template":"","format":"standard","meta":{"footnotes":""},"categories":[32,290,4],"tags":[1924,315,944,361,588,360,1929,349,1925,82,181,415,1928,955,1931,1930,1926,1572,892],"class_list":["post-2018","post","type-post","status-publish","format-standard","has-post-thumbnail","hentry","category-opinii","category-politica","category-stil_de_viata","tag-carne","tag-dictatura","tag-foamete","tag-frig","tag-ia-inteligenta-artificiala","tag-incalzirea-locuintei","tag-intuneric","tag-ioan-sperling","tag-lapte","tag-libertate","tag-libertatea-de-miscare","tag-paine","tag-plata-datoriilor-republicii-socialiste-romania","tag-pretinsa-incalzire-globala","tag-ratie-alimentara","tag-rationalizarea-alimentelor","tag-ulei","tag-vrabiute-blog","tag-zahar"],"yoast_head":"<!-- This site is optimized with the Yoast SEO plugin v24.4 - https:\/\/yoast.com\/wordpress\/plugins\/seo\/ -->\n<title>Cum recuno\u0219ti o dictatur\u0103? Opinia lui Ioan Sperling - RoExit<\/title>\n<meta name=\"robots\" content=\"index, follow, max-snippet:-1, max-image-preview:large, max-video-preview:-1\" \/>\n<link rel=\"canonical\" href=\"https:\/\/roexit.info\/?p=2018\" \/>\n<meta property=\"og:locale\" content=\"ro_RO\" \/>\n<meta property=\"og:type\" content=\"article\" \/>\n<meta property=\"og:title\" content=\"Cum recuno\u0219ti o dictatur\u0103? Opinia lui Ioan Sperling - RoExit\" \/>\n<meta property=\"og:description\" content=\"Un articol publicat de Ioan Sperling ini\u021bial pe vrabiute.blog Destul de simplu, c\u00e2nd ai mai tr\u0103it \u00eentr-una! \u00cen cea \u00een care am tr\u0103it eu, nu te \u00eentreba nimeni dac\u0103 e\u0219ti de acord cu vreo m\u0103sur\u0103 care afecta calitatea vie\u021bii tuturor! C\u00e2nd spun \u201etuturor\u201d m\u0103 refer la cei mul\u021bi, nu la cei din jurul dictatorului, a [&hellip;]\" \/>\n<meta property=\"og:url\" content=\"https:\/\/roexit.info\/?p=2018\" \/>\n<meta property=\"og:site_name\" content=\"RoExit\" \/>\n<meta property=\"article:published_time\" content=\"2024-04-06T00:15:59+00:00\" \/>\n<meta property=\"article:modified_time\" content=\"2025-10-21T15:48:07+00:00\" \/>\n<meta property=\"og:image\" content=\"https:\/\/roexit.info\/wp-content\/uploads\/2024\/04\/coada-alimente-.jpg\" \/>\n\t<meta property=\"og:image:width\" content=\"1400\" \/>\n\t<meta property=\"og:image:height\" content=\"712\" \/>\n\t<meta property=\"og:image:type\" content=\"image\/jpeg\" \/>\n<meta name=\"author\" content=\"co-admin\" \/>\n<meta name=\"twitter:card\" content=\"summary_large_image\" \/>\n<meta name=\"twitter:label1\" content=\"Scris de\" \/>\n\t<meta name=\"twitter:data1\" content=\"co-admin\" \/>\n\t<meta name=\"twitter:label2\" content=\"Timp estimat pentru citire\" \/>\n\t<meta name=\"twitter:data2\" content=\"3 minute\" \/>\n<script type=\"application\/ld+json\" class=\"yoast-schema-graph\">{\"@context\":\"https:\/\/schema.org\",\"@graph\":[{\"@type\":\"Article\",\"@id\":\"https:\/\/roexit.info\/?p=2018#article\",\"isPartOf\":{\"@id\":\"https:\/\/roexit.info\/?p=2018\"},\"author\":{\"name\":\"co-admin\",\"@id\":\"https:\/\/roexit.info\/#\/schema\/person\/ec2f0e7c6969784c45db6ff94a4299f7\"},\"headline\":\"Cum recuno\u0219ti o dictatur\u0103? Opinia lui Ioan Sperling\",\"datePublished\":\"2024-04-06T00:15:59+00:00\",\"dateModified\":\"2025-10-21T15:48:07+00:00\",\"mainEntityOfPage\":{\"@id\":\"https:\/\/roexit.info\/?p=2018\"},\"wordCount\":481,\"commentCount\":0,\"publisher\":{\"@id\":\"https:\/\/roexit.info\/#organization\"},\"image\":{\"@id\":\"https:\/\/roexit.info\/?p=2018#primaryimage\"},\"thumbnailUrl\":\"https:\/\/roexit.info\/wp-content\/uploads\/2024\/04\/coada-alimente-.jpg\",\"keywords\":[\"carne\",\"dictatur\u0103\",\"foamete\",\"frig\",\"IA inteligen\u021ba artificial\u0103\",\"\u00eenc\u0103lzirea locuin\u021bei\",\"\u00eentuneric\",\"Ioan Sperling\",\"lapte\",\"Libertate\",\"libertatea de mi\u0219care\",\"p\u00e2ine\",\"Plata datoriilor Republicii Socialiste Rom\u00e2nia\",\"pretinsa \u00eenc\u0103lzire global\u0103\",\"ra\u021bie alimentar\u0103\",\"ra\u021bionalizarea alimentelor\",\"ulei\",\"Vr\u0103biu\u021be Blog\",\"zah\u0103r\"],\"articleSection\":[\"Opinii\",\"Politic\u0103\",\"Via\u021ba \u00een secolul XXI\"],\"inLanguage\":\"ro-RO\",\"potentialAction\":[{\"@type\":\"CommentAction\",\"name\":\"Comment\",\"target\":[\"https:\/\/roexit.info\/?p=2018#respond\"]}]},{\"@type\":\"WebPage\",\"@id\":\"https:\/\/roexit.info\/?p=2018\",\"url\":\"https:\/\/roexit.info\/?p=2018\",\"name\":\"Cum recuno\u0219ti o dictatur\u0103? Opinia lui Ioan Sperling - RoExit\",\"isPartOf\":{\"@id\":\"https:\/\/roexit.info\/#website\"},\"primaryImageOfPage\":{\"@id\":\"https:\/\/roexit.info\/?p=2018#primaryimage\"},\"image\":{\"@id\":\"https:\/\/roexit.info\/?p=2018#primaryimage\"},\"thumbnailUrl\":\"https:\/\/roexit.info\/wp-content\/uploads\/2024\/04\/coada-alimente-.jpg\",\"datePublished\":\"2024-04-06T00:15:59+00:00\",\"dateModified\":\"2025-10-21T15:48:07+00:00\",\"breadcrumb\":{\"@id\":\"https:\/\/roexit.info\/?p=2018#breadcrumb\"},\"inLanguage\":\"ro-RO\",\"potentialAction\":[{\"@type\":\"ReadAction\",\"target\":[\"https:\/\/roexit.info\/?p=2018\"]}]},{\"@type\":\"ImageObject\",\"inLanguage\":\"ro-RO\",\"@id\":\"https:\/\/roexit.info\/?p=2018#primaryimage\",\"url\":\"https:\/\/roexit.info\/wp-content\/uploads\/2024\/04\/coada-alimente-.jpg\",\"contentUrl\":\"https:\/\/roexit.info\/wp-content\/uploads\/2024\/04\/coada-alimente-.jpg\",\"width\":1400,\"height\":712},{\"@type\":\"BreadcrumbList\",\"@id\":\"https:\/\/roexit.info\/?p=2018#breadcrumb\",\"itemListElement\":[{\"@type\":\"ListItem\",\"position\":1,\"name\":\"Prima pagin\u0103\",\"item\":\"https:\/\/roexit.info\/\"},{\"@type\":\"ListItem\",\"position\":2,\"name\":\"Cum recuno\u0219ti o dictatur\u0103? Opinia lui Ioan Sperling\"}]},{\"@type\":\"WebSite\",\"@id\":\"https:\/\/roexit.info\/#website\",\"url\":\"https:\/\/roexit.info\/\",\"name\":\"RoExit\",\"description\":\"UE la co\u0219ul de gunoi al istoriei\",\"publisher\":{\"@id\":\"https:\/\/roexit.info\/#organization\"},\"potentialAction\":[{\"@type\":\"SearchAction\",\"target\":{\"@type\":\"EntryPoint\",\"urlTemplate\":\"https:\/\/roexit.info\/?s={search_term_string}\"},\"query-input\":{\"@type\":\"PropertyValueSpecification\",\"valueRequired\":true,\"valueName\":\"search_term_string\"}}],\"inLanguage\":\"ro-RO\"},{\"@type\":\"Organization\",\"@id\":\"https:\/\/roexit.info\/#organization\",\"name\":\"RoExit\",\"url\":\"https:\/\/roexit.info\/\",\"logo\":{\"@type\":\"ImageObject\",\"inLanguage\":\"ro-RO\",\"@id\":\"https:\/\/roexit.info\/#\/schema\/logo\/image\/\",\"url\":\"https:\/\/roexit.info\/wp-content\/uploads\/2023\/12\/cropped-logo-vsrianta-2.jpeg\",\"contentUrl\":\"https:\/\/roexit.info\/wp-content\/uploads\/2023\/12\/cropped-logo-vsrianta-2.jpeg\",\"width\":358,\"height\":277,\"caption\":\"RoExit\"},\"image\":{\"@id\":\"https:\/\/roexit.info\/#\/schema\/logo\/image\/\"}},{\"@type\":\"Person\",\"@id\":\"https:\/\/roexit.info\/#\/schema\/person\/ec2f0e7c6969784c45db6ff94a4299f7\",\"name\":\"co-admin\",\"image\":{\"@type\":\"ImageObject\",\"inLanguage\":\"ro-RO\",\"@id\":\"https:\/\/roexit.info\/#\/schema\/person\/image\/\",\"url\":\"https:\/\/secure.gravatar.com\/avatar\/984ee784359fecd24e0c89f3e3461c4be6a6700643280b75c953d0c0a0b69425?s=96&d=mm&r=g\",\"contentUrl\":\"https:\/\/secure.gravatar.com\/avatar\/984ee784359fecd24e0c89f3e3461c4be6a6700643280b75c953d0c0a0b69425?s=96&d=mm&r=g\",\"caption\":\"co-admin\"},\"url\":\"https:\/\/roexit.info\/?author=4\"}]}<\/script>\n<!-- \/ Yoast SEO plugin. -->","yoast_head_json":{"title":"Cum recuno\u0219ti o dictatur\u0103? Opinia lui Ioan Sperling - RoExit","robots":{"index":"index","follow":"follow","max-snippet":"max-snippet:-1","max-image-preview":"max-image-preview:large","max-video-preview":"max-video-preview:-1"},"canonical":"https:\/\/roexit.info\/?p=2018","og_locale":"ro_RO","og_type":"article","og_title":"Cum recuno\u0219ti o dictatur\u0103? Opinia lui Ioan Sperling - RoExit","og_description":"Un articol publicat de Ioan Sperling ini\u021bial pe vrabiute.blog Destul de simplu, c\u00e2nd ai mai tr\u0103it \u00eentr-una! \u00cen cea \u00een care am tr\u0103it eu, nu te \u00eentreba nimeni dac\u0103 e\u0219ti de acord cu vreo m\u0103sur\u0103 care afecta calitatea vie\u021bii tuturor! C\u00e2nd spun \u201etuturor\u201d m\u0103 refer la cei mul\u021bi, nu la cei din jurul dictatorului, a [&hellip;]","og_url":"https:\/\/roexit.info\/?p=2018","og_site_name":"RoExit","article_published_time":"2024-04-06T00:15:59+00:00","article_modified_time":"2025-10-21T15:48:07+00:00","og_image":[{"width":1400,"height":712,"url":"https:\/\/roexit.info\/wp-content\/uploads\/2024\/04\/coada-alimente-.jpg","type":"image\/jpeg"}],"author":"co-admin","twitter_card":"summary_large_image","twitter_misc":{"Scris de":"co-admin","Timp estimat pentru citire":"3 minute"},"schema":{"@context":"https:\/\/schema.org","@graph":[{"@type":"Article","@id":"https:\/\/roexit.info\/?p=2018#article","isPartOf":{"@id":"https:\/\/roexit.info\/?p=2018"},"author":{"name":"co-admin","@id":"https:\/\/roexit.info\/#\/schema\/person\/ec2f0e7c6969784c45db6ff94a4299f7"},"headline":"Cum recuno\u0219ti o dictatur\u0103? Opinia lui Ioan Sperling","datePublished":"2024-04-06T00:15:59+00:00","dateModified":"2025-10-21T15:48:07+00:00","mainEntityOfPage":{"@id":"https:\/\/roexit.info\/?p=2018"},"wordCount":481,"commentCount":0,"publisher":{"@id":"https:\/\/roexit.info\/#organization"},"image":{"@id":"https:\/\/roexit.info\/?p=2018#primaryimage"},"thumbnailUrl":"https:\/\/roexit.info\/wp-content\/uploads\/2024\/04\/coada-alimente-.jpg","keywords":["carne","dictatur\u0103","foamete","frig","IA inteligen\u021ba artificial\u0103","\u00eenc\u0103lzirea locuin\u021bei","\u00eentuneric","Ioan Sperling","lapte","Libertate","libertatea de mi\u0219care","p\u00e2ine","Plata datoriilor Republicii Socialiste Rom\u00e2nia","pretinsa \u00eenc\u0103lzire global\u0103","ra\u021bie alimentar\u0103","ra\u021bionalizarea alimentelor","ulei","Vr\u0103biu\u021be Blog","zah\u0103r"],"articleSection":["Opinii","Politic\u0103","Via\u021ba \u00een secolul XXI"],"inLanguage":"ro-RO","potentialAction":[{"@type":"CommentAction","name":"Comment","target":["https:\/\/roexit.info\/?p=2018#respond"]}]},{"@type":"WebPage","@id":"https:\/\/roexit.info\/?p=2018","url":"https:\/\/roexit.info\/?p=2018","name":"Cum recuno\u0219ti o dictatur\u0103? Opinia lui Ioan Sperling - RoExit","isPartOf":{"@id":"https:\/\/roexit.info\/#website"},"primaryImageOfPage":{"@id":"https:\/\/roexit.info\/?p=2018#primaryimage"},"image":{"@id":"https:\/\/roexit.info\/?p=2018#primaryimage"},"thumbnailUrl":"https:\/\/roexit.info\/wp-content\/uploads\/2024\/04\/coada-alimente-.jpg","datePublished":"2024-04-06T00:15:59+00:00","dateModified":"2025-10-21T15:48:07+00:00","breadcrumb":{"@id":"https:\/\/roexit.info\/?p=2018#breadcrumb"},"inLanguage":"ro-RO","potentialAction":[{"@type":"ReadAction","target":["https:\/\/roexit.info\/?p=2018"]}]},{"@type":"ImageObject","inLanguage":"ro-RO","@id":"https:\/\/roexit.info\/?p=2018#primaryimage","url":"https:\/\/roexit.info\/wp-content\/uploads\/2024\/04\/coada-alimente-.jpg","contentUrl":"https:\/\/roexit.info\/wp-content\/uploads\/2024\/04\/coada-alimente-.jpg","width":1400,"height":712},{"@type":"BreadcrumbList","@id":"https:\/\/roexit.info\/?p=2018#breadcrumb","itemListElement":[{"@type":"ListItem","position":1,"name":"Prima pagin\u0103","item":"https:\/\/roexit.info\/"},{"@type":"ListItem","position":2,"name":"Cum recuno\u0219ti o dictatur\u0103? Opinia lui Ioan Sperling"}]},{"@type":"WebSite","@id":"https:\/\/roexit.info\/#website","url":"https:\/\/roexit.info\/","name":"RoExit","description":"UE la co\u0219ul de gunoi al istoriei","publisher":{"@id":"https:\/\/roexit.info\/#organization"},"potentialAction":[{"@type":"SearchAction","target":{"@type":"EntryPoint","urlTemplate":"https:\/\/roexit.info\/?s={search_term_string}"},"query-input":{"@type":"PropertyValueSpecification","valueRequired":true,"valueName":"search_term_string"}}],"inLanguage":"ro-RO"},{"@type":"Organization","@id":"https:\/\/roexit.info\/#organization","name":"RoExit","url":"https:\/\/roexit.info\/","logo":{"@type":"ImageObject","inLanguage":"ro-RO","@id":"https:\/\/roexit.info\/#\/schema\/logo\/image\/","url":"https:\/\/roexit.info\/wp-content\/uploads\/2023\/12\/cropped-logo-vsrianta-2.jpeg","contentUrl":"https:\/\/roexit.info\/wp-content\/uploads\/2023\/12\/cropped-logo-vsrianta-2.jpeg","width":358,"height":277,"caption":"RoExit"},"image":{"@id":"https:\/\/roexit.info\/#\/schema\/logo\/image\/"}},{"@type":"Person","@id":"https:\/\/roexit.info\/#\/schema\/person\/ec2f0e7c6969784c45db6ff94a4299f7","name":"co-admin","image":{"@type":"ImageObject","inLanguage":"ro-RO","@id":"https:\/\/roexit.info\/#\/schema\/person\/image\/","url":"https:\/\/secure.gravatar.com\/avatar\/984ee784359fecd24e0c89f3e3461c4be6a6700643280b75c953d0c0a0b69425?s=96&d=mm&r=g","contentUrl":"https:\/\/secure.gravatar.com\/avatar\/984ee784359fecd24e0c89f3e3461c4be6a6700643280b75c953d0c0a0b69425?s=96&d=mm&r=g","caption":"co-admin"},"url":"https:\/\/roexit.info\/?author=4"}]}},"_links":{"self":[{"href":"https:\/\/roexit.info\/index.php?rest_route=\/wp\/v2\/posts\/2018","targetHints":{"allow":["GET"]}}],"collection":[{"href":"https:\/\/roexit.info\/index.php?rest_route=\/wp\/v2\/posts"}],"about":[{"href":"https:\/\/roexit.info\/index.php?rest_route=\/wp\/v2\/types\/post"}],"author":[{"embeddable":true,"href":"https:\/\/roexit.info\/index.php?rest_route=\/wp\/v2\/users\/4"}],"replies":[{"embeddable":true,"href":"https:\/\/roexit.info\/index.php?rest_route=%2Fwp%2Fv2%2Fcomments&post=2018"}],"version-history":[{"count":1,"href":"https:\/\/roexit.info\/index.php?rest_route=\/wp\/v2\/posts\/2018\/revisions"}],"predecessor-version":[{"id":2020,"href":"https:\/\/roexit.info\/index.php?rest_route=\/wp\/v2\/posts\/2018\/revisions\/2020"}],"wp:featuredmedia":[{"embeddable":true,"href":"https:\/\/roexit.info\/index.php?rest_route=\/wp\/v2\/media\/2019"}],"wp:attachment":[{"href":"https:\/\/roexit.info\/index.php?rest_route=%2Fwp%2Fv2%2Fmedia&parent=2018"}],"wp:term":[{"taxonomy":"category","embeddable":true,"href":"https:\/\/roexit.info\/index.php?rest_route=%2Fwp%2Fv2%2Fcategories&post=2018"},{"taxonomy":"post_tag","embeddable":true,"href":"https:\/\/roexit.info\/index.php?rest_route=%2Fwp%2Fv2%2Ftags&post=2018"}],"curies":[{"name":"wp","href":"https:\/\/api.w.org\/{rel}","templated":true}]}}