{"id":2110,"date":"2024-04-18T16:12:35","date_gmt":"2024-04-18T16:12:35","guid":{"rendered":"https:\/\/roexit.info\/?p=2110"},"modified":"2025-10-21T15:48:27","modified_gmt":"2025-10-21T15:48:27","slug":"cum-mi-am-retaliat-opiniile-cugetarea-lui-dan-diaconu","status":"publish","type":"post","link":"https:\/\/roexit.info\/?p=2110","title":{"rendered":"Cum mi-am retaliat opiniile. Cugetarea lui Dan Diaconu"},"content":{"rendered":"<p style=\"text-align: right;\"><em>Un articol publicat de Dan Diaconu ini\u021bial pe <a href=\"https:\/\/trenduri.blogspot.com\/2024\/04\/cum-mi-am-retaliat-opiniile.html\">trenduri.blogspot.com<\/a><\/em><\/p>\n<p>Cineva a f\u0103cut o observa\u021bie c\u00e2t se poate de strict\u0103: m-a \u00eentrebat ce \u00eenseamn\u0103 \u201ea retalia\u201d deoarece se tot repet\u0103 prin toate mediile. Inclusiv \u00een articolul meu anterior, unde a fost postat comentariul amintit. Dincolo, \u00eens\u0103, de observa\u021bia just\u0103 a cititorului meu, avem de-a face cu un simptom extrem de ciudat \u0219i deosebit de periculos.<\/p>\n<p>\u201e<i>A retalia<\/i>\u201d e folosit acum cu sensul s\u0103u din englez\u0103, anume de a se r\u0103zbuna, a reac\u021biona. Cuv\u00e2ntul a intrat pe u\u0219a din dos \u00een rom\u00e2n\u0103 prin intermediul corporati\u0219tilor tefelei de doi bani al c\u0103ror vocabular e redus \u0219i care simt nevoia s\u0103-\u0219i completeze lipsurile din rom\u00e2n\u0103 cu rom\u00e2niz\u0103ri ale unor termeni prelua\u021bi din englez\u0103. \u00cen cazul de fa\u021b\u0103, <i>a retalia<\/i>\u00a0n\u0103v\u0103le\u0219te \u00een for\u021b\u0103, \u00eenlocuind sensul original al cuv\u00e2ntului, acela de \u201ea croi din nou\u201d. Retalierea este a\u0219adar o capcan\u0103 lingvistic\u0103 \u00een care a c\u0103zut \u0219i subsemnatul.<\/p>\n<p>Cu toate c\u0103 poate p\u0103rea o discu\u021bie desuet\u0103, chestiunea e mai grav\u0103 dec\u00e2t pare. Fiind obligat din c\u00e2nd \u00een c\u00e2nd s\u0103 m\u0103 \u00eent\u00e2lnesc \u0219i s\u0103 particip la tot felul de \u00eent\u00e2lniri cu corporati\u0219ti, r\u0103m\u00e2n din ce \u00een ce mai surprins de modul absurd \u00een care tefelimea distruge una dintre bazele noastre existen\u021biale, anume limba. Cei care nu au leg\u0103tur\u0103 cu lumea corporatist\u0103 nu con\u0219tientizeaz\u0103 c\u00e2t de grav\u0103 este problema. \u00cen acel mediu nu se mai vorbe\u0219te rom\u00e2na, ci nou-limba. Iar, de-acolo, spectrul sec al noii limbi \u00ee\u0219i proiecteaz\u0103 umbra monstruoas\u0103 asupra \u00eentregii societ\u0103\u021bi.<\/p>\n<p>\u201eA face sens\u201d a p\u0103truns absurd \u00een limb\u0103. Te-apuc\u0103 r\u00e2sul c\u00e2nd consta\u021bi cu c\u00e2t\u0103 exuberan\u021b\u0103 \u201e<i>face sens<\/i>\u201d s\u0103 traduci literal din englez\u0103 o expresie pentru a o folosi \u00een rom\u00e2n\u0103. P\u00e2n\u0103 acum c\u00e2\u021biva ani aste era semn de prostie \u00eengr\u0103m\u0103dit\u0103. Acum \u00eens\u0103 e norm\u0103 de \u201e<i>coolness<\/i>\u201d. \u201e<i>A face sens<\/i>\u201d nu are sens, e o prostie, o imbecilitate, un semn al degrad\u0103rii celui care formuleaz\u0103 \u00een acest fel.<\/p>\n<p>Dac\u0103 stai \u0219i ascul\u021bi discursul unui corporatist ajungi s\u0103 te cruce\u0219ti. Fiecare al doilea\/al treilea cuv\u00e2nt e un barbarism, un englezism st\u00e2lcit pronun\u021bat cu emfaz\u0103. Boala \u00eens\u0103 nu e una nou\u0103, ci are r\u0103d\u0103cini mult mai ad\u00e2nci. Jargonul, acest blestem care v\u0103d c\u0103 ne urmeaz\u0103 de fiecare dat\u0103 c\u00e2nd ne g\u0103sim un alt st\u0103p\u00e2n, era p\u00e2n\u0103 nu de mult dat ca exemplu istoric \u0219i avea leg\u0103tur\u0103 cu perioada de domina\u021bie francez\u0103 asupra lumii noastre. Acum beleaua ne vine din englez\u0103, de unde to\u021bi analfabe\u021bii func\u021bional afla\u021bi \u00een func\u021bii-cheie descarc\u0103 aberant \u00eenc\u0103rc\u0103turi mortale de dejec\u021bii lingvistice.<\/p>\n<p>Dac\u0103 \u00een perioada interbelic\u0103 jargonul era un fenomen oarecum izolat, specific clasei superioare, acum a devenit infinit mai periculos deoarece e adoptat \u00een mas\u0103 de toat\u0103 muncitorimea corporatist\u0103. Noul proletariat este cel care import\u0103 nejustificat englezisme, maltrat\u00e2nd limba. \u0218i, dup\u0103 cum probabil observa\u021bi, fenomenul este \u00eengrijor\u0103tor dac\u0103 ne g\u00e2ndim c\u0103 inclusiv oamenii normali, care au grij\u0103 de modul \u00een care se exprim\u0103, pic\u0103 \u00een capcana prelu\u0103rii unor barbarisme.<\/p>\n<p>\u0218i uite-a\u0219a, dup\u0103 ce-a distrus politica &#8211; ajuns\u0103 o cenu\u0219\u0103reas\u0103 dominat\u0103 de indivizi cu creier de furnic\u0103 &#8211; dup\u0103 ce a distrus societatea, tefelimea analfabet\u0103 mai d\u0103 o lovitur\u0103 mortal\u0103, maltrat\u00e2nd f\u0103r\u0103 mil\u0103 limba. Nu mi-a\u0219 fi imaginat niciodat\u0103 c\u0103 prostia \u00een stare pur\u0103 poate fi at\u00e2t de toxic\u0103. Din p\u0103cate, este chiar mai r\u0103u de-at\u00e2t! Prostia tefelimii e de-a dreptul mortal\u0103. \u0218i asta nu doar la noi.<\/p>\n<p>P.S. Ca s\u0103 nu r\u0103m\u00e2n dator, v\u0103 voi \u00eemp\u0103rt\u0103\u0219i faptul c\u0103, a\u0219a cum noi ne speriem de barbarismele introduse de muncitorii din corpora\u021bii, la fel de \u00eengrijora\u021bi sunt lingvi\u0219tii englezi de <i>jargonizarea<\/i> limbii cu termeni prelua\u021bi din mediul I.T. Acolo e un alt fenomen <i>c\u0103ruia \u00eei voi da<\/i>\u00a0<i>commit <\/i><i>(sic!)<\/i> \u00eentr-un articol viitor.<\/p>\n","protected":false},"excerpt":{"rendered":"<p>Un articol publicat de Dan Diaconu ini\u021bial pe trenduri.blogspot.com Cineva a f\u0103cut o observa\u021bie c\u00e2t se poate de strict\u0103: m-a \u00eentrebat ce \u00eenseamn\u0103 \u201ea retalia\u201d deoarece se tot repet\u0103 prin toate mediile. Inclusiv \u00een articolul meu anterior, unde a fost postat comentariul amintit. Dincolo, \u00eens\u0103, de observa\u021bia just\u0103 a cititorului meu, avem de-a face cu [&hellip;]<\/p>\n","protected":false},"author":4,"featured_media":2111,"comment_status":"open","ping_status":"open","sticky":false,"template":"","format":"standard","meta":{"footnotes":""},"categories":[31,32,4],"tags":[2090,2092,419,1349,2096,2088,2093,2084,2091,2085,2095,2086,2089,1566,420],"class_list":["post-2110","post","type-post","status-publish","format-standard","has-post-thumbnail","hentry","category-cultura","category-opinii","category-stil_de_viata","tag-capcana-lingvistica","tag-corporatisti","tag-dan-diaconu","tag-degradare","tag-dominatie","tag-frantuzisme","tag-itisti","tag-jargon","tag-lumba-romana","tag-nou-limba","tag-prostie","tag-retaliat","tag-romgleza","tag-tefelism-tflism","tag-trenduri-economice"],"yoast_head":"<!-- This site is optimized with the Yoast SEO plugin v24.4 - https:\/\/yoast.com\/wordpress\/plugins\/seo\/ -->\n<title>Cum mi-am retaliat opiniile. Cugetarea lui Dan Diaconu - RoExit<\/title>\n<meta name=\"robots\" content=\"index, follow, max-snippet:-1, max-image-preview:large, max-video-preview:-1\" \/>\n<link rel=\"canonical\" href=\"https:\/\/roexit.info\/?p=2110\" \/>\n<meta property=\"og:locale\" content=\"ro_RO\" \/>\n<meta property=\"og:type\" content=\"article\" \/>\n<meta property=\"og:title\" content=\"Cum mi-am retaliat opiniile. Cugetarea lui Dan Diaconu - RoExit\" \/>\n<meta property=\"og:description\" content=\"Un articol publicat de Dan Diaconu ini\u021bial pe trenduri.blogspot.com Cineva a f\u0103cut o observa\u021bie c\u00e2t se poate de strict\u0103: m-a \u00eentrebat ce \u00eenseamn\u0103 \u201ea retalia\u201d deoarece se tot repet\u0103 prin toate mediile. Inclusiv \u00een articolul meu anterior, unde a fost postat comentariul amintit. Dincolo, \u00eens\u0103, de observa\u021bia just\u0103 a cititorului meu, avem de-a face cu [&hellip;]\" \/>\n<meta property=\"og:url\" content=\"https:\/\/roexit.info\/?p=2110\" \/>\n<meta property=\"og:site_name\" content=\"RoExit\" \/>\n<meta property=\"article:published_time\" content=\"2024-04-18T16:12:35+00:00\" \/>\n<meta property=\"article:modified_time\" content=\"2025-10-21T15:48:27+00:00\" \/>\n<meta property=\"og:image\" content=\"https:\/\/roexit.info\/wp-content\/uploads\/2024\/04\/atempo1.jpeg\" \/>\n\t<meta property=\"og:image:width\" content=\"510\" \/>\n\t<meta property=\"og:image:height\" content=\"768\" \/>\n\t<meta property=\"og:image:type\" content=\"image\/jpeg\" \/>\n<meta name=\"author\" content=\"co-admin\" \/>\n<meta name=\"twitter:card\" content=\"summary_large_image\" \/>\n<meta name=\"twitter:label1\" content=\"Scris de\" \/>\n\t<meta name=\"twitter:data1\" content=\"co-admin\" \/>\n\t<meta name=\"twitter:label2\" content=\"Timp estimat pentru citire\" \/>\n\t<meta name=\"twitter:data2\" content=\"4 minute\" \/>\n<script type=\"application\/ld+json\" class=\"yoast-schema-graph\">{\"@context\":\"https:\/\/schema.org\",\"@graph\":[{\"@type\":\"Article\",\"@id\":\"https:\/\/roexit.info\/?p=2110#article\",\"isPartOf\":{\"@id\":\"https:\/\/roexit.info\/?p=2110\"},\"author\":{\"name\":\"co-admin\",\"@id\":\"https:\/\/roexit.info\/#\/schema\/person\/ec2f0e7c6969784c45db6ff94a4299f7\"},\"headline\":\"Cum mi-am retaliat opiniile. Cugetarea lui Dan Diaconu\",\"datePublished\":\"2024-04-18T16:12:35+00:00\",\"dateModified\":\"2025-10-21T15:48:27+00:00\",\"mainEntityOfPage\":{\"@id\":\"https:\/\/roexit.info\/?p=2110\"},\"wordCount\":708,\"commentCount\":0,\"publisher\":{\"@id\":\"https:\/\/roexit.info\/#organization\"},\"image\":{\"@id\":\"https:\/\/roexit.info\/?p=2110#primaryimage\"},\"thumbnailUrl\":\"https:\/\/roexit.info\/wp-content\/uploads\/2024\/04\/atempo1.jpeg\",\"keywords\":[\"Capcan\u0103 lingvistic\u0103\",\"corporati\u0219ti\",\"Dan Diaconu\",\"degradare\",\"domina\u021bie\",\"fran\u021buzisme\",\"ITi\u0219ti\",\"jargon\",\"Lumba Rom\u00e2n\u0103\",\"nou-limba\",\"prostie\",\"retaliat\",\"romglez\u0103\",\"tefelism TFLism\",\"Trenduri Economice\"],\"articleSection\":[\"Cultur\u0103\",\"Opinii\",\"Via\u021ba \u00een secolul XXI\"],\"inLanguage\":\"ro-RO\",\"potentialAction\":[{\"@type\":\"CommentAction\",\"name\":\"Comment\",\"target\":[\"https:\/\/roexit.info\/?p=2110#respond\"]}]},{\"@type\":\"WebPage\",\"@id\":\"https:\/\/roexit.info\/?p=2110\",\"url\":\"https:\/\/roexit.info\/?p=2110\",\"name\":\"Cum mi-am retaliat opiniile. Cugetarea lui Dan Diaconu - RoExit\",\"isPartOf\":{\"@id\":\"https:\/\/roexit.info\/#website\"},\"primaryImageOfPage\":{\"@id\":\"https:\/\/roexit.info\/?p=2110#primaryimage\"},\"image\":{\"@id\":\"https:\/\/roexit.info\/?p=2110#primaryimage\"},\"thumbnailUrl\":\"https:\/\/roexit.info\/wp-content\/uploads\/2024\/04\/atempo1.jpeg\",\"datePublished\":\"2024-04-18T16:12:35+00:00\",\"dateModified\":\"2025-10-21T15:48:27+00:00\",\"breadcrumb\":{\"@id\":\"https:\/\/roexit.info\/?p=2110#breadcrumb\"},\"inLanguage\":\"ro-RO\",\"potentialAction\":[{\"@type\":\"ReadAction\",\"target\":[\"https:\/\/roexit.info\/?p=2110\"]}]},{\"@type\":\"ImageObject\",\"inLanguage\":\"ro-RO\",\"@id\":\"https:\/\/roexit.info\/?p=2110#primaryimage\",\"url\":\"https:\/\/roexit.info\/wp-content\/uploads\/2024\/04\/atempo1.jpeg\",\"contentUrl\":\"https:\/\/roexit.info\/wp-content\/uploads\/2024\/04\/atempo1.jpeg\",\"width\":510,\"height\":768},{\"@type\":\"BreadcrumbList\",\"@id\":\"https:\/\/roexit.info\/?p=2110#breadcrumb\",\"itemListElement\":[{\"@type\":\"ListItem\",\"position\":1,\"name\":\"Prima pagin\u0103\",\"item\":\"https:\/\/roexit.info\/\"},{\"@type\":\"ListItem\",\"position\":2,\"name\":\"Cum mi-am retaliat opiniile. Cugetarea lui Dan Diaconu\"}]},{\"@type\":\"WebSite\",\"@id\":\"https:\/\/roexit.info\/#website\",\"url\":\"https:\/\/roexit.info\/\",\"name\":\"RoExit\",\"description\":\"UE la co\u0219ul de gunoi al istoriei\",\"publisher\":{\"@id\":\"https:\/\/roexit.info\/#organization\"},\"potentialAction\":[{\"@type\":\"SearchAction\",\"target\":{\"@type\":\"EntryPoint\",\"urlTemplate\":\"https:\/\/roexit.info\/?s={search_term_string}\"},\"query-input\":{\"@type\":\"PropertyValueSpecification\",\"valueRequired\":true,\"valueName\":\"search_term_string\"}}],\"inLanguage\":\"ro-RO\"},{\"@type\":\"Organization\",\"@id\":\"https:\/\/roexit.info\/#organization\",\"name\":\"RoExit\",\"url\":\"https:\/\/roexit.info\/\",\"logo\":{\"@type\":\"ImageObject\",\"inLanguage\":\"ro-RO\",\"@id\":\"https:\/\/roexit.info\/#\/schema\/logo\/image\/\",\"url\":\"https:\/\/roexit.info\/wp-content\/uploads\/2023\/12\/cropped-logo-vsrianta-2.jpeg\",\"contentUrl\":\"https:\/\/roexit.info\/wp-content\/uploads\/2023\/12\/cropped-logo-vsrianta-2.jpeg\",\"width\":358,\"height\":277,\"caption\":\"RoExit\"},\"image\":{\"@id\":\"https:\/\/roexit.info\/#\/schema\/logo\/image\/\"}},{\"@type\":\"Person\",\"@id\":\"https:\/\/roexit.info\/#\/schema\/person\/ec2f0e7c6969784c45db6ff94a4299f7\",\"name\":\"co-admin\",\"image\":{\"@type\":\"ImageObject\",\"inLanguage\":\"ro-RO\",\"@id\":\"https:\/\/roexit.info\/#\/schema\/person\/image\/\",\"url\":\"https:\/\/secure.gravatar.com\/avatar\/984ee784359fecd24e0c89f3e3461c4be6a6700643280b75c953d0c0a0b69425?s=96&d=mm&r=g\",\"contentUrl\":\"https:\/\/secure.gravatar.com\/avatar\/984ee784359fecd24e0c89f3e3461c4be6a6700643280b75c953d0c0a0b69425?s=96&d=mm&r=g\",\"caption\":\"co-admin\"},\"url\":\"https:\/\/roexit.info\/?author=4\"}]}<\/script>\n<!-- \/ Yoast SEO plugin. -->","yoast_head_json":{"title":"Cum mi-am retaliat opiniile. Cugetarea lui Dan Diaconu - RoExit","robots":{"index":"index","follow":"follow","max-snippet":"max-snippet:-1","max-image-preview":"max-image-preview:large","max-video-preview":"max-video-preview:-1"},"canonical":"https:\/\/roexit.info\/?p=2110","og_locale":"ro_RO","og_type":"article","og_title":"Cum mi-am retaliat opiniile. Cugetarea lui Dan Diaconu - RoExit","og_description":"Un articol publicat de Dan Diaconu ini\u021bial pe trenduri.blogspot.com Cineva a f\u0103cut o observa\u021bie c\u00e2t se poate de strict\u0103: m-a \u00eentrebat ce \u00eenseamn\u0103 \u201ea retalia\u201d deoarece se tot repet\u0103 prin toate mediile. Inclusiv \u00een articolul meu anterior, unde a fost postat comentariul amintit. Dincolo, \u00eens\u0103, de observa\u021bia just\u0103 a cititorului meu, avem de-a face cu [&hellip;]","og_url":"https:\/\/roexit.info\/?p=2110","og_site_name":"RoExit","article_published_time":"2024-04-18T16:12:35+00:00","article_modified_time":"2025-10-21T15:48:27+00:00","og_image":[{"width":510,"height":768,"url":"https:\/\/roexit.info\/wp-content\/uploads\/2024\/04\/atempo1.jpeg","type":"image\/jpeg"}],"author":"co-admin","twitter_card":"summary_large_image","twitter_misc":{"Scris de":"co-admin","Timp estimat pentru citire":"4 minute"},"schema":{"@context":"https:\/\/schema.org","@graph":[{"@type":"Article","@id":"https:\/\/roexit.info\/?p=2110#article","isPartOf":{"@id":"https:\/\/roexit.info\/?p=2110"},"author":{"name":"co-admin","@id":"https:\/\/roexit.info\/#\/schema\/person\/ec2f0e7c6969784c45db6ff94a4299f7"},"headline":"Cum mi-am retaliat opiniile. Cugetarea lui Dan Diaconu","datePublished":"2024-04-18T16:12:35+00:00","dateModified":"2025-10-21T15:48:27+00:00","mainEntityOfPage":{"@id":"https:\/\/roexit.info\/?p=2110"},"wordCount":708,"commentCount":0,"publisher":{"@id":"https:\/\/roexit.info\/#organization"},"image":{"@id":"https:\/\/roexit.info\/?p=2110#primaryimage"},"thumbnailUrl":"https:\/\/roexit.info\/wp-content\/uploads\/2024\/04\/atempo1.jpeg","keywords":["Capcan\u0103 lingvistic\u0103","corporati\u0219ti","Dan Diaconu","degradare","domina\u021bie","fran\u021buzisme","ITi\u0219ti","jargon","Lumba Rom\u00e2n\u0103","nou-limba","prostie","retaliat","romglez\u0103","tefelism TFLism","Trenduri Economice"],"articleSection":["Cultur\u0103","Opinii","Via\u021ba \u00een secolul XXI"],"inLanguage":"ro-RO","potentialAction":[{"@type":"CommentAction","name":"Comment","target":["https:\/\/roexit.info\/?p=2110#respond"]}]},{"@type":"WebPage","@id":"https:\/\/roexit.info\/?p=2110","url":"https:\/\/roexit.info\/?p=2110","name":"Cum mi-am retaliat opiniile. Cugetarea lui Dan Diaconu - RoExit","isPartOf":{"@id":"https:\/\/roexit.info\/#website"},"primaryImageOfPage":{"@id":"https:\/\/roexit.info\/?p=2110#primaryimage"},"image":{"@id":"https:\/\/roexit.info\/?p=2110#primaryimage"},"thumbnailUrl":"https:\/\/roexit.info\/wp-content\/uploads\/2024\/04\/atempo1.jpeg","datePublished":"2024-04-18T16:12:35+00:00","dateModified":"2025-10-21T15:48:27+00:00","breadcrumb":{"@id":"https:\/\/roexit.info\/?p=2110#breadcrumb"},"inLanguage":"ro-RO","potentialAction":[{"@type":"ReadAction","target":["https:\/\/roexit.info\/?p=2110"]}]},{"@type":"ImageObject","inLanguage":"ro-RO","@id":"https:\/\/roexit.info\/?p=2110#primaryimage","url":"https:\/\/roexit.info\/wp-content\/uploads\/2024\/04\/atempo1.jpeg","contentUrl":"https:\/\/roexit.info\/wp-content\/uploads\/2024\/04\/atempo1.jpeg","width":510,"height":768},{"@type":"BreadcrumbList","@id":"https:\/\/roexit.info\/?p=2110#breadcrumb","itemListElement":[{"@type":"ListItem","position":1,"name":"Prima pagin\u0103","item":"https:\/\/roexit.info\/"},{"@type":"ListItem","position":2,"name":"Cum mi-am retaliat opiniile. Cugetarea lui Dan Diaconu"}]},{"@type":"WebSite","@id":"https:\/\/roexit.info\/#website","url":"https:\/\/roexit.info\/","name":"RoExit","description":"UE la co\u0219ul de gunoi al istoriei","publisher":{"@id":"https:\/\/roexit.info\/#organization"},"potentialAction":[{"@type":"SearchAction","target":{"@type":"EntryPoint","urlTemplate":"https:\/\/roexit.info\/?s={search_term_string}"},"query-input":{"@type":"PropertyValueSpecification","valueRequired":true,"valueName":"search_term_string"}}],"inLanguage":"ro-RO"},{"@type":"Organization","@id":"https:\/\/roexit.info\/#organization","name":"RoExit","url":"https:\/\/roexit.info\/","logo":{"@type":"ImageObject","inLanguage":"ro-RO","@id":"https:\/\/roexit.info\/#\/schema\/logo\/image\/","url":"https:\/\/roexit.info\/wp-content\/uploads\/2023\/12\/cropped-logo-vsrianta-2.jpeg","contentUrl":"https:\/\/roexit.info\/wp-content\/uploads\/2023\/12\/cropped-logo-vsrianta-2.jpeg","width":358,"height":277,"caption":"RoExit"},"image":{"@id":"https:\/\/roexit.info\/#\/schema\/logo\/image\/"}},{"@type":"Person","@id":"https:\/\/roexit.info\/#\/schema\/person\/ec2f0e7c6969784c45db6ff94a4299f7","name":"co-admin","image":{"@type":"ImageObject","inLanguage":"ro-RO","@id":"https:\/\/roexit.info\/#\/schema\/person\/image\/","url":"https:\/\/secure.gravatar.com\/avatar\/984ee784359fecd24e0c89f3e3461c4be6a6700643280b75c953d0c0a0b69425?s=96&d=mm&r=g","contentUrl":"https:\/\/secure.gravatar.com\/avatar\/984ee784359fecd24e0c89f3e3461c4be6a6700643280b75c953d0c0a0b69425?s=96&d=mm&r=g","caption":"co-admin"},"url":"https:\/\/roexit.info\/?author=4"}]}},"_links":{"self":[{"href":"https:\/\/roexit.info\/index.php?rest_route=\/wp\/v2\/posts\/2110","targetHints":{"allow":["GET"]}}],"collection":[{"href":"https:\/\/roexit.info\/index.php?rest_route=\/wp\/v2\/posts"}],"about":[{"href":"https:\/\/roexit.info\/index.php?rest_route=\/wp\/v2\/types\/post"}],"author":[{"embeddable":true,"href":"https:\/\/roexit.info\/index.php?rest_route=\/wp\/v2\/users\/4"}],"replies":[{"embeddable":true,"href":"https:\/\/roexit.info\/index.php?rest_route=%2Fwp%2Fv2%2Fcomments&post=2110"}],"version-history":[{"count":1,"href":"https:\/\/roexit.info\/index.php?rest_route=\/wp\/v2\/posts\/2110\/revisions"}],"predecessor-version":[{"id":2112,"href":"https:\/\/roexit.info\/index.php?rest_route=\/wp\/v2\/posts\/2110\/revisions\/2112"}],"wp:featuredmedia":[{"embeddable":true,"href":"https:\/\/roexit.info\/index.php?rest_route=\/wp\/v2\/media\/2111"}],"wp:attachment":[{"href":"https:\/\/roexit.info\/index.php?rest_route=%2Fwp%2Fv2%2Fmedia&parent=2110"}],"wp:term":[{"taxonomy":"category","embeddable":true,"href":"https:\/\/roexit.info\/index.php?rest_route=%2Fwp%2Fv2%2Fcategories&post=2110"},{"taxonomy":"post_tag","embeddable":true,"href":"https:\/\/roexit.info\/index.php?rest_route=%2Fwp%2Fv2%2Ftags&post=2110"}],"curies":[{"name":"wp","href":"https:\/\/api.w.org\/{rel}","templated":true}]}}