{"id":2374,"date":"2024-07-13T21:11:43","date_gmt":"2024-07-13T21:11:43","guid":{"rendered":"https:\/\/roexit.info\/?p=2374"},"modified":"2025-10-21T15:49:46","modified_gmt":"2025-10-21T15:49:46","slug":"sfantul-cuvios-marturisitor-arsenie-de-la-prislop-va-fi-numele-din-calendar-al-parintelui-boca-patriarhia-romana-a-canonizat-16-preoti-care-au-infruntat-comunismul-ateist-doi-sunt-din-basarabia","status":"publish","type":"post","link":"https:\/\/roexit.info\/?p=2374","title":{"rendered":"Sf\u00e2ntul Cuvios M\u0103rturisitor Arsenie de la Prislop va fi numele din calendar al P\u0103rintelui Boca. Patriarhia Rom\u00e2n\u0103 a canonizat 16 preo\u021bi care au \u00eenfruntat comunismul ateist. Doi sunt din Basarabia"},"content":{"rendered":"<p>S-a f\u0103cut dreptate pentru P\u0103rintele Arsenie Boca \u0219i o pleiad\u0103 \u00eentreag\u0103 de preo\u021bi ortodoc\u0219i persecuta\u021bi politic \u2013 inclusiv martiriza\u021bi \u2013 \u00een timpul regimului comunist, precum \u0219i pentru doi preo\u021bi rom\u00e2ni din Basarabia ocupat\u0103 de sovietici. Printre cei 16 sfin\u021bi recent recunoscu\u021bi de B.O.R. se afl\u0103 \u0219i c\u00e2\u021biva stare\u021bi sau ieromonahi cu via\u021b\u0103 sf\u00e2nt\u0103 de prin m\u0103n\u0103stirile de pe tot cuprinsul Rom\u00e2niei, precum \u0219i preo\u021bi profesori ai unor Facult\u0103\u021bi de Teologie rom\u00e2ne\u0219ti. Dezv\u0103luirea listei complete survine dup\u0103 ce Patriarhia Rom\u00e2n\u0103 a tot anun\u021bat \u00een ultimii ani c\u0103 inten\u021bioneaz\u0103 s\u0103 canonizeze mai mul\u021bi preo\u021bi m\u0103rturisitori, mucenici sau persecuta\u021bi politic din istoria sa recent\u0103, dar nu a f\u0103cut publice p\u00e2n\u0103 acum dec\u00e2t numele c\u00e2torva dintre ei. Nu \u00eent\u00e2mpl\u0103tor s\u0103pt\u0103m\u00e2na spre sf\u00e2r\u0219itul c\u0103reia s-a oficializat lista nou-recunoscu\u021bilor sfin\u021bi este cea \u00eenceput\u0103 de Duminica Sfin\u021bilor Rom\u00e2ni.<\/p>\n<p>&nbsp;<\/p>\n<p>\u00cen zilele de joi \u0219i vineri, 11-12 iulie 2024, \u00een Aula Magna \u201eTeoctist Patriarhul\u201d din Palatul Patriarhiei, sub pre\u0219edin\u021bia Patriarhului Daniel, s-a desf\u0103\u0219urat \u0219edin\u021ba de lucru a Sinodului Bisericii Ortodoxe Rom\u00e2ne, informeaz\u0103 agen\u021bia de \u0219tiri biserice\u0219ti <a href=\"https:\/\/basilica.ro\/comunicat-sinodul-bisericii-ortodoxe-romane-a-aprobat-16-canonizari\/\">Basilica<\/a>. Unul dintre punctele principale de pe ordinea de zi l-a constituit aprobarea canoniz\u0103rii (trecerii \u00een calendarul bisericesc) a 16 sfin\u0163i rom\u00e2ni, urm\u00e2nd ca textele liturgice ale unora s\u0103 fie completate, iar ale tuturor s\u0103 fie diortosite \u00eentr-o viitoare \u015fedin\u0163\u0103 sinodal\u0103.<\/p>\n<p>&nbsp;<\/p>\n<p>Sfin\u0163ii nou-recunoscu\u021bi de c\u0103tre Biserica Ortodox\u0103 Rom\u00e2n\u0103 sunt:<\/p>\n<p>&nbsp;<\/p>\n<p>16 septembrie: P\u0103rintele arhimandrit Sofian Boghiu, stare\u021bul M\u0103n\u0103stirii Antim din Bucure\u0219ti, cu titulatura \u201eSf\u00e2ntul Cuvios M\u0103rturisitor Sofian de la Antim\u201d;<\/p>\n<p>&nbsp;<\/p>\n<p>18 septembrie: P\u0103rintele Ilarion Felea, profesor de teologie la Arad, cu titulatura \u201eSf\u00e2ntul Preot Mucenic Ilarion Felea\u201d;<\/p>\n<p>&nbsp;<\/p>\n<p>04 octombrie: P\u0103rintele Dumitru St\u0103niloae, profesor de teologie la Sibiu \u0219i la Bucure\u0219ti, cu titulatura \u201eSf\u00e2ntul Preot M\u0103rturisitor Dumitru St\u0103niloae\u201d;<\/p>\n<p>&nbsp;<\/p>\n<p>23 octombrie: P\u0103rintele Constantin S\u00e2rbu, cu titulatura \u201eSf\u00e2ntul Preot Mucenic Constantin S\u00e2rbu\u201d;<\/p>\n<p>&nbsp;<\/p>\n<p>10 noiembrie: P\u0103rintele arhimandrit Visarion Toia, stare\u021bul M\u0103n\u0103stirii Lainici, cu titulatura \u201eSf\u00e2ntul Cuvios Mucenic Visarion de la Lainici\u201d;<\/p>\n<p>&nbsp;<\/p>\n<p>28 noiembrie: P\u0103rintele protosinghel Arsenie Boca, cu titulatura \u201eSf\u00e2ntul Cuvios M\u0103rturisitor Arsenie de la Prislop\u201d;<\/p>\n<p>&nbsp;<\/p>\n<p>02 decembrie:<\/p>\n<p>&nbsp;<\/p>\n<p>*P\u0103rintele arhimandrit Cleopa Ilie, stare\u021bul M\u0103n\u0103stirii Sih\u0103stria, cu titulatura: Sf\u00e2ntul Cuvios Cleopa de la Sih\u0103stria;<\/p>\n<p>&nbsp;<\/p>\n<p>*P\u0103rintele ieroschimonah Paisie Olaru, duhovnicul M\u0103n\u0103stirii Sih\u0103stria, cu titulatura: Sf\u00e2ntul Cuvios Paisie de la Sih\u0103stria;<\/p>\n<p>&nbsp;<\/p>\n<p>20 decembrie: P\u0103rintele arhimandrit Serafim Popescu, stare\u021bul M\u0103n\u0103stirii S\u00e2mb\u0103ta de Sus, cu titulatura: Sf\u00e2ntul Cuvios Serafim cel R\u0103bd\u0103tor de la S\u00e2mb\u0103ta de Sus;<\/p>\n<p>&nbsp;<\/p>\n<p>26 decembrie: P\u0103rintele arhimandrit Gherasim Iscu, stare\u021bul M\u0103n\u0103stirii Tismana, cu titulatura: Sf\u00e2ntul Cuvios Mucenic Gherasim de la Tismana;<\/p>\n<p>&nbsp;<\/p>\n<p>08 martie: P\u0103rintele Liviu Galaction Munteanu, profesor de teologie la Cluj-Napoca, cu titulatura \u201eSf\u00e2ntul Preot Mucenic Liviu Galaction de la Cluj\u201d;<\/p>\n<p>&nbsp;<\/p>\n<p>10 mai: P\u0103rintele protosinghel Calistrat Bobu, duhovnic la M\u0103n\u0103stirea Timi\u0219eni \u0219i la M\u0103n\u0103stirea Vasiova, cu titulatura \u201eSf\u00e2ntul Cuvios Calistrat de la Timi\u0219eni \u0219i Vasiova\u201d;<\/p>\n<p>&nbsp;<\/p>\n<p>06 iulie: P\u0103rintele arhimandrit Dometie Manolache, cu titulatura: Sf\u00e2ntul Cuvios Dometie cel Milostiv de la R\u00e2me\u021b;<\/p>\n<p>&nbsp;<\/p>\n<p>22 iulie: P\u0103rintele Ilie L\u0103c\u0103tu\u0219u, cu titulatura \u201eSf\u00e2ntul Preot M\u0103rturisitor Ilie L\u0103c\u0103tu\u0219u\u201d;<\/p>\n<p>&nbsp;<\/p>\n<p>03 august: P\u0103rintele protosinghel Iraclie Flocea, exarh al m\u0103n\u0103stirilor din Arhiepiscopia Chi\u0219in\u0103ului, cu titulatura \u201eSf\u00e2ntul Cuvios Iraclie din Basarabia\u201d;<\/p>\n<p>&nbsp;<\/p>\n<p>08 august: P\u0103rintele protoiereu Alexandru Baltaga cu titulatura \u201eSf\u00e2ntul Preot Mucenic Alexandru din Basarabia\u201d.<\/p>\n<p>&nbsp;<\/p>\n<p>Demersul canoniz\u0103rii celor 16 preo\u021bi cu via\u021b\u0103 sf\u00e2nt\u0103 din secolul al XX-lea are loc \u00een contextul s\u0103rb\u0103toririi \u00een 2025 a o sut\u0103 de ani de la ridicarea Bisericii Ortodoxe Rom\u00e2ne la rangul de Patriarhie. Anul nou bisericesc \u00eencepe la 1 septembrie. \u00cen schimb, calendarul bisericesc tip\u0103rit \u00eencepe, ca \u0219i cel civil, la 1 ianuarie. Prin urmare, cel mai probabil e ca numele nou-recunoscu\u021bilor sfin\u021bi s\u0103 fie ad\u0103ugate \u00een calendarul bisericesc pe anul 2025.<\/p>\n<p>&nbsp;<\/p>\n<p>Este posibil ca, prin aceste canoniz\u0103ri, B.O.R. s\u0103 dea o replic\u0103 faptului c\u0103, pe de o parte, catolicii au beatificat (canonizat) deja mai mul\u021bi preo\u021bi de-ai lor care au p\u0103timit sub regimul comunist din Rom\u00e2nia, iar, pe de alt\u0103 parte, ateii au ini\u021biat campanii furibunde de \u00eenfierare a unora dintre preo\u021bii ortodoc\u0219i deja cinsti\u021bi \u00een popor ca sfin\u021bi, atribuindu-le \u00een mod nedrept acuza\u021bii din arsenalul de minciuni ale poli\u021biei politice comuniste, cea care i-a persecutat \u0219i i-a martirizat \u00een timpul vie\u021bii. Or, nu se cuvenea ca, dup\u0103 c\u0103derea comunismului, ace\u0219ti p\u0103timitori nevinova\u021bi s\u0103 fie macula\u021bi a doua oar\u0103, cu acelea\u0219i metode ca \u00een timpul dictaturii comuniste.<\/p>\n<p>&nbsp;<\/p>\n<p>Recunosc\u00e2ndu-le sfin\u021benia \u0219i via\u021ba irepro\u0219abil\u0103, Biserica Ortodox\u0103 Rom\u00e2n\u0103, indirect, \u00eei reabiliteaz\u0103 pe ace\u0219ti m\u0103rturisitori ai dreptei-credin\u021be \u0219i \u00een con\u0219tiin\u021ba public\u0103 rom\u00e2neasc\u0103. Un demers cu at\u00e2t mai salutar cu c\u00e2t, \u00een multe domenii, societatea noastr\u0103 nu s-a vindecat pe deplin de tarele comunismului, pe unele chiar av\u00e2nd tendin\u021ba s\u0103 le recicleze sub umbrela fragilei noastre democra\u021bii.<\/p>\n<p>&nbsp;<\/p>\n<p>De aceea, prin recunoa\u0219terea sfin\u021beniei unor membri ai clerului persecuta\u021bi sub dictatura comunist\u0103, B.O.R. face un pas ferm prin care se delimiteaz\u0103 de p\u0103catele jum\u0103t\u0103\u021bii comuniste a secolului al XX-lea.<\/p>\n","protected":false},"excerpt":{"rendered":"<p>S-a f\u0103cut dreptate pentru P\u0103rintele Arsenie Boca \u0219i o pleiad\u0103 \u00eentreag\u0103 de preo\u021bi ortodoc\u0219i persecuta\u021bi politic \u2013 inclusiv martiriza\u021bi \u2013 \u00een timpul regimului comunist, precum \u0219i pentru doi preo\u021bi rom\u00e2ni din Basarabia ocupat\u0103 de sovietici. Printre cei 16 sfin\u021bi recent recunoscu\u021bi de B.O.R. se afl\u0103 \u0219i c\u00e2\u021biva stare\u021bi sau ieromonahi cu via\u021b\u0103 sf\u00e2nt\u0103 de prin [&hellip;]<\/p>\n","protected":false},"author":3,"featured_media":2376,"comment_status":"open","ping_status":"open","sticky":false,"template":"","format":"standard","meta":{"footnotes":""},"categories":[31,3,2],"tags":[2483,2485,2488,2490,2491,2493,2494,2495,2496,2497,2498,1427,1601,2499,2500,125,143,2501,2502,2503,2504,2506,2507,2508,2509,2510,2511,2512,2513,2514,2515,2516,2517,1598,2518,2519,2520,2521,2522],"class_list":["post-2374","post","type-post","status-publish","format-standard","has-post-thumbnail","hentry","category-cultura","category-religie","category-stiri","tag-canonizare","tag-facultatea-de-teologie-ilarion-v-felea-din-arad","tag-facultatea-de-teologie-ortodoxa-din-sibiu","tag-manastirea-antim","tag-manastirea-prislop","tag-mitropolia-basarabiei","tag-parintele-arsenie-boca","tag-parintele-dumitru-staniloae","tag-parintele-gherasim-iscu","tag-parintele-ilie-cleopa","tag-parintele-paisie-olaru","tag-patriarhia-romana","tag-pr-ilarion-v-felea","tag-pr-prof-dumitru-staniloae","tag-protos-iraclie-flocea","tag-republica-moldova","tag-romania","tag-sf-cuv-calistrat-bobu-de-la-timiseni-si-vasiova","tag-sf-cuv-dometie-manolache-cel-milostiv","tag-sf-cuv-iraclie-din-basarabia","tag-sf-cuvios-serafim-popescu","tag-sf-pr-marturisitor-ilie-lacatusu","tag-sf-pr-mucenic-alexandru-baltaga-din-basarabia","tag-sf-preot-mucenic-constantin-sarbu","tag-sfanta-manastire-lainici","tag-sfanta-manastire-prislop","tag-sfanta-manastire-ramet","tag-sfanta-manastire-sihastria","tag-sfanta-manastire-tismana","tag-sfinti-martiri","tag-sfinti-marturisitori","tag-sfinti-mucenici","tag-sfinti-romani","tag-sfintii-inchisorilor","tag-sinodul-bor","tag-soborul-sfintilor-romani","tag-sofian-boghiu","tag-victimele-comunismului","tag-visarion-toia-de-la-lainici"],"yoast_head":"<!-- This site is optimized with the Yoast SEO plugin v24.4 - https:\/\/yoast.com\/wordpress\/plugins\/seo\/ -->\n<title>Sf\u00e2ntul Cuvios M\u0103rturisitor Arsenie de la Prislop va fi numele din calendar al P\u0103rintelui Boca. Patriarhia Rom\u00e2n\u0103 a canonizat 16 preo\u021bi care au \u00eenfruntat comunismul ateist. Doi sunt din Basarabia - RoExit<\/title>\n<meta name=\"robots\" content=\"index, follow, max-snippet:-1, max-image-preview:large, max-video-preview:-1\" \/>\n<link rel=\"canonical\" href=\"https:\/\/roexit.info\/?p=2374\" \/>\n<meta property=\"og:locale\" content=\"ro_RO\" \/>\n<meta property=\"og:type\" content=\"article\" \/>\n<meta property=\"og:title\" content=\"Sf\u00e2ntul Cuvios M\u0103rturisitor Arsenie de la Prislop va fi numele din calendar al P\u0103rintelui Boca. Patriarhia Rom\u00e2n\u0103 a canonizat 16 preo\u021bi care au \u00eenfruntat comunismul ateist. Doi sunt din Basarabia - RoExit\" \/>\n<meta property=\"og:description\" content=\"S-a f\u0103cut dreptate pentru P\u0103rintele Arsenie Boca \u0219i o pleiad\u0103 \u00eentreag\u0103 de preo\u021bi ortodoc\u0219i persecuta\u021bi politic \u2013 inclusiv martiriza\u021bi \u2013 \u00een timpul regimului comunist, precum \u0219i pentru doi preo\u021bi rom\u00e2ni din Basarabia ocupat\u0103 de sovietici. Printre cei 16 sfin\u021bi recent recunoscu\u021bi de B.O.R. se afl\u0103 \u0219i c\u00e2\u021biva stare\u021bi sau ieromonahi cu via\u021b\u0103 sf\u00e2nt\u0103 de prin [&hellip;]\" \/>\n<meta property=\"og:url\" content=\"https:\/\/roexit.info\/?p=2374\" \/>\n<meta property=\"og:site_name\" content=\"RoExit\" \/>\n<meta property=\"article:published_time\" content=\"2024-07-13T21:11:43+00:00\" \/>\n<meta property=\"article:modified_time\" content=\"2025-10-21T15:49:46+00:00\" \/>\n<meta property=\"og:image\" content=\"https:\/\/roexit.info\/wp-content\/uploads\/2024\/07\/Screenshot_20240714-0009112-1024x846.png\" \/>\n\t<meta property=\"og:image:width\" content=\"1024\" \/>\n\t<meta property=\"og:image:height\" content=\"846\" \/>\n\t<meta property=\"og:image:type\" content=\"image\/png\" \/>\n<meta name=\"author\" content=\"P\u00e2r\u0103u Vlad\" \/>\n<meta name=\"twitter:card\" content=\"summary_large_image\" \/>\n<meta name=\"twitter:label1\" content=\"Scris de\" \/>\n\t<meta name=\"twitter:data1\" content=\"P\u00e2r\u0103u Vlad\" \/>\n\t<meta name=\"twitter:label2\" content=\"Timp estimat pentru citire\" \/>\n\t<meta name=\"twitter:data2\" content=\"5 minute\" \/>\n<script type=\"application\/ld+json\" class=\"yoast-schema-graph\">{\"@context\":\"https:\/\/schema.org\",\"@graph\":[{\"@type\":\"Article\",\"@id\":\"https:\/\/roexit.info\/?p=2374#article\",\"isPartOf\":{\"@id\":\"https:\/\/roexit.info\/?p=2374\"},\"author\":{\"name\":\"P\u00e2r\u0103u Vlad\",\"@id\":\"https:\/\/roexit.info\/#\/schema\/person\/3822a7ccbd940791ab5628bbe51086c1\"},\"headline\":\"Sf\u00e2ntul Cuvios M\u0103rturisitor Arsenie de la Prislop va fi numele din calendar al P\u0103rintelui Boca. Patriarhia Rom\u00e2n\u0103 a canonizat 16 preo\u021bi care au \u00eenfruntat comunismul ateist. Doi sunt din Basarabia\",\"datePublished\":\"2024-07-13T21:11:43+00:00\",\"dateModified\":\"2025-10-21T15:49:46+00:00\",\"mainEntityOfPage\":{\"@id\":\"https:\/\/roexit.info\/?p=2374\"},\"wordCount\":995,\"commentCount\":0,\"publisher\":{\"@id\":\"https:\/\/roexit.info\/#organization\"},\"image\":{\"@id\":\"https:\/\/roexit.info\/?p=2374#primaryimage\"},\"thumbnailUrl\":\"https:\/\/roexit.info\/wp-content\/uploads\/2024\/07\/Screenshot_20240714-0009112.png\",\"keywords\":[\"canonizare\",\"Facultatea de Teologie Ilarion V. Felea din Arad\",\"Facultatea de Teologie Ortodox\u0103 din Sibiu\",\"M\u0103n\u0103stirea Antim\",\"M\u0103n\u0103stirea Prislop\",\"Mitropolia Basarabiei\",\"P\u0103rintele Arsenie Boca\",\"p\u0103rintele Dumitru St\u0103niloae\",\"P\u0103rintele Gherasim Iscu\",\"P\u0103rintele Ilie Cleopa\",\"P\u0103rintele Paisie Olaru\",\"Patriarhia Rom\u00e2n\u0103\",\"Pr Ilarion V Felea\",\"Pr Prof Dumitru St\u0103niloae\",\"Protos Iraclie Flocea\",\"Republica Moldova\",\"Rom\u00e2nia\",\"Sf Cuv Calistrat Bobu de la Timi\u0219eni \u0219i Vasiova\",\"Sf Cuv Dometie Manolache cel Milostiv\",\"Sf Cuv Iraclie din Basarabia\",\"Sf Cuvios Serafim Popescu\",\"Sf Pr M\u0103rturisitor Ilie L\u0103c\u0103tu\u0219u\",\"Sf Pr Mucenic Alexandru Baltaga din Basarabia\",\"Sf Preot Mucenic Constantin S\u00e2rbu\",\"Sf\u00e2nta M\u0103n\u0103stire Lainici\",\"Sf\u00e2nta M\u0103n\u0103stire Prislop\",\"Sf\u00e2nta M\u0103n\u0103stire R\u00e2me\u021b\",\"Sf\u00e2nta M\u0103n\u0103stire Sih\u0103stria\",\"Sf\u00e2nta M\u0103n\u0103stire Tismana\",\"sfin\u021bi martiri\",\"sfin\u021bi m\u0103rturisitori\",\"sfin\u021bi mucenici\",\"sfin\u021bi rom\u00e2ni\",\"sfin\u021bii \u00eenchisorilor\",\"Sinodul BOR\",\"Soborul Sfin\u021bilor Rom\u00e2ni\",\"Sofian Boghiu\",\"victimele comunismului\",\"Visarion Toia de la Lainici\"],\"articleSection\":[\"Cultur\u0103\",\"Religie\",\"\u0218tiri\"],\"inLanguage\":\"ro-RO\",\"potentialAction\":[{\"@type\":\"CommentAction\",\"name\":\"Comment\",\"target\":[\"https:\/\/roexit.info\/?p=2374#respond\"]}]},{\"@type\":\"WebPage\",\"@id\":\"https:\/\/roexit.info\/?p=2374\",\"url\":\"https:\/\/roexit.info\/?p=2374\",\"name\":\"Sf\u00e2ntul Cuvios M\u0103rturisitor Arsenie de la Prislop va fi numele din calendar al P\u0103rintelui Boca. Patriarhia Rom\u00e2n\u0103 a canonizat 16 preo\u021bi care au \u00eenfruntat comunismul ateist. Doi sunt din Basarabia - RoExit\",\"isPartOf\":{\"@id\":\"https:\/\/roexit.info\/#website\"},\"primaryImageOfPage\":{\"@id\":\"https:\/\/roexit.info\/?p=2374#primaryimage\"},\"image\":{\"@id\":\"https:\/\/roexit.info\/?p=2374#primaryimage\"},\"thumbnailUrl\":\"https:\/\/roexit.info\/wp-content\/uploads\/2024\/07\/Screenshot_20240714-0009112.png\",\"datePublished\":\"2024-07-13T21:11:43+00:00\",\"dateModified\":\"2025-10-21T15:49:46+00:00\",\"breadcrumb\":{\"@id\":\"https:\/\/roexit.info\/?p=2374#breadcrumb\"},\"inLanguage\":\"ro-RO\",\"potentialAction\":[{\"@type\":\"ReadAction\",\"target\":[\"https:\/\/roexit.info\/?p=2374\"]}]},{\"@type\":\"ImageObject\",\"inLanguage\":\"ro-RO\",\"@id\":\"https:\/\/roexit.info\/?p=2374#primaryimage\",\"url\":\"https:\/\/roexit.info\/wp-content\/uploads\/2024\/07\/Screenshot_20240714-0009112.png\",\"contentUrl\":\"https:\/\/roexit.info\/wp-content\/uploads\/2024\/07\/Screenshot_20240714-0009112.png\",\"width\":1200,\"height\":991},{\"@type\":\"BreadcrumbList\",\"@id\":\"https:\/\/roexit.info\/?p=2374#breadcrumb\",\"itemListElement\":[{\"@type\":\"ListItem\",\"position\":1,\"name\":\"Prima pagin\u0103\",\"item\":\"https:\/\/roexit.info\/\"},{\"@type\":\"ListItem\",\"position\":2,\"name\":\"Sf\u00e2ntul Cuvios M\u0103rturisitor Arsenie de la Prislop va fi numele din calendar al P\u0103rintelui Boca. Patriarhia Rom\u00e2n\u0103 a canonizat 16 preo\u021bi care au \u00eenfruntat comunismul ateist. Doi sunt din Basarabia\"}]},{\"@type\":\"WebSite\",\"@id\":\"https:\/\/roexit.info\/#website\",\"url\":\"https:\/\/roexit.info\/\",\"name\":\"RoExit\",\"description\":\"UE la co\u0219ul de gunoi al istoriei\",\"publisher\":{\"@id\":\"https:\/\/roexit.info\/#organization\"},\"potentialAction\":[{\"@type\":\"SearchAction\",\"target\":{\"@type\":\"EntryPoint\",\"urlTemplate\":\"https:\/\/roexit.info\/?s={search_term_string}\"},\"query-input\":{\"@type\":\"PropertyValueSpecification\",\"valueRequired\":true,\"valueName\":\"search_term_string\"}}],\"inLanguage\":\"ro-RO\"},{\"@type\":\"Organization\",\"@id\":\"https:\/\/roexit.info\/#organization\",\"name\":\"RoExit\",\"url\":\"https:\/\/roexit.info\/\",\"logo\":{\"@type\":\"ImageObject\",\"inLanguage\":\"ro-RO\",\"@id\":\"https:\/\/roexit.info\/#\/schema\/logo\/image\/\",\"url\":\"https:\/\/roexit.info\/wp-content\/uploads\/2023\/12\/cropped-logo-vsrianta-2.jpeg\",\"contentUrl\":\"https:\/\/roexit.info\/wp-content\/uploads\/2023\/12\/cropped-logo-vsrianta-2.jpeg\",\"width\":358,\"height\":277,\"caption\":\"RoExit\"},\"image\":{\"@id\":\"https:\/\/roexit.info\/#\/schema\/logo\/image\/\"}},{\"@type\":\"Person\",\"@id\":\"https:\/\/roexit.info\/#\/schema\/person\/3822a7ccbd940791ab5628bbe51086c1\",\"name\":\"P\u00e2r\u0103u Vlad\",\"image\":{\"@type\":\"ImageObject\",\"inLanguage\":\"ro-RO\",\"@id\":\"https:\/\/roexit.info\/#\/schema\/person\/image\/\",\"url\":\"https:\/\/secure.gravatar.com\/avatar\/14aff8b17897b19faac02aca2a116530d9e5c8912df6512c1bf3efb45f65a5f7?s=96&d=mm&r=g\",\"contentUrl\":\"https:\/\/secure.gravatar.com\/avatar\/14aff8b17897b19faac02aca2a116530d9e5c8912df6512c1bf3efb45f65a5f7?s=96&d=mm&r=g\",\"caption\":\"P\u00e2r\u0103u Vlad\"},\"description\":\"Redactor\/Editor at ROexit.info Redactor at Cerul, codrul \u0219i p\u00e2r\u0103ul Studied at Universitatea Lucian Blaga Sibiu\",\"sameAs\":[\"http:\/\/roexit.info\"],\"url\":\"https:\/\/roexit.info\/?author=3\"}]}<\/script>\n<!-- \/ Yoast SEO plugin. -->","yoast_head_json":{"title":"Sf\u00e2ntul Cuvios M\u0103rturisitor Arsenie de la Prislop va fi numele din calendar al P\u0103rintelui Boca. Patriarhia Rom\u00e2n\u0103 a canonizat 16 preo\u021bi care au \u00eenfruntat comunismul ateist. Doi sunt din Basarabia - RoExit","robots":{"index":"index","follow":"follow","max-snippet":"max-snippet:-1","max-image-preview":"max-image-preview:large","max-video-preview":"max-video-preview:-1"},"canonical":"https:\/\/roexit.info\/?p=2374","og_locale":"ro_RO","og_type":"article","og_title":"Sf\u00e2ntul Cuvios M\u0103rturisitor Arsenie de la Prislop va fi numele din calendar al P\u0103rintelui Boca. Patriarhia Rom\u00e2n\u0103 a canonizat 16 preo\u021bi care au \u00eenfruntat comunismul ateist. Doi sunt din Basarabia - RoExit","og_description":"S-a f\u0103cut dreptate pentru P\u0103rintele Arsenie Boca \u0219i o pleiad\u0103 \u00eentreag\u0103 de preo\u021bi ortodoc\u0219i persecuta\u021bi politic \u2013 inclusiv martiriza\u021bi \u2013 \u00een timpul regimului comunist, precum \u0219i pentru doi preo\u021bi rom\u00e2ni din Basarabia ocupat\u0103 de sovietici. Printre cei 16 sfin\u021bi recent recunoscu\u021bi de B.O.R. se afl\u0103 \u0219i c\u00e2\u021biva stare\u021bi sau ieromonahi cu via\u021b\u0103 sf\u00e2nt\u0103 de prin [&hellip;]","og_url":"https:\/\/roexit.info\/?p=2374","og_site_name":"RoExit","article_published_time":"2024-07-13T21:11:43+00:00","article_modified_time":"2025-10-21T15:49:46+00:00","og_image":[{"width":1024,"height":846,"url":"https:\/\/roexit.info\/wp-content\/uploads\/2024\/07\/Screenshot_20240714-0009112-1024x846.png","type":"image\/png"}],"author":"P\u00e2r\u0103u Vlad","twitter_card":"summary_large_image","twitter_misc":{"Scris de":"P\u00e2r\u0103u Vlad","Timp estimat pentru citire":"5 minute"},"schema":{"@context":"https:\/\/schema.org","@graph":[{"@type":"Article","@id":"https:\/\/roexit.info\/?p=2374#article","isPartOf":{"@id":"https:\/\/roexit.info\/?p=2374"},"author":{"name":"P\u00e2r\u0103u Vlad","@id":"https:\/\/roexit.info\/#\/schema\/person\/3822a7ccbd940791ab5628bbe51086c1"},"headline":"Sf\u00e2ntul Cuvios M\u0103rturisitor Arsenie de la Prislop va fi numele din calendar al P\u0103rintelui Boca. Patriarhia Rom\u00e2n\u0103 a canonizat 16 preo\u021bi care au \u00eenfruntat comunismul ateist. Doi sunt din Basarabia","datePublished":"2024-07-13T21:11:43+00:00","dateModified":"2025-10-21T15:49:46+00:00","mainEntityOfPage":{"@id":"https:\/\/roexit.info\/?p=2374"},"wordCount":995,"commentCount":0,"publisher":{"@id":"https:\/\/roexit.info\/#organization"},"image":{"@id":"https:\/\/roexit.info\/?p=2374#primaryimage"},"thumbnailUrl":"https:\/\/roexit.info\/wp-content\/uploads\/2024\/07\/Screenshot_20240714-0009112.png","keywords":["canonizare","Facultatea de Teologie Ilarion V. Felea din Arad","Facultatea de Teologie Ortodox\u0103 din Sibiu","M\u0103n\u0103stirea Antim","M\u0103n\u0103stirea Prislop","Mitropolia Basarabiei","P\u0103rintele Arsenie Boca","p\u0103rintele Dumitru St\u0103niloae","P\u0103rintele Gherasim Iscu","P\u0103rintele Ilie Cleopa","P\u0103rintele Paisie Olaru","Patriarhia Rom\u00e2n\u0103","Pr Ilarion V Felea","Pr Prof Dumitru St\u0103niloae","Protos Iraclie Flocea","Republica Moldova","Rom\u00e2nia","Sf Cuv Calistrat Bobu de la Timi\u0219eni \u0219i Vasiova","Sf Cuv Dometie Manolache cel Milostiv","Sf Cuv Iraclie din Basarabia","Sf Cuvios Serafim Popescu","Sf Pr M\u0103rturisitor Ilie L\u0103c\u0103tu\u0219u","Sf Pr Mucenic Alexandru Baltaga din Basarabia","Sf Preot Mucenic Constantin S\u00e2rbu","Sf\u00e2nta M\u0103n\u0103stire Lainici","Sf\u00e2nta M\u0103n\u0103stire Prislop","Sf\u00e2nta M\u0103n\u0103stire R\u00e2me\u021b","Sf\u00e2nta M\u0103n\u0103stire Sih\u0103stria","Sf\u00e2nta M\u0103n\u0103stire Tismana","sfin\u021bi martiri","sfin\u021bi m\u0103rturisitori","sfin\u021bi mucenici","sfin\u021bi rom\u00e2ni","sfin\u021bii \u00eenchisorilor","Sinodul BOR","Soborul Sfin\u021bilor Rom\u00e2ni","Sofian Boghiu","victimele comunismului","Visarion Toia de la Lainici"],"articleSection":["Cultur\u0103","Religie","\u0218tiri"],"inLanguage":"ro-RO","potentialAction":[{"@type":"CommentAction","name":"Comment","target":["https:\/\/roexit.info\/?p=2374#respond"]}]},{"@type":"WebPage","@id":"https:\/\/roexit.info\/?p=2374","url":"https:\/\/roexit.info\/?p=2374","name":"Sf\u00e2ntul Cuvios M\u0103rturisitor Arsenie de la Prislop va fi numele din calendar al P\u0103rintelui Boca. Patriarhia Rom\u00e2n\u0103 a canonizat 16 preo\u021bi care au \u00eenfruntat comunismul ateist. Doi sunt din Basarabia - RoExit","isPartOf":{"@id":"https:\/\/roexit.info\/#website"},"primaryImageOfPage":{"@id":"https:\/\/roexit.info\/?p=2374#primaryimage"},"image":{"@id":"https:\/\/roexit.info\/?p=2374#primaryimage"},"thumbnailUrl":"https:\/\/roexit.info\/wp-content\/uploads\/2024\/07\/Screenshot_20240714-0009112.png","datePublished":"2024-07-13T21:11:43+00:00","dateModified":"2025-10-21T15:49:46+00:00","breadcrumb":{"@id":"https:\/\/roexit.info\/?p=2374#breadcrumb"},"inLanguage":"ro-RO","potentialAction":[{"@type":"ReadAction","target":["https:\/\/roexit.info\/?p=2374"]}]},{"@type":"ImageObject","inLanguage":"ro-RO","@id":"https:\/\/roexit.info\/?p=2374#primaryimage","url":"https:\/\/roexit.info\/wp-content\/uploads\/2024\/07\/Screenshot_20240714-0009112.png","contentUrl":"https:\/\/roexit.info\/wp-content\/uploads\/2024\/07\/Screenshot_20240714-0009112.png","width":1200,"height":991},{"@type":"BreadcrumbList","@id":"https:\/\/roexit.info\/?p=2374#breadcrumb","itemListElement":[{"@type":"ListItem","position":1,"name":"Prima pagin\u0103","item":"https:\/\/roexit.info\/"},{"@type":"ListItem","position":2,"name":"Sf\u00e2ntul Cuvios M\u0103rturisitor Arsenie de la Prislop va fi numele din calendar al P\u0103rintelui Boca. Patriarhia Rom\u00e2n\u0103 a canonizat 16 preo\u021bi care au \u00eenfruntat comunismul ateist. Doi sunt din Basarabia"}]},{"@type":"WebSite","@id":"https:\/\/roexit.info\/#website","url":"https:\/\/roexit.info\/","name":"RoExit","description":"UE la co\u0219ul de gunoi al istoriei","publisher":{"@id":"https:\/\/roexit.info\/#organization"},"potentialAction":[{"@type":"SearchAction","target":{"@type":"EntryPoint","urlTemplate":"https:\/\/roexit.info\/?s={search_term_string}"},"query-input":{"@type":"PropertyValueSpecification","valueRequired":true,"valueName":"search_term_string"}}],"inLanguage":"ro-RO"},{"@type":"Organization","@id":"https:\/\/roexit.info\/#organization","name":"RoExit","url":"https:\/\/roexit.info\/","logo":{"@type":"ImageObject","inLanguage":"ro-RO","@id":"https:\/\/roexit.info\/#\/schema\/logo\/image\/","url":"https:\/\/roexit.info\/wp-content\/uploads\/2023\/12\/cropped-logo-vsrianta-2.jpeg","contentUrl":"https:\/\/roexit.info\/wp-content\/uploads\/2023\/12\/cropped-logo-vsrianta-2.jpeg","width":358,"height":277,"caption":"RoExit"},"image":{"@id":"https:\/\/roexit.info\/#\/schema\/logo\/image\/"}},{"@type":"Person","@id":"https:\/\/roexit.info\/#\/schema\/person\/3822a7ccbd940791ab5628bbe51086c1","name":"P\u00e2r\u0103u Vlad","image":{"@type":"ImageObject","inLanguage":"ro-RO","@id":"https:\/\/roexit.info\/#\/schema\/person\/image\/","url":"https:\/\/secure.gravatar.com\/avatar\/14aff8b17897b19faac02aca2a116530d9e5c8912df6512c1bf3efb45f65a5f7?s=96&d=mm&r=g","contentUrl":"https:\/\/secure.gravatar.com\/avatar\/14aff8b17897b19faac02aca2a116530d9e5c8912df6512c1bf3efb45f65a5f7?s=96&d=mm&r=g","caption":"P\u00e2r\u0103u Vlad"},"description":"Redactor\/Editor at ROexit.info Redactor at Cerul, codrul \u0219i p\u00e2r\u0103ul Studied at Universitatea Lucian Blaga Sibiu","sameAs":["http:\/\/roexit.info"],"url":"https:\/\/roexit.info\/?author=3"}]}},"_links":{"self":[{"href":"https:\/\/roexit.info\/index.php?rest_route=\/wp\/v2\/posts\/2374","targetHints":{"allow":["GET"]}}],"collection":[{"href":"https:\/\/roexit.info\/index.php?rest_route=\/wp\/v2\/posts"}],"about":[{"href":"https:\/\/roexit.info\/index.php?rest_route=\/wp\/v2\/types\/post"}],"author":[{"embeddable":true,"href":"https:\/\/roexit.info\/index.php?rest_route=\/wp\/v2\/users\/3"}],"replies":[{"embeddable":true,"href":"https:\/\/roexit.info\/index.php?rest_route=%2Fwp%2Fv2%2Fcomments&post=2374"}],"version-history":[{"count":2,"href":"https:\/\/roexit.info\/index.php?rest_route=\/wp\/v2\/posts\/2374\/revisions"}],"predecessor-version":[{"id":2377,"href":"https:\/\/roexit.info\/index.php?rest_route=\/wp\/v2\/posts\/2374\/revisions\/2377"}],"wp:featuredmedia":[{"embeddable":true,"href":"https:\/\/roexit.info\/index.php?rest_route=\/wp\/v2\/media\/2376"}],"wp:attachment":[{"href":"https:\/\/roexit.info\/index.php?rest_route=%2Fwp%2Fv2%2Fmedia&parent=2374"}],"wp:term":[{"taxonomy":"category","embeddable":true,"href":"https:\/\/roexit.info\/index.php?rest_route=%2Fwp%2Fv2%2Fcategories&post=2374"},{"taxonomy":"post_tag","embeddable":true,"href":"https:\/\/roexit.info\/index.php?rest_route=%2Fwp%2Fv2%2Ftags&post=2374"}],"curies":[{"name":"wp","href":"https:\/\/api.w.org\/{rel}","templated":true}]}}