{"id":2582,"date":"2024-12-10T23:07:48","date_gmt":"2024-12-10T23:07:48","guid":{"rendered":"https:\/\/roexit.info\/?p=2582"},"modified":"2025-10-21T15:50:57","modified_gmt":"2025-10-21T15:50:57","slug":"in-lipsa-votului-schingiuim-mouse-ul-caricatura-zilei","status":"publish","type":"post","link":"https:\/\/roexit.info\/?p=2582","title":{"rendered":"\u00cen lipsa votului, schingiuim mouse-ul. CARICATURA ZILEI"},"content":{"rendered":"<p><strong>Acum, c\u0103 patimile electorale s-au epuizat o dat\u0103 cu anularea posibilit\u0103\u021bii de a vota, at\u00e2t cei care \u021bineau cu Lasconi, c\u00e2t \u0219i cei care \u021bineau cu Georgescu au posibilitatea s\u0103-\u0219i verse \u00een mod constructiv furia pe mouse-ul din imagine, care \u00een cur\u00e2nd va intra \u00een produc\u021bie de mass\u0103.<\/strong><\/p>\n<p><span class=\"x193iq5w xeuugli x13faqbe x1vvkbs x1xmvt09 x1lliihq x1s928wv xhkezso x1gmr53x x1cpjm7i x1fgarty x1943h6x xudqn12 x3x7a5m x6prxxf xvq8zen xo1l8bm xzsf02u\" dir=\"auto\">\u201eMouse-ul fermecat <br class=\"html-br\" \/>Pe care ape\u0219i ca un turbat<br class=\"html-br\" \/>Te face s\u0103 ai target-ul asigurat!<br class=\"html-br\" \/>(Produc\u021bie limitat\u0103, productivitate asigurat\u0103!)\u201d<\/span><\/p>\n<p><img  title=\"RoExit\" loading=\"lazy\" decoding=\"async\" class=\"alignnone size-medium wp-image-2583\" src=\"https:\/\/roexit.info\/wp-content\/uploads\/2024\/12\/escu-oni-anis-284x300.jpg\"  alt=\"escu-oni-anis-284x300 \u00cen lipsa votului, schingiuim mouse-ul. CARICATURA ZILEI\"  width=\"284\" height=\"300\" srcset=\"https:\/\/roexit.info\/wp-content\/uploads\/2024\/12\/escu-oni-anis-284x300.jpg 284w, https:\/\/roexit.info\/wp-content\/uploads\/2024\/12\/escu-oni-anis-968x1024.jpg 968w, https:\/\/roexit.info\/wp-content\/uploads\/2024\/12\/escu-oni-anis-768x813.jpg 768w, https:\/\/roexit.info\/wp-content\/uploads\/2024\/12\/escu-oni-anis.jpg 1070w\" sizes=\"auto, (max-width: 284px) 100vw, 284px\" \/><\/p>\n","protected":false},"excerpt":{"rendered":"<p>Acum, c\u0103 patimile electorale s-au epuizat o dat\u0103 cu anularea posibilit\u0103\u021bii de a vota, at\u00e2t cei care \u021bineau cu Lasconi, c\u00e2t \u0219i cei care \u021bineau cu Georgescu au posibilitatea s\u0103-\u0219i verse \u00een mod constructiv furia pe mouse-ul din imagine, care \u00een cur\u00e2nd va intra \u00een produc\u021bie de mass\u0103. \u201eMouse-ul fermecat Pe care ape\u0219i ca un [&hellip;]<\/p>\n","protected":false},"author":3,"featured_media":2583,"comment_status":"open","ping_status":"open","sticky":false,"template":"","format":"standard","meta":{"footnotes":""},"categories":[32,290,413,33,4],"tags":[],"class_list":["post-2582","post","type-post","status-publish","format-standard","has-post-thumbnail","hentry","category-opinii","category-politica","category-pretul-zilei","category-umor","category-stil_de_viata"],"yoast_head":"<!-- This site is optimized with the Yoast SEO plugin v24.4 - https:\/\/yoast.com\/wordpress\/plugins\/seo\/ -->\n<title>\u00cen lipsa votului, schingiuim mouse-ul. CARICATURA ZILEI - RoExit<\/title>\n<meta name=\"robots\" content=\"index, follow, max-snippet:-1, max-image-preview:large, max-video-preview:-1\" \/>\n<link rel=\"canonical\" href=\"https:\/\/roexit.info\/?p=2582\" \/>\n<meta property=\"og:locale\" content=\"ro_RO\" \/>\n<meta property=\"og:type\" content=\"article\" \/>\n<meta property=\"og:title\" content=\"\u00cen lipsa votului, schingiuim mouse-ul. CARICATURA ZILEI - RoExit\" \/>\n<meta property=\"og:description\" content=\"Acum, c\u0103 patimile electorale s-au epuizat o dat\u0103 cu anularea posibilit\u0103\u021bii de a vota, at\u00e2t cei care \u021bineau cu Lasconi, c\u00e2t \u0219i cei care \u021bineau cu Georgescu au posibilitatea s\u0103-\u0219i verse \u00een mod constructiv furia pe mouse-ul din imagine, care \u00een cur\u00e2nd va intra \u00een produc\u021bie de mass\u0103. \u201eMouse-ul fermecat Pe care ape\u0219i ca un [&hellip;]\" \/>\n<meta property=\"og:url\" content=\"https:\/\/roexit.info\/?p=2582\" \/>\n<meta property=\"og:site_name\" content=\"RoExit\" \/>\n<meta property=\"article:published_time\" content=\"2024-12-10T23:07:48+00:00\" \/>\n<meta property=\"article:modified_time\" content=\"2025-10-21T15:50:57+00:00\" \/>\n<meta property=\"og:image\" content=\"https:\/\/roexit.info\/wp-content\/uploads\/2024\/12\/escu-oni-anis.jpg\" \/>\n\t<meta property=\"og:image:width\" content=\"1070\" \/>\n\t<meta property=\"og:image:height\" content=\"1132\" \/>\n\t<meta property=\"og:image:type\" content=\"image\/jpeg\" \/>\n<meta name=\"author\" content=\"P\u00e2r\u0103u Vlad\" \/>\n<meta name=\"twitter:card\" content=\"summary_large_image\" \/>\n<meta name=\"twitter:label1\" content=\"Scris de\" \/>\n\t<meta name=\"twitter:data1\" content=\"P\u00e2r\u0103u Vlad\" \/>\n\t<meta name=\"twitter:label2\" content=\"Timp estimat pentru citire\" \/>\n\t<meta name=\"twitter:data2\" content=\"1 minut\" \/>\n<script type=\"application\/ld+json\" class=\"yoast-schema-graph\">{\"@context\":\"https:\/\/schema.org\",\"@graph\":[{\"@type\":\"Article\",\"@id\":\"https:\/\/roexit.info\/?p=2582#article\",\"isPartOf\":{\"@id\":\"https:\/\/roexit.info\/?p=2582\"},\"author\":{\"name\":\"P\u00e2r\u0103u Vlad\",\"@id\":\"https:\/\/roexit.info\/#\/schema\/person\/3822a7ccbd940791ab5628bbe51086c1\"},\"headline\":\"\u00cen lipsa votului, schingiuim mouse-ul. CARICATURA ZILEI\",\"datePublished\":\"2024-12-10T23:07:48+00:00\",\"dateModified\":\"2025-10-21T15:50:57+00:00\",\"mainEntityOfPage\":{\"@id\":\"https:\/\/roexit.info\/?p=2582\"},\"wordCount\":81,\"commentCount\":0,\"publisher\":{\"@id\":\"https:\/\/roexit.info\/#organization\"},\"image\":{\"@id\":\"https:\/\/roexit.info\/?p=2582#primaryimage\"},\"thumbnailUrl\":\"https:\/\/roexit.info\/wp-content\/uploads\/2024\/12\/escu-oni-anis.jpg\",\"articleSection\":[\"Opinii\",\"Politic\u0103\",\"Pre\u021bul zilei\",\"Umor\",\"Via\u021ba \u00een secolul XXI\"],\"inLanguage\":\"ro-RO\",\"potentialAction\":[{\"@type\":\"CommentAction\",\"name\":\"Comment\",\"target\":[\"https:\/\/roexit.info\/?p=2582#respond\"]}]},{\"@type\":\"WebPage\",\"@id\":\"https:\/\/roexit.info\/?p=2582\",\"url\":\"https:\/\/roexit.info\/?p=2582\",\"name\":\"\u00cen lipsa votului, schingiuim mouse-ul. CARICATURA ZILEI - RoExit\",\"isPartOf\":{\"@id\":\"https:\/\/roexit.info\/#website\"},\"primaryImageOfPage\":{\"@id\":\"https:\/\/roexit.info\/?p=2582#primaryimage\"},\"image\":{\"@id\":\"https:\/\/roexit.info\/?p=2582#primaryimage\"},\"thumbnailUrl\":\"https:\/\/roexit.info\/wp-content\/uploads\/2024\/12\/escu-oni-anis.jpg\",\"datePublished\":\"2024-12-10T23:07:48+00:00\",\"dateModified\":\"2025-10-21T15:50:57+00:00\",\"breadcrumb\":{\"@id\":\"https:\/\/roexit.info\/?p=2582#breadcrumb\"},\"inLanguage\":\"ro-RO\",\"potentialAction\":[{\"@type\":\"ReadAction\",\"target\":[\"https:\/\/roexit.info\/?p=2582\"]}]},{\"@type\":\"ImageObject\",\"inLanguage\":\"ro-RO\",\"@id\":\"https:\/\/roexit.info\/?p=2582#primaryimage\",\"url\":\"https:\/\/roexit.info\/wp-content\/uploads\/2024\/12\/escu-oni-anis.jpg\",\"contentUrl\":\"https:\/\/roexit.info\/wp-content\/uploads\/2024\/12\/escu-oni-anis.jpg\",\"width\":1070,\"height\":1132},{\"@type\":\"BreadcrumbList\",\"@id\":\"https:\/\/roexit.info\/?p=2582#breadcrumb\",\"itemListElement\":[{\"@type\":\"ListItem\",\"position\":1,\"name\":\"Prima pagin\u0103\",\"item\":\"https:\/\/roexit.info\/\"},{\"@type\":\"ListItem\",\"position\":2,\"name\":\"\u00cen lipsa votului, schingiuim mouse-ul. CARICATURA ZILEI\"}]},{\"@type\":\"WebSite\",\"@id\":\"https:\/\/roexit.info\/#website\",\"url\":\"https:\/\/roexit.info\/\",\"name\":\"RoExit\",\"description\":\"UE la co\u0219ul de gunoi al istoriei\",\"publisher\":{\"@id\":\"https:\/\/roexit.info\/#organization\"},\"potentialAction\":[{\"@type\":\"SearchAction\",\"target\":{\"@type\":\"EntryPoint\",\"urlTemplate\":\"https:\/\/roexit.info\/?s={search_term_string}\"},\"query-input\":{\"@type\":\"PropertyValueSpecification\",\"valueRequired\":true,\"valueName\":\"search_term_string\"}}],\"inLanguage\":\"ro-RO\"},{\"@type\":\"Organization\",\"@id\":\"https:\/\/roexit.info\/#organization\",\"name\":\"RoExit\",\"url\":\"https:\/\/roexit.info\/\",\"logo\":{\"@type\":\"ImageObject\",\"inLanguage\":\"ro-RO\",\"@id\":\"https:\/\/roexit.info\/#\/schema\/logo\/image\/\",\"url\":\"https:\/\/roexit.info\/wp-content\/uploads\/2023\/12\/cropped-logo-vsrianta-2.jpeg\",\"contentUrl\":\"https:\/\/roexit.info\/wp-content\/uploads\/2023\/12\/cropped-logo-vsrianta-2.jpeg\",\"width\":358,\"height\":277,\"caption\":\"RoExit\"},\"image\":{\"@id\":\"https:\/\/roexit.info\/#\/schema\/logo\/image\/\"}},{\"@type\":\"Person\",\"@id\":\"https:\/\/roexit.info\/#\/schema\/person\/3822a7ccbd940791ab5628bbe51086c1\",\"name\":\"P\u00e2r\u0103u Vlad\",\"image\":{\"@type\":\"ImageObject\",\"inLanguage\":\"ro-RO\",\"@id\":\"https:\/\/roexit.info\/#\/schema\/person\/image\/\",\"url\":\"https:\/\/secure.gravatar.com\/avatar\/14aff8b17897b19faac02aca2a116530d9e5c8912df6512c1bf3efb45f65a5f7?s=96&d=mm&r=g\",\"contentUrl\":\"https:\/\/secure.gravatar.com\/avatar\/14aff8b17897b19faac02aca2a116530d9e5c8912df6512c1bf3efb45f65a5f7?s=96&d=mm&r=g\",\"caption\":\"P\u00e2r\u0103u Vlad\"},\"description\":\"Redactor\/Editor at ROexit.info Redactor at Cerul, codrul \u0219i p\u00e2r\u0103ul Studied at Universitatea Lucian Blaga Sibiu\",\"sameAs\":[\"http:\/\/roexit.info\"],\"url\":\"https:\/\/roexit.info\/?author=3\"}]}<\/script>\n<!-- \/ Yoast SEO plugin. -->","yoast_head_json":{"title":"\u00cen lipsa votului, schingiuim mouse-ul. CARICATURA ZILEI - RoExit","robots":{"index":"index","follow":"follow","max-snippet":"max-snippet:-1","max-image-preview":"max-image-preview:large","max-video-preview":"max-video-preview:-1"},"canonical":"https:\/\/roexit.info\/?p=2582","og_locale":"ro_RO","og_type":"article","og_title":"\u00cen lipsa votului, schingiuim mouse-ul. CARICATURA ZILEI - RoExit","og_description":"Acum, c\u0103 patimile electorale s-au epuizat o dat\u0103 cu anularea posibilit\u0103\u021bii de a vota, at\u00e2t cei care \u021bineau cu Lasconi, c\u00e2t \u0219i cei care \u021bineau cu Georgescu au posibilitatea s\u0103-\u0219i verse \u00een mod constructiv furia pe mouse-ul din imagine, care \u00een cur\u00e2nd va intra \u00een produc\u021bie de mass\u0103. \u201eMouse-ul fermecat Pe care ape\u0219i ca un [&hellip;]","og_url":"https:\/\/roexit.info\/?p=2582","og_site_name":"RoExit","article_published_time":"2024-12-10T23:07:48+00:00","article_modified_time":"2025-10-21T15:50:57+00:00","og_image":[{"width":1070,"height":1132,"url":"https:\/\/roexit.info\/wp-content\/uploads\/2024\/12\/escu-oni-anis.jpg","type":"image\/jpeg"}],"author":"P\u00e2r\u0103u Vlad","twitter_card":"summary_large_image","twitter_misc":{"Scris de":"P\u00e2r\u0103u Vlad","Timp estimat pentru citire":"1 minut"},"schema":{"@context":"https:\/\/schema.org","@graph":[{"@type":"Article","@id":"https:\/\/roexit.info\/?p=2582#article","isPartOf":{"@id":"https:\/\/roexit.info\/?p=2582"},"author":{"name":"P\u00e2r\u0103u Vlad","@id":"https:\/\/roexit.info\/#\/schema\/person\/3822a7ccbd940791ab5628bbe51086c1"},"headline":"\u00cen lipsa votului, schingiuim mouse-ul. CARICATURA ZILEI","datePublished":"2024-12-10T23:07:48+00:00","dateModified":"2025-10-21T15:50:57+00:00","mainEntityOfPage":{"@id":"https:\/\/roexit.info\/?p=2582"},"wordCount":81,"commentCount":0,"publisher":{"@id":"https:\/\/roexit.info\/#organization"},"image":{"@id":"https:\/\/roexit.info\/?p=2582#primaryimage"},"thumbnailUrl":"https:\/\/roexit.info\/wp-content\/uploads\/2024\/12\/escu-oni-anis.jpg","articleSection":["Opinii","Politic\u0103","Pre\u021bul zilei","Umor","Via\u021ba \u00een secolul XXI"],"inLanguage":"ro-RO","potentialAction":[{"@type":"CommentAction","name":"Comment","target":["https:\/\/roexit.info\/?p=2582#respond"]}]},{"@type":"WebPage","@id":"https:\/\/roexit.info\/?p=2582","url":"https:\/\/roexit.info\/?p=2582","name":"\u00cen lipsa votului, schingiuim mouse-ul. CARICATURA ZILEI - RoExit","isPartOf":{"@id":"https:\/\/roexit.info\/#website"},"primaryImageOfPage":{"@id":"https:\/\/roexit.info\/?p=2582#primaryimage"},"image":{"@id":"https:\/\/roexit.info\/?p=2582#primaryimage"},"thumbnailUrl":"https:\/\/roexit.info\/wp-content\/uploads\/2024\/12\/escu-oni-anis.jpg","datePublished":"2024-12-10T23:07:48+00:00","dateModified":"2025-10-21T15:50:57+00:00","breadcrumb":{"@id":"https:\/\/roexit.info\/?p=2582#breadcrumb"},"inLanguage":"ro-RO","potentialAction":[{"@type":"ReadAction","target":["https:\/\/roexit.info\/?p=2582"]}]},{"@type":"ImageObject","inLanguage":"ro-RO","@id":"https:\/\/roexit.info\/?p=2582#primaryimage","url":"https:\/\/roexit.info\/wp-content\/uploads\/2024\/12\/escu-oni-anis.jpg","contentUrl":"https:\/\/roexit.info\/wp-content\/uploads\/2024\/12\/escu-oni-anis.jpg","width":1070,"height":1132},{"@type":"BreadcrumbList","@id":"https:\/\/roexit.info\/?p=2582#breadcrumb","itemListElement":[{"@type":"ListItem","position":1,"name":"Prima pagin\u0103","item":"https:\/\/roexit.info\/"},{"@type":"ListItem","position":2,"name":"\u00cen lipsa votului, schingiuim mouse-ul. CARICATURA ZILEI"}]},{"@type":"WebSite","@id":"https:\/\/roexit.info\/#website","url":"https:\/\/roexit.info\/","name":"RoExit","description":"UE la co\u0219ul de gunoi al istoriei","publisher":{"@id":"https:\/\/roexit.info\/#organization"},"potentialAction":[{"@type":"SearchAction","target":{"@type":"EntryPoint","urlTemplate":"https:\/\/roexit.info\/?s={search_term_string}"},"query-input":{"@type":"PropertyValueSpecification","valueRequired":true,"valueName":"search_term_string"}}],"inLanguage":"ro-RO"},{"@type":"Organization","@id":"https:\/\/roexit.info\/#organization","name":"RoExit","url":"https:\/\/roexit.info\/","logo":{"@type":"ImageObject","inLanguage":"ro-RO","@id":"https:\/\/roexit.info\/#\/schema\/logo\/image\/","url":"https:\/\/roexit.info\/wp-content\/uploads\/2023\/12\/cropped-logo-vsrianta-2.jpeg","contentUrl":"https:\/\/roexit.info\/wp-content\/uploads\/2023\/12\/cropped-logo-vsrianta-2.jpeg","width":358,"height":277,"caption":"RoExit"},"image":{"@id":"https:\/\/roexit.info\/#\/schema\/logo\/image\/"}},{"@type":"Person","@id":"https:\/\/roexit.info\/#\/schema\/person\/3822a7ccbd940791ab5628bbe51086c1","name":"P\u00e2r\u0103u Vlad","image":{"@type":"ImageObject","inLanguage":"ro-RO","@id":"https:\/\/roexit.info\/#\/schema\/person\/image\/","url":"https:\/\/secure.gravatar.com\/avatar\/14aff8b17897b19faac02aca2a116530d9e5c8912df6512c1bf3efb45f65a5f7?s=96&d=mm&r=g","contentUrl":"https:\/\/secure.gravatar.com\/avatar\/14aff8b17897b19faac02aca2a116530d9e5c8912df6512c1bf3efb45f65a5f7?s=96&d=mm&r=g","caption":"P\u00e2r\u0103u Vlad"},"description":"Redactor\/Editor at ROexit.info Redactor at Cerul, codrul \u0219i p\u00e2r\u0103ul Studied at Universitatea Lucian Blaga Sibiu","sameAs":["http:\/\/roexit.info"],"url":"https:\/\/roexit.info\/?author=3"}]}},"_links":{"self":[{"href":"https:\/\/roexit.info\/index.php?rest_route=\/wp\/v2\/posts\/2582","targetHints":{"allow":["GET"]}}],"collection":[{"href":"https:\/\/roexit.info\/index.php?rest_route=\/wp\/v2\/posts"}],"about":[{"href":"https:\/\/roexit.info\/index.php?rest_route=\/wp\/v2\/types\/post"}],"author":[{"embeddable":true,"href":"https:\/\/roexit.info\/index.php?rest_route=\/wp\/v2\/users\/3"}],"replies":[{"embeddable":true,"href":"https:\/\/roexit.info\/index.php?rest_route=%2Fwp%2Fv2%2Fcomments&post=2582"}],"version-history":[{"count":1,"href":"https:\/\/roexit.info\/index.php?rest_route=\/wp\/v2\/posts\/2582\/revisions"}],"predecessor-version":[{"id":2584,"href":"https:\/\/roexit.info\/index.php?rest_route=\/wp\/v2\/posts\/2582\/revisions\/2584"}],"wp:featuredmedia":[{"embeddable":true,"href":"https:\/\/roexit.info\/index.php?rest_route=\/wp\/v2\/media\/2583"}],"wp:attachment":[{"href":"https:\/\/roexit.info\/index.php?rest_route=%2Fwp%2Fv2%2Fmedia&parent=2582"}],"wp:term":[{"taxonomy":"category","embeddable":true,"href":"https:\/\/roexit.info\/index.php?rest_route=%2Fwp%2Fv2%2Fcategories&post=2582"},{"taxonomy":"post_tag","embeddable":true,"href":"https:\/\/roexit.info\/index.php?rest_route=%2Fwp%2Fv2%2Ftags&post=2582"}],"curies":[{"name":"wp","href":"https:\/\/api.w.org\/{rel}","templated":true}]}}