{"id":265,"date":"2023-05-08T07:21:28","date_gmt":"2023-05-08T07:21:28","guid":{"rendered":"https:\/\/newscrunch.spicethemes.com\/?p=7"},"modified":"2025-10-21T15:11:56","modified_gmt":"2025-10-21T15:11:56","slug":"interese","status":"publish","type":"post","link":"https:\/\/roexit.info\/?p=265","title":{"rendered":"Interese comune \u0219i na\u021bionalism"},"content":{"rendered":"<div style=\"text-align: right;\">de Ovidiu Ionescu<\/div>\n<div><a href=\"http:\/\/www.activenews.ro\/stiri\/Se-intorc-inchisorile-politice-in-Romania-De-la-6-luni-la-3-ani-vor-petrece-dupa-gratii-cei-care-%E2%80%9Eincita-la-ura-discriminare-sau-violenta-impotriva-unei-minoritati-potrivit-unei-legi-adoptate-azi-de-Camera-Deputatilor-ca-for-decizional-167692\" target=\"_blank\" rel=\"noopener\">A fost trimis\u0103<\/a>\u00a0spre promulgare o\u00a0<a href=\"http:\/\/www.capital.ro\/vot-final-in-camera-deputatilor-incitarea-la-violenta-ura-sau-discriminare-impotriva-unei-persoane-se-pedepseste-cu-inchisoare-de-la-6-luni-la-3-ani.html\" target=\"_blank\" rel=\"noopener\">lege<\/a>\u00a0de modificare\u00a0a Codului Penal prin care se prev\u0103d pedepse cu \u00eenchisoarea pentru \u201eincitarea publicului, prin orice mijloace, la violent\u0326a\u0306, ura\u0306 sau discriminare i\u0302mpotriva unei categorii de persoane sau \u00eempotriva unei persoane pe motiv ca\u0306 face parte dintr-o anumita\u0306 categorie de persoane\u201d. Restr\u00e2ngerea libert\u0103\u021bii dup\u0103 modelul deja exersat \u00een Canada a ajuns \u00een Rom\u00e2nia, este o evolu\u021bie extrem de rapid\u0103 \u00een cazul societ\u0103\u021bii rom\u00e2ne\u0219ti. Legea este aparent cerut\u0103 de Bruxelles, dar Uniunea European\u0103 ne cere multe chestiuni pe care am ales s\u0103 le ignor\u0103m, de ce oare am respecta cerin\u021bele liberticide ale UE? R\u0103spunsul este, fire\u0219te, USR \u0219i ministrul s\u0103u de justi\u021bie, dl. Stelian Ion.\u00a0<\/div>\n<div>\u00a0<\/div>\n<div>Este limpede pentru oricine faptul c\u0103, \u00een aceast\u0103 form\u0103, legea poate fi folosit\u0103 pentru a restr\u00e2nge drastic libertatea cuv\u00e2ntului &#8211; este un instrument ce-a redus cu succes la t\u0103cere conservatorii canadieni, profesiunile medicale, manifestarea public\u0103 a credin\u021bei, nu m\u0103 \u00eendoiesc c\u0103 va fi la fel \u00een Rom\u00e2nia. Legea poate fi folositoare pentru a reprima o mi\u0219care muncitoreasc\u0103 care protesteaz\u0103 \u00eempotriva importului de muncitori africani sau asiatici ieftini, import care le mic\u0219oreaz\u0103 celor mai s\u0103raci dintre noi salariile, legea poate fi la fel de util\u0103 pentru a \u00eenchide gura unui administrator de spital, pentru a reduce la t\u0103cere un director al vreunei companii de asigur\u0103ri care ar dori s\u0103 spun\u0103 c\u0103, dat\u0103 fiind diferen\u021ba de necontestat \u00eentre flora existent\u0103 \u00een zona anal\u0103 \u0219i cea vaginal\u0103, homosexualii necesit\u0103\u00a0<i>ipso facto<\/i>\u00a0cheltuieli mai mari de s\u0103n\u0103tate fa\u021b\u0103 de heterosexuali, infec\u021biile urinare inevitabile \u0219i repetate fiind o problem\u0103 major\u0103 de s\u0103n\u0103tate, dup\u0103 cum aceea\u0219i lege poate fi folosit\u0103 \u00eempotriva oricui afirm\u0103 public \u00eenv\u0103\u021b\u0103tura Bisericii sale. Este oarecum amuzant faptul c\u0103 \u00een epoca statului modern, a statului social-democrat, poruncile decalogului devin una dup\u0103 alta contrare moralei public acceptate: acum, la 200 de ani de la Revolu\u021bia Francez\u0103, tr\u0103im \u00eentr-o lume \u00een care doar \u00eenc\u0103lcarea poruncii a IX-a mai pune oarece probleme de moralitate sau legalitate omului modern.<\/div>\n<div>\u00a0<\/div>\n<div>Sunt pu\u021bine momente importante \u00een politic\u0103: acesta este unul dintre ele, c\u0103ci libertatea va fi drastic limitat\u0103, societatea va ar\u0103ta altfel dup\u0103 adoptarea modific\u0103rilor Codului Penal. \u0218i, pentru c\u0103 este important ce ni se \u00eent\u00e2mpl\u0103, voi \u00eencerca s\u0103 ar\u0103t c\u0103 majoritatea care a \u00eempins legea liberticid\u0103 prin parlament este inexistent\u0103, c\u0103 exist\u0103 o majoritate care se opune unor astfel de manevre, politicienii care au oarecare ata\u0219ament fa\u021b\u0103 de ideea de libertate trebuie s\u0103 \u00een\u021beleag\u0103 groz\u0103via ce-au votat-o \u0219i s\u0103 reac\u021bioneze \u00een consecin\u021b\u0103.\u00a0<\/div>\n<div>\u00a0<\/div>\n<div>Am aniversat de cur\u00e2nd\u00a0<a href=\"http:\/\/www.activenews.ro\/stiri\/22-iunie-1941-declansarea-Razboiului-Sfant-pentru-Reintregirea-Tarii.-Ordinul-Maresalului-Antonescu-Ostasi-va-ordon-Treceti-Prutul-sdrobiti-vrajmasul-din-Rasarit-si-Miaza-Noapte.-Desrobiti-din-jugul-rosu-al-bolsevismului-pe-fratii-nostri-cotropiti-117926\" target=\"_blank\" rel=\"noopener\">celebrul<\/a>\u00a0ordin al generalului Antonescu prin care Rom\u00e2nia a intrat r\u0103zboi, un om pe care p\u00e2n\u0103 \u0219i adversarii politici precum Regele Mihai sau dl. Maniu l-au considerat a fi un patriot, faptul c\u0103 un comunist, dl. Ceau\u0219escu, i-a organizat un mini-cult al personalit\u0103\u021bii fiind printre chestiunile ce pot st\u00e2rni suspiciuni asupra ac\u021biunilor sale, o alta pat\u0103, de care este \u00een \u00eentregime responsabil, fiind implicarea criminal\u0103 a sublocotenentului Antonescu \u00een reprimarea revoltei \u021b\u0103r\u0103ne\u0219ti de la 1907.\u00a0\u00a0<\/div>\n<div>\u00a0<\/div>\n<div>Dl. Antonescu a venit la putere \u00een septembrie 1940, imediat dup\u0103\u00a0<a href=\"http:\/\/www.activenews.ro\/cultura-istorie\/30-august-Diktatul-de-la-Viena-prin-care-Romania-pierdea-Ardealul-de-Nord-in-favoarea-Ungariei.-Intrarea-trupelor-de-ocupatie-in-Cluj-Napoca-124297\" target=\"_blank\" rel=\"noopener\">arbitrajul de la Viena<\/a>, prin care Rom\u00e2nia a pierdut \u00een favoarea Ungariei partea de nord a Transilvaniei, ora\u0219e precum Cluj, Oradea, Satul Mare, nenum\u0103rate sate, populate aproape \u00een \u00eentregime de rom\u00e2ni, revenind Ungariei. La nici un an dup\u0103 nedreptele pierderi teritoriale \u00een favoarea Ungariei, dl. Antonescu decide intrarea Rom\u00e2niei \u00een r\u0103zboi, trupele rom\u00e2ne au luptat p\u00e2n\u0103 la\u00a0<a href=\"http:\/\/en.wikipedia.org\/wiki\/Battle_of_Stalingrad\" target=\"_blank\" rel=\"noopener\">Tsaritsyn &#8211; Volgograd<\/a>\u00a0\u0219i \u00eenapoi al\u0103turi de trupele germane, maghiare sau italiene. Propriii mei bunici \u0219i unchi \u2013 indiferent de uniforma pe care au purtat-o \u2013 au f\u0103cut cu to\u021bii acest drum \u0219i cu to\u021bii au regretat \u00eenfr\u00e2ngerea suferit\u0103, pove\u0219tile copil\u0103riei mele fiind despre r\u0103zboi, despre \u00eenfr\u00e2ngere \u0219i consecin\u021bele acesteia, istorii mai toate tragice auzite de la adul\u021bii din jurul meu.\u00a0<\/div>\n<div>\u00a0<\/div>\n<div>Acum 80 de ani, un om perceput de contemporanii s\u0103i a fi un patriot \u0219i un na\u021bionalist rom\u00e2n, dl. Antonescu, decide s\u0103 lupte um\u0103r la um\u0103r cu beneficiarii, ca \u0219i cu cei care au girat mutilarea teritorial\u0103 a \u021b\u0103rii sale. Motivul trebuie s\u0103 fi fost extrem de puternic, este suficient s\u0103 citim ordinul generalului Antonescu din 22 iunie 1941: \u201eS\u0103 lupta\u021bi pentru dezrobirea fra\u021bilor no\u0219tri, a Basarabiei \u0219i Bucovinei, pentru cinstirea Bisericilor, a vie\u021bii \u0219i c\u0103minelor batjocorite de c\u0103tre p\u0103g\u00e2nii cotropitori\u201d; \u201eDezrobi\u021bi din jugul bol\u0219evismului pe fra\u021bii no\u0219tri cotropi\u021bi\u201d. Domnul Antonescu nu a dat vreodat\u0103 m\u00e2na cu dl. Horty, c\u0103ci ar fi fost nedemn pentru na\u021biunea pe care a condus-o, dar a \u0219tiut s\u0103 lupte al\u0103turi de trupele domnului Horty \u00eempotriva a ceva ce credea c\u0103 reprezint\u0103 r\u0103ul suprem,\u00a0an evil empire,\u00a0cum a spus patru decenii mai t\u00e2rziu dl.\u00a0<a href=\"http:\/\/en.wikipedia.org\/wiki\/Evil_Empire_speech\" target=\"_blank\" rel=\"noopener\">Reagan<\/a>. Nu sunt istoric, nu am citit coresponden\u021ba domnului Antonescu, un eventual jurnal, nu \u0219tiu cum a g\u00e2ndit acest om. Nu \u0219tiu dac\u0103 a fost un om al secolului XIX, un na\u021bionalist care s-a aliat \u00een mod oportunist cu Germania \u00een speran\u021ba c\u0103 va recupera prin lupt\u0103 Basarabia \u0219i Bucovina, iar, ca r\u0103splat\u0103 a s\u00e2ngelui v\u0103rsat dincolo de Nistru, va recupera \u0219i teritoriile pierdute c\u0103tre Ungaria. Sau se poate s\u0103 fi fost un om al secolului XX, un ideolog, un om care \u00een\u021belegea pericolul bol\u0219evismului \u0219i-ar fi plecat la r\u0103zboi \u00eempotriva acestuia \u2013 a\u0219a cum a \u0219i f\u0103cut-o, de altfel &#8211; indiferent de parteneri \u0219i de consecin\u021be, c\u0103ci Antonescu a scris \u0219i cuvinte precum \u201ecelui mai mare du\u0219man al lumii: bol\u0219evismul\u201d.<\/div>\n<div>\u00a0<\/div>\n<div>\u00cen zilele noastre, bol\u0219evismul nu mai vine dinspre r\u0103s\u0103rit \u0219i miaz\u0103noapte, a\u0219a cum venea \u00een vremea domnului Antonescu. Vine dinspre apus, vine cu legi precum cea de care scriam mai sus, vine cu impunerea stipendierii unor categorii de popula\u021bie mereu consumatoare de bugete publice, vine cu imigran\u021bii importa\u021bi din Africa sau Asia la presiunea Uniunii Europene sau cu homosexualii etc, cu to\u021bii abona\u021bi la resursele statului modern, la resursele statului social-democrat.\u00a0<\/div>\n<div>\u00a0<\/div>\n<div>Modificarea noului Cod Penal va obliga na\u021bionali\u0219tii \u0219i conservatorii rom\u00e2ni s\u0103 devin\u0103 un soi de libertarieni corec\u021bi politic &#8211; ceea ce poate provoca momente copioase de amuzament &#8211; iar interdic\u021bia exprim\u0103rii \u00een public a unor idei politice va provoca dezechilibre similare cu cele pe care le tr\u0103im ast\u0103zi, la doar c\u00e2\u021biva ani dup\u0103 ce PSD a interzis libera exprimare \u00een cazul extremei drepte, c\u0103ci USR nu este dec\u00e2t o form\u0103 modern\u0103 a extremei st\u00e2ngi l\u0103sate f\u0103r\u0103 competi\u021bie pe partea dreapt\u0103 a spectrului politic. Este de remarcat c\u0103 PSD a \u00eenceput suprimarea libert\u0103\u021bii de expresie, continuat\u0103 acum de un guvern av\u00e2nd un prim ministru liberal, institu\u021bii precum\u00a0<a href=\"http:\/\/www.cncd.ro\/\" target=\"_blank\" rel=\"noopener\">CNCD<\/a>\u00a0sau\u00a0<a href=\"http:\/\/www.cna.ro\/\" target=\"_blank\" rel=\"noopener\">CNA<\/a>\u00a0fiind institu\u021bii create cu sprijinul PSD.\u00a0<\/div>\n<div>\u00a0<\/div>\n<div>De\u0219i PSD are un electorat conservator, geniul r\u0103u al domnului Iliescu, talentul politic al succesorilor domniei sale a \u0219tiut s\u0103 fac\u0103 irelevant politic propriul electorat, rafin\u00e2nd baza conservatoare a societ\u0103\u021bii rom\u00e2ne\u0219ti \u00een progresismul extrem al europarlamentarilor afla\u021bi \u00een Bruxelles. Semnificativ \u00een acest sens este\u00a0<a href=\"http:\/\/www.activenews.ro\/stiri\/Raportul-Matic-a-fost-adoptat-de-Parlamentul-European-educatia-sexuala-contraceptiva-avorturile-sodomia-transgenderismul-devenind-normative-in-Uniunea-Europeana.-Cine-sunt-eurodeputatii-romani-care-au-votat-PENTRU-167602\" target=\"_blank\" rel=\"noopener\">votul asupra raportului<\/a>\u00a0Mati\u0107 adoptat cu sprijinul \u2013 fie el \u0219i tacit \u2013 al PSD, pozi\u021bia doamnei Grapini fiind cu totul singular\u0103, aceasta nefiind totu\u0219i membru PSD de\u0219i a fost aleas\u0103 pe listele acestui partid. \u00cempotriva raportului Mati\u0107 a votat UDMR, PN\u021a-cd (dl. Terhe\u0219 a fost ales pe listele PSD, \u00eenc\u0103 un indiciu pentru divor\u021bul \u00eentre baza \u0219i elitele PSD), PMP \u0219i o parte a PNL.\u00a0<\/div>\n<div>\u00a0<\/div>\n<div>Este de men\u021bionat \u0219i faptul, \u00eentr-un moment de importan\u021b\u0103 similar\u0103 pentru destinul nostru pe termen lung, atunci c\u00e2nd s-a decis\u00a0<a href=\"http:\/\/www.hotnews.ro\/stiri-politic-20415005-voturile-europarlamentarilor-romani-propunerea-comisiei-europene-privind-cotele-obligatorii-migranti-15-pentru-2-contra-8-abtineri-7-nu-votat.htm\" target=\"_blank\" rel=\"noopener\">redistribuirea imigran\u021bilor<\/a>\u00a0c\u0103tre \u021b\u0103rile membre UE, doar UDMR \u2013 din motive lesne de \u00een\u021beles \u0219i care \u021bin de orientarea politic\u0103 a domnului Viktor Orb\u00e1n \u2013 a votat \u00een favoare Rom\u00e2niei a\u0219a cum o \u0219tim ast\u0103zi, \u00een favoarea societ\u0103\u021bii rom\u00e2ne\u0219ti a\u0219a cum o \u0219tiau str\u0103bunicii \u0219i bunicii no\u0219tri. \u00cempotriva redistribuirii spre Rom\u00e2nia a unor oameni din Asia, Africa etc au votat doar doi patrio\u021bi rom\u00e2ni, pe numele lor Csaba Sogor si Iuliu Winkler, ambii membri UDMR, p\u00e2n\u0103 \u0219i at\u00e2t de vocalul domn Traian Ungureanu s-a ab\u021binut, rezultatul practic al ab\u021binerii fiind\u00a0 adoptarea\u00a0<a href=\"http:\/\/www.activenews.ro\/subiecte\/Cote-imigranti-Romania-2643\/pagina-4\" target=\"_blank\" rel=\"noopener\">cotelor obligatorii de imigran\u021bi<\/a>.<\/div>\n<div>\u00a0<\/div>\n<div>De\u0219i poate suna straniu, cred c\u0103 este o tragedie a zilelor noastre faptul c\u0103 UDMR a votat \u00een parlamentul de la Bucure\u0219ti mai toate legile liberticide, c\u0103ci a fost \u00een coali\u021bie fie cu PSD, fie cu USR, locul UDMR fiind mai degrab\u0103 al\u0103turi de AUR \u0219i, cu certitudine, nu al\u0103turi de USR. Exemplul \u00eenainta\u0219ilor no\u0219tri \u2013 exemplul domnului Antonescu \u2013 ne poate fi util, c\u00e2teodat\u0103 trebuie s\u0103 \u00een\u021belegem ce este cu adev\u0103rat important, ce are semnifica\u021bie, poate c\u0103 este timpul s\u0103 ac\u021bion\u0103m \u00een consecin\u021b\u0103. De\u0219i nu am iluzii asupra calit\u0103\u021bii politicienilor din Rom\u00e2nia, m\u0103 \u00eendoiesc c\u0103 exist\u0103 o majoritate parlamentar\u0103 \u00een favoarea elimin\u0103rii libert\u0103\u021bii de expresie, al\u0103turi de UDMR \u0219i de AUR fiind o mare parte a parlamentarilor PSD sau chiar PNL, este inevitabil s\u0103 fie astfel, c\u0103ci nu v\u0103d cum ar putea fi ales \u00een Rom\u00e2nia un parlamentar de provincie specializat \u00een p\u0103s\u0103reasca bruxellez\u0103.\u00a0<\/div>\n<div>\u00a0<\/div>\n<div>Zi de zi vedem cum o majoritate de oameni ce tr\u0103iesc firesc, oameni ce au copii \u0219i nepo\u021bi, \u00ee\u0219i distrug libertatea, propria libertate, dar \u0219i pe cea de care ar fi trebuit s\u0103 se bucure\u00a0 copiii lor, la \u00eendemnul unor oameni adesea f\u0103r\u0103 copii: libertatea este pierdut\u0103 \u00een folosul homosexualilor \u0219i a celor cu vicii conexe. La fel va fi \u0219i \u00een parlament, majoritatea t\u0103cut\u0103 este deja \u00eenfr\u00e2nt\u0103. Nu am mari speran\u021be s\u0103 se \u00eent\u00e2mple ceva pozitiv, am risipit cu prea mult\u0103 u\u0219urin\u021b\u0103 libertatea c\u00e2\u0219tigat\u0103 greu \u00een 1989, calitatea parlamentarilor este cea care este, dar chiar \u0219i dac\u0103 exist\u0103 o probabilitate infim\u0103 a schimb\u0103rii, anume ca legea s\u0103 fie abrogat\u0103 \u00eenainte de a produce efecte, este util s\u0103 ne reamintim cum s-a votat atunci c\u00e2nd a fost cu adev\u0103rat important \u0219i care au fost precedentele istorice relevante pentru o schimbare.\u00a0<\/div>\n","protected":false},"excerpt":{"rendered":"<p>de Ovidiu Ionescu A fost trimis\u0103\u00a0spre promulgare o\u00a0lege\u00a0de modificare\u00a0a Codului Penal prin care se prev\u0103d pedepse cu \u00eenchisoarea pentru \u201eincitarea publicului, prin orice mijloace, la violent\u0326a\u0306, ura\u0306 sau discriminare i\u0302mpotriva unei categorii de persoane sau \u00eempotriva unei persoane pe motiv ca\u0306 face parte dintr-o anumita\u0306 categorie de persoane\u201d. Restr\u00e2ngerea libert\u0103\u021bii dup\u0103 modelul deja exersat \u00een [&hellip;]<\/p>\n","protected":false},"author":1,"featured_media":555,"comment_status":"open","ping_status":"open","sticky":false,"template":"","format":"standard","meta":{"footnotes":""},"categories":[32],"tags":[10,7],"class_list":["post-265","post","type-post","status-publish","format-standard","has-post-thumbnail","hentry","category-opinii","tag-politica","tag-nebunia_moderna"],"yoast_head":"<!-- This site is optimized with the Yoast SEO plugin v24.4 - https:\/\/yoast.com\/wordpress\/plugins\/seo\/ -->\n<title>Interese comune \u0219i na\u021bionalism - RoExit<\/title>\n<meta name=\"robots\" content=\"index, follow, max-snippet:-1, max-image-preview:large, max-video-preview:-1\" \/>\n<link rel=\"canonical\" href=\"https:\/\/roexit.info\/?p=265\" \/>\n<meta property=\"og:locale\" content=\"ro_RO\" \/>\n<meta property=\"og:type\" content=\"article\" \/>\n<meta property=\"og:title\" content=\"Interese comune \u0219i na\u021bionalism - RoExit\" \/>\n<meta property=\"og:description\" content=\"de Ovidiu Ionescu A fost trimis\u0103\u00a0spre promulgare o\u00a0lege\u00a0de modificare\u00a0a Codului Penal prin care se prev\u0103d pedepse cu \u00eenchisoarea pentru \u201eincitarea publicului, prin orice mijloace, la violent\u0326a\u0306, ura\u0306 sau discriminare i\u0302mpotriva unei categorii de persoane sau \u00eempotriva unei persoane pe motiv ca\u0306 face parte dintr-o anumita\u0306 categorie de persoane\u201d. Restr\u00e2ngerea libert\u0103\u021bii dup\u0103 modelul deja exersat \u00een [&hellip;]\" \/>\n<meta property=\"og:url\" content=\"https:\/\/roexit.info\/?p=265\" \/>\n<meta property=\"og:site_name\" content=\"RoExit\" \/>\n<meta property=\"article:published_time\" content=\"2023-05-08T07:21:28+00:00\" \/>\n<meta property=\"article:modified_time\" content=\"2025-10-21T15:11:56+00:00\" \/>\n<meta property=\"og:image\" content=\"https:\/\/roexit.info\/wp-content\/uploads\/2023\/05\/degenerates.png\" \/>\n\t<meta property=\"og:image:width\" content=\"1103\" \/>\n\t<meta property=\"og:image:height\" content=\"728\" \/>\n\t<meta property=\"og:image:type\" content=\"image\/png\" \/>\n<meta name=\"author\" content=\"admin\" \/>\n<meta name=\"twitter:card\" content=\"summary_large_image\" \/>\n<meta name=\"twitter:label1\" content=\"Scris de\" \/>\n\t<meta name=\"twitter:data1\" content=\"admin\" \/>\n\t<meta name=\"twitter:label2\" content=\"Timp estimat pentru citire\" \/>\n\t<meta name=\"twitter:data2\" content=\"9 minute\" \/>\n<script type=\"application\/ld+json\" class=\"yoast-schema-graph\">{\"@context\":\"https:\/\/schema.org\",\"@graph\":[{\"@type\":\"Article\",\"@id\":\"https:\/\/roexit.info\/?p=265#article\",\"isPartOf\":{\"@id\":\"https:\/\/roexit.info\/?p=265\"},\"author\":{\"name\":\"admin\",\"@id\":\"https:\/\/roexit.info\/#\/schema\/person\/a8f9d854425e670d7be352f0eef6054b\"},\"headline\":\"Interese comune \u0219i na\u021bionalism\",\"datePublished\":\"2023-05-08T07:21:28+00:00\",\"dateModified\":\"2025-10-21T15:11:56+00:00\",\"mainEntityOfPage\":{\"@id\":\"https:\/\/roexit.info\/?p=265\"},\"wordCount\":1781,\"commentCount\":0,\"publisher\":{\"@id\":\"https:\/\/roexit.info\/#organization\"},\"image\":{\"@id\":\"https:\/\/roexit.info\/?p=265#primaryimage\"},\"thumbnailUrl\":\"https:\/\/roexit.info\/wp-content\/uploads\/2023\/05\/degenerates.png\",\"keywords\":[\"Politic\u0103\",\"\u021b\u0103c\u0103neal\u0103 de secol XXI\"],\"articleSection\":[\"Opinii\"],\"inLanguage\":\"ro-RO\",\"potentialAction\":[{\"@type\":\"CommentAction\",\"name\":\"Comment\",\"target\":[\"https:\/\/roexit.info\/?p=265#respond\"]}]},{\"@type\":\"WebPage\",\"@id\":\"https:\/\/roexit.info\/?p=265\",\"url\":\"https:\/\/roexit.info\/?p=265\",\"name\":\"Interese comune \u0219i na\u021bionalism - RoExit\",\"isPartOf\":{\"@id\":\"https:\/\/roexit.info\/#website\"},\"primaryImageOfPage\":{\"@id\":\"https:\/\/roexit.info\/?p=265#primaryimage\"},\"image\":{\"@id\":\"https:\/\/roexit.info\/?p=265#primaryimage\"},\"thumbnailUrl\":\"https:\/\/roexit.info\/wp-content\/uploads\/2023\/05\/degenerates.png\",\"datePublished\":\"2023-05-08T07:21:28+00:00\",\"dateModified\":\"2025-10-21T15:11:56+00:00\",\"breadcrumb\":{\"@id\":\"https:\/\/roexit.info\/?p=265#breadcrumb\"},\"inLanguage\":\"ro-RO\",\"potentialAction\":[{\"@type\":\"ReadAction\",\"target\":[\"https:\/\/roexit.info\/?p=265\"]}]},{\"@type\":\"ImageObject\",\"inLanguage\":\"ro-RO\",\"@id\":\"https:\/\/roexit.info\/?p=265#primaryimage\",\"url\":\"https:\/\/roexit.info\/wp-content\/uploads\/2023\/05\/degenerates.png\",\"contentUrl\":\"https:\/\/roexit.info\/wp-content\/uploads\/2023\/05\/degenerates.png\",\"width\":1103,\"height\":728},{\"@type\":\"BreadcrumbList\",\"@id\":\"https:\/\/roexit.info\/?p=265#breadcrumb\",\"itemListElement\":[{\"@type\":\"ListItem\",\"position\":1,\"name\":\"Prima pagin\u0103\",\"item\":\"https:\/\/roexit.info\/\"},{\"@type\":\"ListItem\",\"position\":2,\"name\":\"Interese comune \u0219i na\u021bionalism\"}]},{\"@type\":\"WebSite\",\"@id\":\"https:\/\/roexit.info\/#website\",\"url\":\"https:\/\/roexit.info\/\",\"name\":\"RoExit\",\"description\":\"UE la co\u0219ul de gunoi al istoriei\",\"publisher\":{\"@id\":\"https:\/\/roexit.info\/#organization\"},\"potentialAction\":[{\"@type\":\"SearchAction\",\"target\":{\"@type\":\"EntryPoint\",\"urlTemplate\":\"https:\/\/roexit.info\/?s={search_term_string}\"},\"query-input\":{\"@type\":\"PropertyValueSpecification\",\"valueRequired\":true,\"valueName\":\"search_term_string\"}}],\"inLanguage\":\"ro-RO\"},{\"@type\":\"Organization\",\"@id\":\"https:\/\/roexit.info\/#organization\",\"name\":\"RoExit\",\"url\":\"https:\/\/roexit.info\/\",\"logo\":{\"@type\":\"ImageObject\",\"inLanguage\":\"ro-RO\",\"@id\":\"https:\/\/roexit.info\/#\/schema\/logo\/image\/\",\"url\":\"https:\/\/roexit.info\/wp-content\/uploads\/2023\/12\/cropped-logo-vsrianta-2.jpeg\",\"contentUrl\":\"https:\/\/roexit.info\/wp-content\/uploads\/2023\/12\/cropped-logo-vsrianta-2.jpeg\",\"width\":358,\"height\":277,\"caption\":\"RoExit\"},\"image\":{\"@id\":\"https:\/\/roexit.info\/#\/schema\/logo\/image\/\"}},{\"@type\":\"Person\",\"@id\":\"https:\/\/roexit.info\/#\/schema\/person\/a8f9d854425e670d7be352f0eef6054b\",\"name\":\"admin\",\"image\":{\"@type\":\"ImageObject\",\"inLanguage\":\"ro-RO\",\"@id\":\"https:\/\/roexit.info\/#\/schema\/person\/image\/\",\"url\":\"https:\/\/secure.gravatar.com\/avatar\/e92cad7c67ba83f7e12edafde57fd84c602c01df1bef81af56a3fdc0ee24777f?s=96&d=mm&r=g\",\"contentUrl\":\"https:\/\/secure.gravatar.com\/avatar\/e92cad7c67ba83f7e12edafde57fd84c602c01df1bef81af56a3fdc0ee24777f?s=96&d=mm&r=g\",\"caption\":\"admin\"},\"sameAs\":[\"https:\/\/roexit.info\"],\"url\":\"https:\/\/roexit.info\/?author=1\"}]}<\/script>\n<!-- \/ Yoast SEO plugin. -->","yoast_head_json":{"title":"Interese comune \u0219i na\u021bionalism - RoExit","robots":{"index":"index","follow":"follow","max-snippet":"max-snippet:-1","max-image-preview":"max-image-preview:large","max-video-preview":"max-video-preview:-1"},"canonical":"https:\/\/roexit.info\/?p=265","og_locale":"ro_RO","og_type":"article","og_title":"Interese comune \u0219i na\u021bionalism - RoExit","og_description":"de Ovidiu Ionescu A fost trimis\u0103\u00a0spre promulgare o\u00a0lege\u00a0de modificare\u00a0a Codului Penal prin care se prev\u0103d pedepse cu \u00eenchisoarea pentru \u201eincitarea publicului, prin orice mijloace, la violent\u0326a\u0306, ura\u0306 sau discriminare i\u0302mpotriva unei categorii de persoane sau \u00eempotriva unei persoane pe motiv ca\u0306 face parte dintr-o anumita\u0306 categorie de persoane\u201d. Restr\u00e2ngerea libert\u0103\u021bii dup\u0103 modelul deja exersat \u00een [&hellip;]","og_url":"https:\/\/roexit.info\/?p=265","og_site_name":"RoExit","article_published_time":"2023-05-08T07:21:28+00:00","article_modified_time":"2025-10-21T15:11:56+00:00","og_image":[{"width":1103,"height":728,"url":"https:\/\/roexit.info\/wp-content\/uploads\/2023\/05\/degenerates.png","type":"image\/png"}],"author":"admin","twitter_card":"summary_large_image","twitter_misc":{"Scris de":"admin","Timp estimat pentru citire":"9 minute"},"schema":{"@context":"https:\/\/schema.org","@graph":[{"@type":"Article","@id":"https:\/\/roexit.info\/?p=265#article","isPartOf":{"@id":"https:\/\/roexit.info\/?p=265"},"author":{"name":"admin","@id":"https:\/\/roexit.info\/#\/schema\/person\/a8f9d854425e670d7be352f0eef6054b"},"headline":"Interese comune \u0219i na\u021bionalism","datePublished":"2023-05-08T07:21:28+00:00","dateModified":"2025-10-21T15:11:56+00:00","mainEntityOfPage":{"@id":"https:\/\/roexit.info\/?p=265"},"wordCount":1781,"commentCount":0,"publisher":{"@id":"https:\/\/roexit.info\/#organization"},"image":{"@id":"https:\/\/roexit.info\/?p=265#primaryimage"},"thumbnailUrl":"https:\/\/roexit.info\/wp-content\/uploads\/2023\/05\/degenerates.png","keywords":["Politic\u0103","\u021b\u0103c\u0103neal\u0103 de secol XXI"],"articleSection":["Opinii"],"inLanguage":"ro-RO","potentialAction":[{"@type":"CommentAction","name":"Comment","target":["https:\/\/roexit.info\/?p=265#respond"]}]},{"@type":"WebPage","@id":"https:\/\/roexit.info\/?p=265","url":"https:\/\/roexit.info\/?p=265","name":"Interese comune \u0219i na\u021bionalism - RoExit","isPartOf":{"@id":"https:\/\/roexit.info\/#website"},"primaryImageOfPage":{"@id":"https:\/\/roexit.info\/?p=265#primaryimage"},"image":{"@id":"https:\/\/roexit.info\/?p=265#primaryimage"},"thumbnailUrl":"https:\/\/roexit.info\/wp-content\/uploads\/2023\/05\/degenerates.png","datePublished":"2023-05-08T07:21:28+00:00","dateModified":"2025-10-21T15:11:56+00:00","breadcrumb":{"@id":"https:\/\/roexit.info\/?p=265#breadcrumb"},"inLanguage":"ro-RO","potentialAction":[{"@type":"ReadAction","target":["https:\/\/roexit.info\/?p=265"]}]},{"@type":"ImageObject","inLanguage":"ro-RO","@id":"https:\/\/roexit.info\/?p=265#primaryimage","url":"https:\/\/roexit.info\/wp-content\/uploads\/2023\/05\/degenerates.png","contentUrl":"https:\/\/roexit.info\/wp-content\/uploads\/2023\/05\/degenerates.png","width":1103,"height":728},{"@type":"BreadcrumbList","@id":"https:\/\/roexit.info\/?p=265#breadcrumb","itemListElement":[{"@type":"ListItem","position":1,"name":"Prima pagin\u0103","item":"https:\/\/roexit.info\/"},{"@type":"ListItem","position":2,"name":"Interese comune \u0219i na\u021bionalism"}]},{"@type":"WebSite","@id":"https:\/\/roexit.info\/#website","url":"https:\/\/roexit.info\/","name":"RoExit","description":"UE la co\u0219ul de gunoi al istoriei","publisher":{"@id":"https:\/\/roexit.info\/#organization"},"potentialAction":[{"@type":"SearchAction","target":{"@type":"EntryPoint","urlTemplate":"https:\/\/roexit.info\/?s={search_term_string}"},"query-input":{"@type":"PropertyValueSpecification","valueRequired":true,"valueName":"search_term_string"}}],"inLanguage":"ro-RO"},{"@type":"Organization","@id":"https:\/\/roexit.info\/#organization","name":"RoExit","url":"https:\/\/roexit.info\/","logo":{"@type":"ImageObject","inLanguage":"ro-RO","@id":"https:\/\/roexit.info\/#\/schema\/logo\/image\/","url":"https:\/\/roexit.info\/wp-content\/uploads\/2023\/12\/cropped-logo-vsrianta-2.jpeg","contentUrl":"https:\/\/roexit.info\/wp-content\/uploads\/2023\/12\/cropped-logo-vsrianta-2.jpeg","width":358,"height":277,"caption":"RoExit"},"image":{"@id":"https:\/\/roexit.info\/#\/schema\/logo\/image\/"}},{"@type":"Person","@id":"https:\/\/roexit.info\/#\/schema\/person\/a8f9d854425e670d7be352f0eef6054b","name":"admin","image":{"@type":"ImageObject","inLanguage":"ro-RO","@id":"https:\/\/roexit.info\/#\/schema\/person\/image\/","url":"https:\/\/secure.gravatar.com\/avatar\/e92cad7c67ba83f7e12edafde57fd84c602c01df1bef81af56a3fdc0ee24777f?s=96&d=mm&r=g","contentUrl":"https:\/\/secure.gravatar.com\/avatar\/e92cad7c67ba83f7e12edafde57fd84c602c01df1bef81af56a3fdc0ee24777f?s=96&d=mm&r=g","caption":"admin"},"sameAs":["https:\/\/roexit.info"],"url":"https:\/\/roexit.info\/?author=1"}]}},"_links":{"self":[{"href":"https:\/\/roexit.info\/index.php?rest_route=\/wp\/v2\/posts\/265","targetHints":{"allow":["GET"]}}],"collection":[{"href":"https:\/\/roexit.info\/index.php?rest_route=\/wp\/v2\/posts"}],"about":[{"href":"https:\/\/roexit.info\/index.php?rest_route=\/wp\/v2\/types\/post"}],"author":[{"embeddable":true,"href":"https:\/\/roexit.info\/index.php?rest_route=\/wp\/v2\/users\/1"}],"replies":[{"embeddable":true,"href":"https:\/\/roexit.info\/index.php?rest_route=%2Fwp%2Fv2%2Fcomments&post=265"}],"version-history":[{"count":2,"href":"https:\/\/roexit.info\/index.php?rest_route=\/wp\/v2\/posts\/265\/revisions"}],"predecessor-version":[{"id":556,"href":"https:\/\/roexit.info\/index.php?rest_route=\/wp\/v2\/posts\/265\/revisions\/556"}],"wp:featuredmedia":[{"embeddable":true,"href":"https:\/\/roexit.info\/index.php?rest_route=\/wp\/v2\/media\/555"}],"wp:attachment":[{"href":"https:\/\/roexit.info\/index.php?rest_route=%2Fwp%2Fv2%2Fmedia&parent=265"}],"wp:term":[{"taxonomy":"category","embeddable":true,"href":"https:\/\/roexit.info\/index.php?rest_route=%2Fwp%2Fv2%2Fcategories&post=265"},{"taxonomy":"post_tag","embeddable":true,"href":"https:\/\/roexit.info\/index.php?rest_route=%2Fwp%2Fv2%2Ftags&post=265"}],"curies":[{"name":"wp","href":"https:\/\/api.w.org\/{rel}","templated":true}]}}