{"id":692,"date":"2023-12-13T18:22:48","date_gmt":"2023-12-13T18:22:48","guid":{"rendered":"https:\/\/roexit.info\/?p=692"},"modified":"2025-10-21T15:12:36","modified_gmt":"2025-10-21T15:12:36","slug":"razboiul-se-cam-termina-dar-vitejia-abia-acum-se-arata-sanctiunile-europene-preluate-de-chisinau-determina-rusia-sa-impuna-interdictii-sanitare-legumelor-si-fruct","status":"publish","type":"post","link":"https:\/\/roexit.info\/?p=692","title":{"rendered":"R\u0103zboiul se cam termin\u0103, dar vitejia abia acum se-arat\u0103: Sanc\u021biunile \u201eeuropene\u201d preluate de Chi\u0219in\u0103u determin\u0103 Rusia s\u0103 impun\u0103 interdic\u021bii \u201esanitare\u201d legumelor \u0219i fructelor moldave"},"content":{"rendered":"<p>Republica Moldova s-a raliat, \u00een ultima s\u0103pt\u0103m\u00e2n\u0103 a lunii noiembrie 2023, sanc\u021biunilor economice impuse Federa\u021biei Ruse de c\u0103tre UE pe motiv de opera\u021biune militar\u0103 ucrainean\u0103. De mirare este cronologia, av\u00e2nd \u00een vedere c\u0103 r\u0103zboiul din Ucraina a izbucnit \u00een februarie 2022 \u0219i, dac\u0103 mai a\u0219teptau pu\u021bin, deciden\u021bii de la Chi\u0219in\u0103u ar fi \u00eemplinit doi ani de la \u00eenceputul r\u0103zboiului din Ucraina f\u0103r\u0103 a-\u0219i deteriora rela\u021biile economice cu Rusia. De altfel, <a href=\"https:\/\/www.activenews.ro\/stiri\/Maia-Sandu-se-autodemasca-Nu-vrea-sa-supere-muma-Rusie.-Ministrul-de-Externe-de-la-Chisinau-explica-de-ce-el-si-doamna-presedinta-nu-se-vor-alinia-sanctiunilor-europene-contra-Moscovei-desi-condamna-agresiunea-acesteia-din-Ucraina-173051\">motivul neimpunerii ini\u021biale de sanc\u021biuni contra Rusiei<\/a> fusese pus de Chi\u0219in\u0103u pe seama unei economii prea mici \u0219i prea deficitare pentru a-\u0219i putea permite luxul de a se autosabota.<\/p>\n<p>\u00centre timp, la 3 martie 2022 <a href=\"https:\/\/www.activenews.ro\/stiri\/Republica-Moldova-si-Georgia-au-semnat-cereri-de-aderare-la-Uniunea-Europeana.-Reactia-lui-Iohannis-Salut-cu-caldura-demersul-istoric-de-astazi-173109\">Republica Moldova a f\u0103cut cerere de aderare la UE<\/a>, alipindu-se, \u00eempreun\u0103 cu Georgia, de valul extinderii UE c\u0103tre Ucraina. Dup\u0103 ce \u00een februarie 2023 a avut loc la Chi\u0219in\u0103u un miting \u201epentru pace\u201d \u0219i anti-Maia Sandu al partidului \u0218or, considerat pro-rus, pe 21 mai 2023 s-a \u021binut un <a href=\"https:\/\/cerulcodrulsiparaul.ro\/2023\/05\/22\/europa-este-moldova-si-moldova-este-europa-nimic-despre-romania-cu-ce-difera-propaganda-ue-de-cea-a-urss-editorial\/\">miting pro-UE \u00een Pia\u021ba Marii Adun\u0103ri Na\u021bionale de la Chi\u0219in\u0103u<\/a>, \u00een prezen\u021ba Maiei Sandu \u0219i a \u0219efei Parlamentului UE, Roberta Metsola, care a slobozit celebra replic\u0103 \u201eEuropa este Moldova, Moldova este Europa\u201d, un dicton pe c\u00e2t \u00eengrijor\u0103tor pentru restul europenilor, pe at\u00e2t de contrariant pentru moldovenii de la Ia\u0219i, care se credeau din 2007 \u00een \u201eEuropa\u201d (= U.E.)&#8230;<\/p>\n<p>Pe 31 mai 2023 are loc <a href=\"http:\/\/oficial.md\/social\/satul-bulboaca-gazda-summitul-epc-ce-legende-si-istorii-ascunde-localitatea-din-centrul-tarii\">summit-ul Comunit\u0103\u021bii Politice Europene (CPE) \u00een Republica Moldova<\/a>, motiv de <a href=\"https:\/\/nordnews.md\/meniul-liderilor-europeni-la-summitul-epc-de-la-bulboaca-mamaliguta-umpluta-cu-branza-coltunati-cas-afumat-si-trufe-negre\/\">osp\u0103\u021b pantagruelic<\/a> \u00eentr-un castel privat dintr-un sat \u00een care <a href=\"https:\/\/www.facebook.com\/watch\/?v=266522275747349\">covorul asfaltic a ajuns doar p\u00e2n\u0103 la destina\u021bia celor 48 de oficiali europeni<\/a>, dar nu a avansat \u00eenc\u0103 5 km. \u0219i p\u00e2n\u0103 \u00een satul vecin, motiv de indignare pentru localnici. Cu acea ocazie, Maia Sandu ne anun\u021ba \u00eentr-un videoclip penibil cum \u201e<a href=\"https:\/\/www.facebook.com\/watch\/?v=268121988922017\">Bulboaca este preg\u0103tit\u0103<\/a>\u201d (lua\u021bi-o cum vre\u021bi, poante oricum se f\u0103ceau doar despre <a href=\"https:\/\/www.impact.ro\/george-simion-si-nunta-sa-de-aur-din-comuna-maciuca-398542.html\">M\u0103ciuca<\/a> \u00een 2022)&#8230;<\/p>\n<p>Pe 12 octombrie 2023, \u0219efa Comisiei UE, Ursula von der Leyen, efectueaz\u0103 o <a href=\"https:\/\/www.zdg.md\/importante\/presedinta-comisiei-europene-efectueaza-o-vizita-de-lucru-in-r-moldova-ce-document-urmeaza-sa-fie-semnat\/\">vizit\u0103 de lucru la Chi\u0219in\u0103u<\/a>. Oficial, \u201epentru a face o <a href=\"https:\/\/www.zdg.md\/importante\/motivul-pentru-care-presedinta-comisiei-europene-ursula-von-der-leyen-vine-maine-la-chisinau\/\">trecere \u00een revist\u0103 a progresului R. Moldova \u00een procesul de aderare<\/a> la Uniunea European\u0103\u201d, dar, mai exact, pentru a se \u00eent\u00e2lni cu Maia Sandu \u0219i cu premierul Dorin Recean. La vizita din mai de la Bulboaca, Ursula promisese Republicii Moldova \u201e<a href=\"https:\/\/newsmaker.md\/ro\/ue-tripleaza-sprijinul-financiar-pentru-moldova-ursula-von-der-leyen-suntem-solidari\/\">sprijin economic<\/a> adi\u021bional\u201d.<\/p>\n<p>Dar, cea mai notabil\u0103 turnur\u0103 politic\u0103 are loc pe 5 noiembrie 2023, c\u00e2nd <a href=\"https:\/\/timpul.md\/articol\/george-damian-pas-ul-maiei-sandu-a-pierdut-alegerile-locale-din-republica-moldova-scurt-si-la-obiect.html\">PAS, partidul Maiei Sandu, a pierdut alegerile locale<\/a> din Republica Moldova, neob\u021bin\u00e2nd conducerea dec\u00e2t a 3 ora\u0219e \u0219i 100 de sate dintr-un total de 898 de prim\u0103rii.<\/p>\n<p>Ei bine, la 25 noiembrie <a href=\"https:\/\/www.mediafax.ro\/externe\/republica-moldova-adera-la-pachetul-de-sanctiuni-al-ue-impotriva-kremlinului-rusia-promite-represalii-22200633\">apare \u0219tirea c\u0103<\/a> \u201eRepublica Moldova ader\u0103 la pachetul de sanc\u021biuni al UE \u00eempotriva Kremlinului\u201d, o mi\u0219care politic\u0103 a\u0219teptat\u0103 de mult dinspre Bruxelles, dar adoptat\u0103 de Chi\u0219in\u0103u abia la 3 s\u0103pt\u0103m\u00e2ni dup\u0103 ce partidul preziden\u021bial a pierdut majoritatea sprijinului electoral din capital\u0103 \u0219i provincie. Av\u00e2nd \u00een vedere c\u0103 peste 3 luni se \u00eemplinesc 2 ani de la \u00eenceputul invaziei Rusiei \u00een Ucraina, prilej cu care UE a impus din start sanc\u021biuni economice viz\u00e2nd sl\u0103birea Rusiei \u0219i eventuale revolte sociale la Moscova, ne \u00eentreb\u0103m dac\u0103 fra\u021bii moldoveni sunt oleac\u0103 defaza\u021bi sau doar au picat la \u021banc, dar din alt punct de vedere?<\/p>\n<p>Potrivit Mediafax, Ministerul de Externe al Federa\u021biei Ruse a catalogat sanc\u021biunile Chi\u0219in\u0103ului drept \u201e\u00eenc\u0103 un pas ostil al conducerii moldovene\u0219ti\u201d \u0219i a aten\u021bionat c\u0103 \u201e\u00een acest context, Moscova va riposta\u201d.<\/p>\n<p>N-a durat mult p\u00e2n\u0103 c\u00e2nd ru\u0219ii \u0219i-au pus \u00een mi\u0219care propriile sanc\u021biuni contra minusculei republici ex-sovietice construite de Stalin pe teritoriul jude\u021belor de est ale Rom\u00e2niei interbelice: \u201e\u00cencep\u00e2nd de luni, 4 decembrie, R. Moldova nu va mai putea exporta fructe \u0219i legume \u00een Federa\u021bia Rus\u0103. Serviciul Federal de Supraveghere Veterinar\u0103 \u0219i Fitosanitar\u0103 al Federa\u021biei Ruse, \u201eRosselhoznadzor\u201d, a anun\u021bat c\u0103 revine la restric\u021biile impuse \u00een 2022 asupra importurilor de produse reglementate din R. Moldova\u201d, a informat <a href=\"https:\/\/www.zdg.md\/stiri\/stiri-sociale\/incepand-de-saptamana-viitoare-r-moldova-nu-va-mai-putea-exporta-fructe-si-legume-in-rusia-motivul-anuntat-de-rosselhoznadzor\/\">Ziarul de Gard\u0103<\/a>.<\/p>\n<p>Nu este prima, dar nici ultima restric\u021bie de acest fel pe care acela\u0219i \u201eRosselhoznadzor\u201d a impus-o exporturilor de fructe \u0219i legume moldovene\u0219ti \u00een ultimii 30 de ani, majoritatea fiind influen\u021bate de meandrele politicului mai mult dec\u00e2t de meandrele concretului. \u00cens\u0103, Basarabia fiind o regiune eminamente agricol\u0103 \u0219i, \u00een mod particular, vinicol\u0103, aceste interdic\u021bii pe care cea mai mare pia\u021b\u0103 de desfacere din ultimii 80 de ani &#8211; cea ruseasc\u0103 &#8211; i le impune ar putea afecta serios \u0219i-a\u0219a deficitara economie moldav\u0103, mai ales acum, \u00een prag de iarn\u0103.<\/p>\n<p>R\u0103m\u00e2ne de v\u0103zut cum se vor reorienta agricultorii din st\u00e2nga Prutului: spre fra\u021bii din Rom\u00e2nia, din dragoste doar la nevoie, sau c\u0103tre UE, cu ale sale standarde costisitoare, la care nu oricine &#8211; nici m\u0103car <a href=\"https:\/\/www.gandul.ro\/actualitate\/restrictiile-exporturilor-de-cereale-ucrainiene-in-ue-au-fost-ridicate-ce-obligatii-are-kievul-in-schimb-20055664#:~:text=Comisia%20European%C4%83%20a%20ridicat%20condi%C8%9Bionat%2C%20vineri%2C%20restric%C8%9Biile%20de,UE%2C%20gr%C3%A2u%2C%20porumb%2C%20rapi%C5%A3%C4%83%20%C5%9Fi%20semin%C5%A3e%20de%20floarea-soarelui.\">agricultorul ucrainean<\/a> &#8211; se poate alinia! \u00cens\u0103, cum Chi\u0219in\u0103u nu e Kiev, s\u0103 vedem dac\u0103 standardele europene vor fi cobor\u00e2te \u0219i pentru moldoveni din amici\u021bie politic\u0103, sau dac\u0103, de data asta, Moldova nu-i Europa \u0219i nici viceversa!<\/p>\n","protected":false},"excerpt":{"rendered":"<p>Republica Moldova s-a raliat, \u00een ultima s\u0103pt\u0103m\u00e2n\u0103 a lunii noiembrie 2023, sanc\u021biunilor economice impuse Federa\u021biei Ruse de c\u0103tre UE pe motiv de opera\u021biune militar\u0103 ucrainean\u0103. De mirare este cronologia, av\u00e2nd \u00een vedere c\u0103 r\u0103zboiul din Ucraina a izbucnit \u00een februarie 2022 \u0219i, dac\u0103 mai a\u0219teptau pu\u021bin, deciden\u021bii de la Chi\u0219in\u0103u ar fi \u00eemplinit doi ani [&hellip;]<\/p>\n","protected":false},"author":3,"featured_media":694,"comment_status":"open","ping_status":"open","sticky":false,"template":"","format":"standard","meta":{"footnotes":""},"categories":[2],"tags":[124,133,127,135,140,128,126,38,134,130,138,132,136,129,125,131,139,123,12,53],"class_list":["post-692","post","type-post","status-publish","format-standard","has-post-thumbnail","hentry","category-stiri","tag-blocare-export-fructe-legume-din-republica-moldova","tag-bulboaca","tag-chisinau","tag-dorin-recean","tag-exporturi-agricole-din-ucraina","tag-extinderea-ue","tag-federatia-rusa","tag-fonduri-europene","tag-maciuca","tag-maia-sandu","tag-ministerul-de-externe-al-federatiei-ruse","tag-parlamentul-ue","tag-pas","tag-piata-marii-adunari-nationale-din-chisinau","tag-republica-moldova","tag-roberta-metsola","tag-rosselhoznadzor","tag-sanctiuni-economice-impotriva-rusiei","tag-ue","tag-ursula-von-der-leyen"],"yoast_head":"<!-- This site is optimized with the Yoast SEO plugin v24.4 - https:\/\/yoast.com\/wordpress\/plugins\/seo\/ -->\n<title>R\u0103zboiul se cam termin\u0103, dar vitejia abia acum se-arat\u0103: Sanc\u021biunile \u201eeuropene\u201d preluate de Chi\u0219in\u0103u determin\u0103 Rusia s\u0103 impun\u0103 interdic\u021bii \u201esanitare\u201d legumelor \u0219i fructelor moldave - RoExit<\/title>\n<meta name=\"robots\" content=\"index, follow, max-snippet:-1, max-image-preview:large, max-video-preview:-1\" \/>\n<link rel=\"canonical\" href=\"https:\/\/roexit.info\/?p=692\" \/>\n<meta property=\"og:locale\" content=\"ro_RO\" \/>\n<meta property=\"og:type\" content=\"article\" \/>\n<meta property=\"og:title\" content=\"R\u0103zboiul se cam termin\u0103, dar vitejia abia acum se-arat\u0103: Sanc\u021biunile \u201eeuropene\u201d preluate de Chi\u0219in\u0103u determin\u0103 Rusia s\u0103 impun\u0103 interdic\u021bii \u201esanitare\u201d legumelor \u0219i fructelor moldave - RoExit\" \/>\n<meta property=\"og:description\" content=\"Republica Moldova s-a raliat, \u00een ultima s\u0103pt\u0103m\u00e2n\u0103 a lunii noiembrie 2023, sanc\u021biunilor economice impuse Federa\u021biei Ruse de c\u0103tre UE pe motiv de opera\u021biune militar\u0103 ucrainean\u0103. De mirare este cronologia, av\u00e2nd \u00een vedere c\u0103 r\u0103zboiul din Ucraina a izbucnit \u00een februarie 2022 \u0219i, dac\u0103 mai a\u0219teptau pu\u021bin, deciden\u021bii de la Chi\u0219in\u0103u ar fi \u00eemplinit doi ani [&hellip;]\" \/>\n<meta property=\"og:url\" content=\"https:\/\/roexit.info\/?p=692\" \/>\n<meta property=\"og:site_name\" content=\"RoExit\" \/>\n<meta property=\"article:published_time\" content=\"2023-12-13T18:22:48+00:00\" \/>\n<meta property=\"article:modified_time\" content=\"2025-10-21T15:12:36+00:00\" \/>\n<meta property=\"og:image\" content=\"https:\/\/roexit.info\/wp-content\/uploads\/2023\/12\/mere-moldova.jpg\" \/>\n\t<meta property=\"og:image:width\" content=\"900\" \/>\n\t<meta property=\"og:image:height\" content=\"505\" \/>\n\t<meta property=\"og:image:type\" content=\"image\/jpeg\" \/>\n<meta name=\"author\" content=\"P\u00e2r\u0103u Vlad\" \/>\n<meta name=\"twitter:card\" content=\"summary_large_image\" \/>\n<meta name=\"twitter:label1\" content=\"Scris de\" \/>\n\t<meta name=\"twitter:data1\" content=\"P\u00e2r\u0103u Vlad\" \/>\n\t<meta name=\"twitter:label2\" content=\"Timp estimat pentru citire\" \/>\n\t<meta name=\"twitter:data2\" content=\"5 minute\" \/>\n<script type=\"application\/ld+json\" class=\"yoast-schema-graph\">{\"@context\":\"https:\/\/schema.org\",\"@graph\":[{\"@type\":\"Article\",\"@id\":\"https:\/\/roexit.info\/?p=692#article\",\"isPartOf\":{\"@id\":\"https:\/\/roexit.info\/?p=692\"},\"author\":{\"name\":\"P\u00e2r\u0103u Vlad\",\"@id\":\"https:\/\/roexit.info\/#\/schema\/person\/3822a7ccbd940791ab5628bbe51086c1\"},\"headline\":\"R\u0103zboiul se cam termin\u0103, dar vitejia abia acum se-arat\u0103: Sanc\u021biunile \u201eeuropene\u201d preluate de Chi\u0219in\u0103u determin\u0103 Rusia s\u0103 impun\u0103 interdic\u021bii \u201esanitare\u201d legumelor \u0219i fructelor moldave\",\"datePublished\":\"2023-12-13T18:22:48+00:00\",\"dateModified\":\"2025-10-21T15:12:36+00:00\",\"mainEntityOfPage\":{\"@id\":\"https:\/\/roexit.info\/?p=692\"},\"wordCount\":882,\"commentCount\":0,\"publisher\":{\"@id\":\"https:\/\/roexit.info\/#organization\"},\"image\":{\"@id\":\"https:\/\/roexit.info\/?p=692#primaryimage\"},\"thumbnailUrl\":\"https:\/\/roexit.info\/wp-content\/uploads\/2023\/12\/mere-moldova.jpg\",\"keywords\":[\"blocare export fructe - legume din Republica Moldova\",\"Bulboaca\",\"Chi\u0219in\u0103u\",\"Dorin Recean\",\"exporturi agricole din Ucraina\",\"extinderea UE\",\"Federa\u021bia Rus\u0103\",\"fonduri europene\",\"M\u0103ciuca\",\"Maia Sandu\",\"Ministerul de Externe al Federa\u021biei Ruse\",\"Parlamentul UE\",\"PAS\",\"Pia\u021ba Marii Adun\u0103ri Na\u021bionale din Chi\u0219in\u0103u\",\"Republica Moldova\",\"Roberta Metsola\",\"Rosselhoznadzor\",\"sanc\u021biuni economice \u00eempotriva Rusiei\",\"UE\",\"Ursula von der Leyen\"],\"articleSection\":[\"\u0218tiri\"],\"inLanguage\":\"ro-RO\",\"potentialAction\":[{\"@type\":\"CommentAction\",\"name\":\"Comment\",\"target\":[\"https:\/\/roexit.info\/?p=692#respond\"]}]},{\"@type\":\"WebPage\",\"@id\":\"https:\/\/roexit.info\/?p=692\",\"url\":\"https:\/\/roexit.info\/?p=692\",\"name\":\"R\u0103zboiul se cam termin\u0103, dar vitejia abia acum se-arat\u0103: Sanc\u021biunile \u201eeuropene\u201d preluate de Chi\u0219in\u0103u determin\u0103 Rusia s\u0103 impun\u0103 interdic\u021bii \u201esanitare\u201d legumelor \u0219i fructelor moldave - RoExit\",\"isPartOf\":{\"@id\":\"https:\/\/roexit.info\/#website\"},\"primaryImageOfPage\":{\"@id\":\"https:\/\/roexit.info\/?p=692#primaryimage\"},\"image\":{\"@id\":\"https:\/\/roexit.info\/?p=692#primaryimage\"},\"thumbnailUrl\":\"https:\/\/roexit.info\/wp-content\/uploads\/2023\/12\/mere-moldova.jpg\",\"datePublished\":\"2023-12-13T18:22:48+00:00\",\"dateModified\":\"2025-10-21T15:12:36+00:00\",\"breadcrumb\":{\"@id\":\"https:\/\/roexit.info\/?p=692#breadcrumb\"},\"inLanguage\":\"ro-RO\",\"potentialAction\":[{\"@type\":\"ReadAction\",\"target\":[\"https:\/\/roexit.info\/?p=692\"]}]},{\"@type\":\"ImageObject\",\"inLanguage\":\"ro-RO\",\"@id\":\"https:\/\/roexit.info\/?p=692#primaryimage\",\"url\":\"https:\/\/roexit.info\/wp-content\/uploads\/2023\/12\/mere-moldova.jpg\",\"contentUrl\":\"https:\/\/roexit.info\/wp-content\/uploads\/2023\/12\/mere-moldova.jpg\",\"width\":900,\"height\":505},{\"@type\":\"BreadcrumbList\",\"@id\":\"https:\/\/roexit.info\/?p=692#breadcrumb\",\"itemListElement\":[{\"@type\":\"ListItem\",\"position\":1,\"name\":\"Prima pagin\u0103\",\"item\":\"https:\/\/roexit.info\/\"},{\"@type\":\"ListItem\",\"position\":2,\"name\":\"R\u0103zboiul se cam termin\u0103, dar vitejia abia acum se-arat\u0103: Sanc\u021biunile \u201eeuropene\u201d preluate de Chi\u0219in\u0103u determin\u0103 Rusia s\u0103 impun\u0103 interdic\u021bii \u201esanitare\u201d legumelor \u0219i fructelor moldave\"}]},{\"@type\":\"WebSite\",\"@id\":\"https:\/\/roexit.info\/#website\",\"url\":\"https:\/\/roexit.info\/\",\"name\":\"RoExit\",\"description\":\"UE la co\u0219ul de gunoi al istoriei\",\"publisher\":{\"@id\":\"https:\/\/roexit.info\/#organization\"},\"potentialAction\":[{\"@type\":\"SearchAction\",\"target\":{\"@type\":\"EntryPoint\",\"urlTemplate\":\"https:\/\/roexit.info\/?s={search_term_string}\"},\"query-input\":{\"@type\":\"PropertyValueSpecification\",\"valueRequired\":true,\"valueName\":\"search_term_string\"}}],\"inLanguage\":\"ro-RO\"},{\"@type\":\"Organization\",\"@id\":\"https:\/\/roexit.info\/#organization\",\"name\":\"RoExit\",\"url\":\"https:\/\/roexit.info\/\",\"logo\":{\"@type\":\"ImageObject\",\"inLanguage\":\"ro-RO\",\"@id\":\"https:\/\/roexit.info\/#\/schema\/logo\/image\/\",\"url\":\"https:\/\/roexit.info\/wp-content\/uploads\/2023\/12\/cropped-logo-vsrianta-2.jpeg\",\"contentUrl\":\"https:\/\/roexit.info\/wp-content\/uploads\/2023\/12\/cropped-logo-vsrianta-2.jpeg\",\"width\":358,\"height\":277,\"caption\":\"RoExit\"},\"image\":{\"@id\":\"https:\/\/roexit.info\/#\/schema\/logo\/image\/\"}},{\"@type\":\"Person\",\"@id\":\"https:\/\/roexit.info\/#\/schema\/person\/3822a7ccbd940791ab5628bbe51086c1\",\"name\":\"P\u00e2r\u0103u Vlad\",\"image\":{\"@type\":\"ImageObject\",\"inLanguage\":\"ro-RO\",\"@id\":\"https:\/\/roexit.info\/#\/schema\/person\/image\/\",\"url\":\"https:\/\/secure.gravatar.com\/avatar\/14aff8b17897b19faac02aca2a116530d9e5c8912df6512c1bf3efb45f65a5f7?s=96&d=mm&r=g\",\"contentUrl\":\"https:\/\/secure.gravatar.com\/avatar\/14aff8b17897b19faac02aca2a116530d9e5c8912df6512c1bf3efb45f65a5f7?s=96&d=mm&r=g\",\"caption\":\"P\u00e2r\u0103u Vlad\"},\"description\":\"Redactor\/Editor at ROexit.info Redactor at Cerul, codrul \u0219i p\u00e2r\u0103ul Studied at Universitatea Lucian Blaga Sibiu\",\"sameAs\":[\"http:\/\/roexit.info\"],\"url\":\"https:\/\/roexit.info\/?author=3\"}]}<\/script>\n<!-- \/ Yoast SEO plugin. -->","yoast_head_json":{"title":"R\u0103zboiul se cam termin\u0103, dar vitejia abia acum se-arat\u0103: Sanc\u021biunile \u201eeuropene\u201d preluate de Chi\u0219in\u0103u determin\u0103 Rusia s\u0103 impun\u0103 interdic\u021bii \u201esanitare\u201d legumelor \u0219i fructelor moldave - RoExit","robots":{"index":"index","follow":"follow","max-snippet":"max-snippet:-1","max-image-preview":"max-image-preview:large","max-video-preview":"max-video-preview:-1"},"canonical":"https:\/\/roexit.info\/?p=692","og_locale":"ro_RO","og_type":"article","og_title":"R\u0103zboiul se cam termin\u0103, dar vitejia abia acum se-arat\u0103: Sanc\u021biunile \u201eeuropene\u201d preluate de Chi\u0219in\u0103u determin\u0103 Rusia s\u0103 impun\u0103 interdic\u021bii \u201esanitare\u201d legumelor \u0219i fructelor moldave - RoExit","og_description":"Republica Moldova s-a raliat, \u00een ultima s\u0103pt\u0103m\u00e2n\u0103 a lunii noiembrie 2023, sanc\u021biunilor economice impuse Federa\u021biei Ruse de c\u0103tre UE pe motiv de opera\u021biune militar\u0103 ucrainean\u0103. De mirare este cronologia, av\u00e2nd \u00een vedere c\u0103 r\u0103zboiul din Ucraina a izbucnit \u00een februarie 2022 \u0219i, dac\u0103 mai a\u0219teptau pu\u021bin, deciden\u021bii de la Chi\u0219in\u0103u ar fi \u00eemplinit doi ani [&hellip;]","og_url":"https:\/\/roexit.info\/?p=692","og_site_name":"RoExit","article_published_time":"2023-12-13T18:22:48+00:00","article_modified_time":"2025-10-21T15:12:36+00:00","og_image":[{"width":900,"height":505,"url":"https:\/\/roexit.info\/wp-content\/uploads\/2023\/12\/mere-moldova.jpg","type":"image\/jpeg"}],"author":"P\u00e2r\u0103u Vlad","twitter_card":"summary_large_image","twitter_misc":{"Scris de":"P\u00e2r\u0103u Vlad","Timp estimat pentru citire":"5 minute"},"schema":{"@context":"https:\/\/schema.org","@graph":[{"@type":"Article","@id":"https:\/\/roexit.info\/?p=692#article","isPartOf":{"@id":"https:\/\/roexit.info\/?p=692"},"author":{"name":"P\u00e2r\u0103u Vlad","@id":"https:\/\/roexit.info\/#\/schema\/person\/3822a7ccbd940791ab5628bbe51086c1"},"headline":"R\u0103zboiul se cam termin\u0103, dar vitejia abia acum se-arat\u0103: Sanc\u021biunile \u201eeuropene\u201d preluate de Chi\u0219in\u0103u determin\u0103 Rusia s\u0103 impun\u0103 interdic\u021bii \u201esanitare\u201d legumelor \u0219i fructelor moldave","datePublished":"2023-12-13T18:22:48+00:00","dateModified":"2025-10-21T15:12:36+00:00","mainEntityOfPage":{"@id":"https:\/\/roexit.info\/?p=692"},"wordCount":882,"commentCount":0,"publisher":{"@id":"https:\/\/roexit.info\/#organization"},"image":{"@id":"https:\/\/roexit.info\/?p=692#primaryimage"},"thumbnailUrl":"https:\/\/roexit.info\/wp-content\/uploads\/2023\/12\/mere-moldova.jpg","keywords":["blocare export fructe - legume din Republica Moldova","Bulboaca","Chi\u0219in\u0103u","Dorin Recean","exporturi agricole din Ucraina","extinderea UE","Federa\u021bia Rus\u0103","fonduri europene","M\u0103ciuca","Maia Sandu","Ministerul de Externe al Federa\u021biei Ruse","Parlamentul UE","PAS","Pia\u021ba Marii Adun\u0103ri Na\u021bionale din Chi\u0219in\u0103u","Republica Moldova","Roberta Metsola","Rosselhoznadzor","sanc\u021biuni economice \u00eempotriva Rusiei","UE","Ursula von der Leyen"],"articleSection":["\u0218tiri"],"inLanguage":"ro-RO","potentialAction":[{"@type":"CommentAction","name":"Comment","target":["https:\/\/roexit.info\/?p=692#respond"]}]},{"@type":"WebPage","@id":"https:\/\/roexit.info\/?p=692","url":"https:\/\/roexit.info\/?p=692","name":"R\u0103zboiul se cam termin\u0103, dar vitejia abia acum se-arat\u0103: Sanc\u021biunile \u201eeuropene\u201d preluate de Chi\u0219in\u0103u determin\u0103 Rusia s\u0103 impun\u0103 interdic\u021bii \u201esanitare\u201d legumelor \u0219i fructelor moldave - RoExit","isPartOf":{"@id":"https:\/\/roexit.info\/#website"},"primaryImageOfPage":{"@id":"https:\/\/roexit.info\/?p=692#primaryimage"},"image":{"@id":"https:\/\/roexit.info\/?p=692#primaryimage"},"thumbnailUrl":"https:\/\/roexit.info\/wp-content\/uploads\/2023\/12\/mere-moldova.jpg","datePublished":"2023-12-13T18:22:48+00:00","dateModified":"2025-10-21T15:12:36+00:00","breadcrumb":{"@id":"https:\/\/roexit.info\/?p=692#breadcrumb"},"inLanguage":"ro-RO","potentialAction":[{"@type":"ReadAction","target":["https:\/\/roexit.info\/?p=692"]}]},{"@type":"ImageObject","inLanguage":"ro-RO","@id":"https:\/\/roexit.info\/?p=692#primaryimage","url":"https:\/\/roexit.info\/wp-content\/uploads\/2023\/12\/mere-moldova.jpg","contentUrl":"https:\/\/roexit.info\/wp-content\/uploads\/2023\/12\/mere-moldova.jpg","width":900,"height":505},{"@type":"BreadcrumbList","@id":"https:\/\/roexit.info\/?p=692#breadcrumb","itemListElement":[{"@type":"ListItem","position":1,"name":"Prima pagin\u0103","item":"https:\/\/roexit.info\/"},{"@type":"ListItem","position":2,"name":"R\u0103zboiul se cam termin\u0103, dar vitejia abia acum se-arat\u0103: Sanc\u021biunile \u201eeuropene\u201d preluate de Chi\u0219in\u0103u determin\u0103 Rusia s\u0103 impun\u0103 interdic\u021bii \u201esanitare\u201d legumelor \u0219i fructelor moldave"}]},{"@type":"WebSite","@id":"https:\/\/roexit.info\/#website","url":"https:\/\/roexit.info\/","name":"RoExit","description":"UE la co\u0219ul de gunoi al istoriei","publisher":{"@id":"https:\/\/roexit.info\/#organization"},"potentialAction":[{"@type":"SearchAction","target":{"@type":"EntryPoint","urlTemplate":"https:\/\/roexit.info\/?s={search_term_string}"},"query-input":{"@type":"PropertyValueSpecification","valueRequired":true,"valueName":"search_term_string"}}],"inLanguage":"ro-RO"},{"@type":"Organization","@id":"https:\/\/roexit.info\/#organization","name":"RoExit","url":"https:\/\/roexit.info\/","logo":{"@type":"ImageObject","inLanguage":"ro-RO","@id":"https:\/\/roexit.info\/#\/schema\/logo\/image\/","url":"https:\/\/roexit.info\/wp-content\/uploads\/2023\/12\/cropped-logo-vsrianta-2.jpeg","contentUrl":"https:\/\/roexit.info\/wp-content\/uploads\/2023\/12\/cropped-logo-vsrianta-2.jpeg","width":358,"height":277,"caption":"RoExit"},"image":{"@id":"https:\/\/roexit.info\/#\/schema\/logo\/image\/"}},{"@type":"Person","@id":"https:\/\/roexit.info\/#\/schema\/person\/3822a7ccbd940791ab5628bbe51086c1","name":"P\u00e2r\u0103u Vlad","image":{"@type":"ImageObject","inLanguage":"ro-RO","@id":"https:\/\/roexit.info\/#\/schema\/person\/image\/","url":"https:\/\/secure.gravatar.com\/avatar\/14aff8b17897b19faac02aca2a116530d9e5c8912df6512c1bf3efb45f65a5f7?s=96&d=mm&r=g","contentUrl":"https:\/\/secure.gravatar.com\/avatar\/14aff8b17897b19faac02aca2a116530d9e5c8912df6512c1bf3efb45f65a5f7?s=96&d=mm&r=g","caption":"P\u00e2r\u0103u Vlad"},"description":"Redactor\/Editor at ROexit.info Redactor at Cerul, codrul \u0219i p\u00e2r\u0103ul Studied at Universitatea Lucian Blaga Sibiu","sameAs":["http:\/\/roexit.info"],"url":"https:\/\/roexit.info\/?author=3"}]}},"_links":{"self":[{"href":"https:\/\/roexit.info\/index.php?rest_route=\/wp\/v2\/posts\/692","targetHints":{"allow":["GET"]}}],"collection":[{"href":"https:\/\/roexit.info\/index.php?rest_route=\/wp\/v2\/posts"}],"about":[{"href":"https:\/\/roexit.info\/index.php?rest_route=\/wp\/v2\/types\/post"}],"author":[{"embeddable":true,"href":"https:\/\/roexit.info\/index.php?rest_route=\/wp\/v2\/users\/3"}],"replies":[{"embeddable":true,"href":"https:\/\/roexit.info\/index.php?rest_route=%2Fwp%2Fv2%2Fcomments&post=692"}],"version-history":[{"count":3,"href":"https:\/\/roexit.info\/index.php?rest_route=\/wp\/v2\/posts\/692\/revisions"}],"predecessor-version":[{"id":696,"href":"https:\/\/roexit.info\/index.php?rest_route=\/wp\/v2\/posts\/692\/revisions\/696"}],"wp:featuredmedia":[{"embeddable":true,"href":"https:\/\/roexit.info\/index.php?rest_route=\/wp\/v2\/media\/694"}],"wp:attachment":[{"href":"https:\/\/roexit.info\/index.php?rest_route=%2Fwp%2Fv2%2Fmedia&parent=692"}],"wp:term":[{"taxonomy":"category","embeddable":true,"href":"https:\/\/roexit.info\/index.php?rest_route=%2Fwp%2Fv2%2Fcategories&post=692"},{"taxonomy":"post_tag","embeddable":true,"href":"https:\/\/roexit.info\/index.php?rest_route=%2Fwp%2Fv2%2Ftags&post=692"}],"curies":[{"name":"wp","href":"https:\/\/api.w.org\/{rel}","templated":true}]}}