{"id":752,"date":"2024-01-12T15:59:01","date_gmt":"2024-01-12T15:59:01","guid":{"rendered":"https:\/\/roexit.info\/?p=752"},"modified":"2025-10-21T15:43:48","modified_gmt":"2025-10-21T15:43:48","slug":"crucea-poate-sa-ramana-in-institutiile-publice-din-landul-bavaria-a-decis-o-instanta-superioara-chiar-inainte-de-craciun","status":"publish","type":"post","link":"https:\/\/roexit.info\/?p=752","title":{"rendered":"Crucea poate s\u0103 r\u0103m\u00e2n\u0103 \u00een institu\u021biile publice din landul Bavaria, a decis o instan\u021b\u0103 superioar\u0103 chiar \u00eenainte de Cr\u0103ciun"},"content":{"rendered":"<p><strong>Cu o s\u0103pt\u0103m\u00e2n\u0103 \u00eenainte de Cr\u0103ciunul anului 2023, justi\u021bia german\u0103 a decis c\u0103 \u00een landul Bavaria crucile pot fi expuse \u00een continuare pe pere\u021bii institu\u021biilor publice, dup\u0103 ce o decizie \u00een acest sens din 2018 a unui politician \u201ecre\u0219tin-social\u201d a fost contestat\u0103 la tribunal de o asocia\u021bie ateist\u0103. <\/strong><\/p>\n<p>O instan\u021b\u0103 suprem\u0103 a respins o contesta\u021bie la decretul landului Bavaria privind amplasarea de crucifixe \u00een cl\u0103dirile de stat. Acum 5 ani, c\u00e2nd conservatorii cre\u0219tini au introdus pentru prima dat\u0103 aceast\u0103 reglementare, s-a declan\u0219at o dezbatere aprins\u0103 \u00een Germania cu privire la rela\u021bia dintre biseric\u0103 \u0219i stat, potrivit Deutsche Welle, citat\u0103 de <a href=\"https:\/\/www.msn.com\/en-xl\/news\/other\/germany-bavaria-can-hang-crosses-in-state-buildings\/ar-AA1lK8oE\">MSN.com<\/a>.<\/p>\n<p>Crucile montate la intrarea cl\u0103dirilor administrative din landul Bavaria pot r\u0103m\u00e2ne afi\u0219ate, a decis \u00een decembrie cea mai \u00eenalt\u0103 instan\u021b\u0103 german\u0103 pentru majoritatea litigiilor de drept administrativ.<\/p>\n<p>\u00cen 2018, premierul landului Bavaria, Markus S\u00f6der, din partea Uniunii Cre\u0219tin-Sociale (CSU),<a href=\"https:\/\/www.dw.com\/en\/germany-bavarias-controversial-cross-rule-goes-into-effect\/a-44027316\"> a dispus ca<\/a> toate cl\u0103dirile publice s\u0103 expun\u0103 la vedere o cruce &#8222;ca expresie a specificului istoric \u0219i cultural al Bavariei&#8221;.<\/p>\n<p>Un grup de lobby bavarez care pledeaz\u0103 pentru &#8222;separarea semnificativ\u0103 a bisericii \u0219i a statului, precum \u0219i pentru eradicarea privilegiilor biserice\u0219ti&#8221;, al c\u0103rui nume german s-ar putea traduce aproximativ prin Asocia\u021bia pentru g\u00e2ndire liber\u0103 pentru Bavaria (bfg Bayern), a contestat decretul \u00een instan\u021b\u0103.<\/p>\n<p>Aceasta a sus\u021binut c\u0103 m\u0103sura \u00eencalc\u0103 libertatea religioas\u0103 a oamenilor \u0219i \u00eencalc\u0103 obliga\u021bia statului de a fi neutru din punct de vedere religios.<\/p>\n<p>Procesul \u00eempotriva crucii &#8222;nu s-a \u00eencheiat \u00eenc\u0103&#8221;, sus\u021bine reclamantul<\/p>\n<p>Cu toate acestea, instan\u021ba a constatat c\u0103 hot\u0103r\u00e2rea a fost &#8222;o simpl\u0103 reglementare administrativ\u0103 f\u0103r\u0103 efecte juridice externe \u0219i, prin urmare, nu a \u00eenc\u0103lcat nici un drept al reclaman\u021bilor&#8221;.<\/p>\n<p>Instan\u021ba a declarat c\u0103, de\u0219i &#8222;crucile expuse prezint\u0103 un simbol central al credin\u021bei cre\u0219tine pentru un observator obiectiv&#8221;, acestea nu au avut, totu\u0219i, nici o consecin\u021b\u0103 legal\u0103 asupra libert\u0103\u021bii religioase a vizitatorilor.<\/p>\n<p>Markus S\u00f6der a salutat decizia instan\u021bei pe Twitter \/ X.com.<\/p>\n<p>\u201eSalut\u0103m hot\u0103r\u00e2rea Cur\u021bii Administrative Federale. Crucea este un simbol al specificului nostru cre\u0219tinesc \u0219i cultural. Ea apar\u021bine Bavariei\u201d, a postat S\u00f6der pe 19 decembrie 2023.<\/p>\n<p>Grupul bavarez contestatar a declarat c\u0103 ia \u00een considerare op\u021biunile sale legale, inclusiv sesizarea Cur\u021bii Constitu\u021bionale Federale &#8211; cea mai \u00eenalt\u0103 instan\u021b\u0103 din Germania.<\/p>\n<p>&#8222;Lucrurile nu se termin\u0103 aici&#8221;, a declarat Assunta Tammelleo, pre\u0219edinta asocia\u021biei.<\/p>\n<p>Crucea va r\u0103m\u00e2ne \u00een Bavaria<\/p>\n<p>C\u00e2nd a fost anun\u021bat\u0103 pentru prima dat\u0103 solicitarea referitoare la expunerea de crucifixe \u00een institu\u021bii, aceasta a st\u00e2rnit o dezbatere aprins\u0103 \u00een Germania \u0219i a atras critici din partea grup\u0103rilor protestante \u0219i chiar din partea Conferin\u021bei episcopilor catolici germani.<\/p>\n<p>Grup\u0103rile religioase se temeau c\u0103 problema ar fi fost ridicat\u0103 \u00een mod artificial \u00eenainte de alegerile de stat din 2018, pe care CSU a reu\u0219it s\u0103 le c\u00e2\u0219tige.<\/p>\n<p>\u00cen decembrie 2023, chiar \u00eenainte de hot\u0103r\u00e2rea instan\u021bei, arhiepiscopul catolic de M\u00fcnchen, cardinalul Reinhard Marx, a declarat c\u0103 este &#8222;foarte \u00een favoarea expunerii de crucifixe \u00een spa\u021bii publice&#8221;.<\/p>\n<p>&#8222;Crucea nu poate fi f\u0103cut\u0103 s\u0103 dispar\u0103 \u00een Bavaria&#8221;, a afirmat acesta.<\/p>\n<p>&nbsp;<\/p>\n","protected":false},"excerpt":{"rendered":"<p>Cu o s\u0103pt\u0103m\u00e2n\u0103 \u00eenainte de Cr\u0103ciunul anului 2023, justi\u021bia german\u0103 a decis c\u0103 \u00een landul Bavaria crucile pot fi expuse \u00een continuare pe pere\u021bii institu\u021biilor publice, dup\u0103 ce o decizie \u00een acest sens din 2018 a unui politician \u201ecre\u0219tin-social\u201d a fost contestat\u0103 la tribunal de o asocia\u021bie ateist\u0103. O instan\u021b\u0103 suprem\u0103 a respins o contesta\u021bie [&hellip;]<\/p>\n","protected":false},"author":3,"featured_media":1320,"comment_status":"open","ping_status":"open","sticky":false,"template":"","format":"standard","meta":{"footnotes":""},"categories":[31,270,290,3,4],"tags":[412,401,399,403,405,411,410,407,409,400,404],"class_list":["post-752","post","type-post","status-publish","format-standard","has-post-thumbnail","hentry","category-cultura","category-externe","category-politica","category-religie","category-stil_de_viata","tag-conferinta-episcopilor-catolici-din-germania","tag-crucifix","tag-drepturile-omului","tag-germania","tag-markus-soder","tag-reinhard-marx","tag-romano-catolicism","tag-secularism","tag-separarea-bisericii-de-stat","tag-sfanta-cruce","tag-uniunea-crestin-sociala"],"yoast_head":"<!-- This site is optimized with the Yoast SEO plugin v24.4 - https:\/\/yoast.com\/wordpress\/plugins\/seo\/ -->\n<title>Crucea poate s\u0103 r\u0103m\u00e2n\u0103 \u00een institu\u021biile publice din landul Bavaria, a decis o instan\u021b\u0103 superioar\u0103 chiar \u00eenainte de Cr\u0103ciun - RoExit<\/title>\n<meta name=\"robots\" content=\"index, follow, max-snippet:-1, max-image-preview:large, max-video-preview:-1\" \/>\n<link rel=\"canonical\" href=\"https:\/\/roexit.info\/?p=752\" \/>\n<meta property=\"og:locale\" content=\"ro_RO\" \/>\n<meta property=\"og:type\" content=\"article\" \/>\n<meta property=\"og:title\" content=\"Crucea poate s\u0103 r\u0103m\u00e2n\u0103 \u00een institu\u021biile publice din landul Bavaria, a decis o instan\u021b\u0103 superioar\u0103 chiar \u00eenainte de Cr\u0103ciun - RoExit\" \/>\n<meta property=\"og:description\" content=\"Cu o s\u0103pt\u0103m\u00e2n\u0103 \u00eenainte de Cr\u0103ciunul anului 2023, justi\u021bia german\u0103 a decis c\u0103 \u00een landul Bavaria crucile pot fi expuse \u00een continuare pe pere\u021bii institu\u021biilor publice, dup\u0103 ce o decizie \u00een acest sens din 2018 a unui politician \u201ecre\u0219tin-social\u201d a fost contestat\u0103 la tribunal de o asocia\u021bie ateist\u0103. O instan\u021b\u0103 suprem\u0103 a respins o contesta\u021bie [&hellip;]\" \/>\n<meta property=\"og:url\" content=\"https:\/\/roexit.info\/?p=752\" \/>\n<meta property=\"og:site_name\" content=\"RoExit\" \/>\n<meta property=\"article:published_time\" content=\"2024-01-12T15:59:01+00:00\" \/>\n<meta property=\"article:modified_time\" content=\"2025-10-21T15:43:48+00:00\" \/>\n<meta property=\"og:image\" content=\"https:\/\/roexit.info\/wp-content\/uploads\/2024\/01\/markus-soder-cruce.jpg\" \/>\n\t<meta property=\"og:image:width\" content=\"1024\" \/>\n\t<meta property=\"og:image:height\" content=\"682\" \/>\n\t<meta property=\"og:image:type\" content=\"image\/jpeg\" \/>\n<meta name=\"author\" content=\"P\u00e2r\u0103u Vlad\" \/>\n<meta name=\"twitter:card\" content=\"summary_large_image\" \/>\n<meta name=\"twitter:label1\" content=\"Scris de\" \/>\n\t<meta name=\"twitter:data1\" content=\"P\u00e2r\u0103u Vlad\" \/>\n\t<meta name=\"twitter:label2\" content=\"Timp estimat pentru citire\" \/>\n\t<meta name=\"twitter:data2\" content=\"3 minute\" \/>\n<script type=\"application\/ld+json\" class=\"yoast-schema-graph\">{\"@context\":\"https:\/\/schema.org\",\"@graph\":[{\"@type\":\"Article\",\"@id\":\"https:\/\/roexit.info\/?p=752#article\",\"isPartOf\":{\"@id\":\"https:\/\/roexit.info\/?p=752\"},\"author\":{\"name\":\"P\u00e2r\u0103u Vlad\",\"@id\":\"https:\/\/roexit.info\/#\/schema\/person\/3822a7ccbd940791ab5628bbe51086c1\"},\"headline\":\"Crucea poate s\u0103 r\u0103m\u00e2n\u0103 \u00een institu\u021biile publice din landul Bavaria, a decis o instan\u021b\u0103 superioar\u0103 chiar \u00eenainte de Cr\u0103ciun\",\"datePublished\":\"2024-01-12T15:59:01+00:00\",\"dateModified\":\"2025-10-21T15:43:48+00:00\",\"mainEntityOfPage\":{\"@id\":\"https:\/\/roexit.info\/?p=752\"},\"wordCount\":569,\"commentCount\":0,\"publisher\":{\"@id\":\"https:\/\/roexit.info\/#organization\"},\"image\":{\"@id\":\"https:\/\/roexit.info\/?p=752#primaryimage\"},\"thumbnailUrl\":\"https:\/\/roexit.info\/wp-content\/uploads\/2024\/01\/markus-soder-cruce.jpg\",\"keywords\":[\"Conferin\u021ba Episcopilor Catolici din Germania\",\"crucifix\",\"drepturile omului\",\"Germania\",\"Markus S\u00f6der\",\"Reinhard Marx\",\"Romano-Catolicism\",\"secularism\",\"separarea bisericii de stat\",\"Sf\u00e2nta Cruce\",\"Uniunea Cre\u0219tin-Social\u0103\"],\"articleSection\":[\"Cultur\u0103\",\"Externe\",\"Politic\u0103\",\"Religie\",\"Via\u021ba \u00een secolul XXI\"],\"inLanguage\":\"ro-RO\",\"potentialAction\":[{\"@type\":\"CommentAction\",\"name\":\"Comment\",\"target\":[\"https:\/\/roexit.info\/?p=752#respond\"]}]},{\"@type\":\"WebPage\",\"@id\":\"https:\/\/roexit.info\/?p=752\",\"url\":\"https:\/\/roexit.info\/?p=752\",\"name\":\"Crucea poate s\u0103 r\u0103m\u00e2n\u0103 \u00een institu\u021biile publice din landul Bavaria, a decis o instan\u021b\u0103 superioar\u0103 chiar \u00eenainte de Cr\u0103ciun - RoExit\",\"isPartOf\":{\"@id\":\"https:\/\/roexit.info\/#website\"},\"primaryImageOfPage\":{\"@id\":\"https:\/\/roexit.info\/?p=752#primaryimage\"},\"image\":{\"@id\":\"https:\/\/roexit.info\/?p=752#primaryimage\"},\"thumbnailUrl\":\"https:\/\/roexit.info\/wp-content\/uploads\/2024\/01\/markus-soder-cruce.jpg\",\"datePublished\":\"2024-01-12T15:59:01+00:00\",\"dateModified\":\"2025-10-21T15:43:48+00:00\",\"breadcrumb\":{\"@id\":\"https:\/\/roexit.info\/?p=752#breadcrumb\"},\"inLanguage\":\"ro-RO\",\"potentialAction\":[{\"@type\":\"ReadAction\",\"target\":[\"https:\/\/roexit.info\/?p=752\"]}]},{\"@type\":\"ImageObject\",\"inLanguage\":\"ro-RO\",\"@id\":\"https:\/\/roexit.info\/?p=752#primaryimage\",\"url\":\"https:\/\/roexit.info\/wp-content\/uploads\/2024\/01\/markus-soder-cruce.jpg\",\"contentUrl\":\"https:\/\/roexit.info\/wp-content\/uploads\/2024\/01\/markus-soder-cruce.jpg\",\"width\":1024,\"height\":682,\"caption\":\"Foto: https:\/\/solidaritateeuropeana.wordpress.com\/\"},{\"@type\":\"BreadcrumbList\",\"@id\":\"https:\/\/roexit.info\/?p=752#breadcrumb\",\"itemListElement\":[{\"@type\":\"ListItem\",\"position\":1,\"name\":\"Prima pagin\u0103\",\"item\":\"https:\/\/roexit.info\/\"},{\"@type\":\"ListItem\",\"position\":2,\"name\":\"Crucea poate s\u0103 r\u0103m\u00e2n\u0103 \u00een institu\u021biile publice din landul Bavaria, a decis o instan\u021b\u0103 superioar\u0103 chiar \u00eenainte de Cr\u0103ciun\"}]},{\"@type\":\"WebSite\",\"@id\":\"https:\/\/roexit.info\/#website\",\"url\":\"https:\/\/roexit.info\/\",\"name\":\"RoExit\",\"description\":\"UE la co\u0219ul de gunoi al istoriei\",\"publisher\":{\"@id\":\"https:\/\/roexit.info\/#organization\"},\"potentialAction\":[{\"@type\":\"SearchAction\",\"target\":{\"@type\":\"EntryPoint\",\"urlTemplate\":\"https:\/\/roexit.info\/?s={search_term_string}\"},\"query-input\":{\"@type\":\"PropertyValueSpecification\",\"valueRequired\":true,\"valueName\":\"search_term_string\"}}],\"inLanguage\":\"ro-RO\"},{\"@type\":\"Organization\",\"@id\":\"https:\/\/roexit.info\/#organization\",\"name\":\"RoExit\",\"url\":\"https:\/\/roexit.info\/\",\"logo\":{\"@type\":\"ImageObject\",\"inLanguage\":\"ro-RO\",\"@id\":\"https:\/\/roexit.info\/#\/schema\/logo\/image\/\",\"url\":\"https:\/\/roexit.info\/wp-content\/uploads\/2023\/12\/cropped-logo-vsrianta-2.jpeg\",\"contentUrl\":\"https:\/\/roexit.info\/wp-content\/uploads\/2023\/12\/cropped-logo-vsrianta-2.jpeg\",\"width\":358,\"height\":277,\"caption\":\"RoExit\"},\"image\":{\"@id\":\"https:\/\/roexit.info\/#\/schema\/logo\/image\/\"}},{\"@type\":\"Person\",\"@id\":\"https:\/\/roexit.info\/#\/schema\/person\/3822a7ccbd940791ab5628bbe51086c1\",\"name\":\"P\u00e2r\u0103u Vlad\",\"image\":{\"@type\":\"ImageObject\",\"inLanguage\":\"ro-RO\",\"@id\":\"https:\/\/roexit.info\/#\/schema\/person\/image\/\",\"url\":\"https:\/\/secure.gravatar.com\/avatar\/14aff8b17897b19faac02aca2a116530d9e5c8912df6512c1bf3efb45f65a5f7?s=96&d=mm&r=g\",\"contentUrl\":\"https:\/\/secure.gravatar.com\/avatar\/14aff8b17897b19faac02aca2a116530d9e5c8912df6512c1bf3efb45f65a5f7?s=96&d=mm&r=g\",\"caption\":\"P\u00e2r\u0103u Vlad\"},\"description\":\"Redactor\/Editor at ROexit.info Redactor at Cerul, codrul \u0219i p\u00e2r\u0103ul Studied at Universitatea Lucian Blaga Sibiu\",\"sameAs\":[\"http:\/\/roexit.info\"],\"url\":\"https:\/\/roexit.info\/?author=3\"}]}<\/script>\n<!-- \/ Yoast SEO plugin. -->","yoast_head_json":{"title":"Crucea poate s\u0103 r\u0103m\u00e2n\u0103 \u00een institu\u021biile publice din landul Bavaria, a decis o instan\u021b\u0103 superioar\u0103 chiar \u00eenainte de Cr\u0103ciun - RoExit","robots":{"index":"index","follow":"follow","max-snippet":"max-snippet:-1","max-image-preview":"max-image-preview:large","max-video-preview":"max-video-preview:-1"},"canonical":"https:\/\/roexit.info\/?p=752","og_locale":"ro_RO","og_type":"article","og_title":"Crucea poate s\u0103 r\u0103m\u00e2n\u0103 \u00een institu\u021biile publice din landul Bavaria, a decis o instan\u021b\u0103 superioar\u0103 chiar \u00eenainte de Cr\u0103ciun - RoExit","og_description":"Cu o s\u0103pt\u0103m\u00e2n\u0103 \u00eenainte de Cr\u0103ciunul anului 2023, justi\u021bia german\u0103 a decis c\u0103 \u00een landul Bavaria crucile pot fi expuse \u00een continuare pe pere\u021bii institu\u021biilor publice, dup\u0103 ce o decizie \u00een acest sens din 2018 a unui politician \u201ecre\u0219tin-social\u201d a fost contestat\u0103 la tribunal de o asocia\u021bie ateist\u0103. O instan\u021b\u0103 suprem\u0103 a respins o contesta\u021bie [&hellip;]","og_url":"https:\/\/roexit.info\/?p=752","og_site_name":"RoExit","article_published_time":"2024-01-12T15:59:01+00:00","article_modified_time":"2025-10-21T15:43:48+00:00","og_image":[{"width":1024,"height":682,"url":"https:\/\/roexit.info\/wp-content\/uploads\/2024\/01\/markus-soder-cruce.jpg","type":"image\/jpeg"}],"author":"P\u00e2r\u0103u Vlad","twitter_card":"summary_large_image","twitter_misc":{"Scris de":"P\u00e2r\u0103u Vlad","Timp estimat pentru citire":"3 minute"},"schema":{"@context":"https:\/\/schema.org","@graph":[{"@type":"Article","@id":"https:\/\/roexit.info\/?p=752#article","isPartOf":{"@id":"https:\/\/roexit.info\/?p=752"},"author":{"name":"P\u00e2r\u0103u Vlad","@id":"https:\/\/roexit.info\/#\/schema\/person\/3822a7ccbd940791ab5628bbe51086c1"},"headline":"Crucea poate s\u0103 r\u0103m\u00e2n\u0103 \u00een institu\u021biile publice din landul Bavaria, a decis o instan\u021b\u0103 superioar\u0103 chiar \u00eenainte de Cr\u0103ciun","datePublished":"2024-01-12T15:59:01+00:00","dateModified":"2025-10-21T15:43:48+00:00","mainEntityOfPage":{"@id":"https:\/\/roexit.info\/?p=752"},"wordCount":569,"commentCount":0,"publisher":{"@id":"https:\/\/roexit.info\/#organization"},"image":{"@id":"https:\/\/roexit.info\/?p=752#primaryimage"},"thumbnailUrl":"https:\/\/roexit.info\/wp-content\/uploads\/2024\/01\/markus-soder-cruce.jpg","keywords":["Conferin\u021ba Episcopilor Catolici din Germania","crucifix","drepturile omului","Germania","Markus S\u00f6der","Reinhard Marx","Romano-Catolicism","secularism","separarea bisericii de stat","Sf\u00e2nta Cruce","Uniunea Cre\u0219tin-Social\u0103"],"articleSection":["Cultur\u0103","Externe","Politic\u0103","Religie","Via\u021ba \u00een secolul XXI"],"inLanguage":"ro-RO","potentialAction":[{"@type":"CommentAction","name":"Comment","target":["https:\/\/roexit.info\/?p=752#respond"]}]},{"@type":"WebPage","@id":"https:\/\/roexit.info\/?p=752","url":"https:\/\/roexit.info\/?p=752","name":"Crucea poate s\u0103 r\u0103m\u00e2n\u0103 \u00een institu\u021biile publice din landul Bavaria, a decis o instan\u021b\u0103 superioar\u0103 chiar \u00eenainte de Cr\u0103ciun - RoExit","isPartOf":{"@id":"https:\/\/roexit.info\/#website"},"primaryImageOfPage":{"@id":"https:\/\/roexit.info\/?p=752#primaryimage"},"image":{"@id":"https:\/\/roexit.info\/?p=752#primaryimage"},"thumbnailUrl":"https:\/\/roexit.info\/wp-content\/uploads\/2024\/01\/markus-soder-cruce.jpg","datePublished":"2024-01-12T15:59:01+00:00","dateModified":"2025-10-21T15:43:48+00:00","breadcrumb":{"@id":"https:\/\/roexit.info\/?p=752#breadcrumb"},"inLanguage":"ro-RO","potentialAction":[{"@type":"ReadAction","target":["https:\/\/roexit.info\/?p=752"]}]},{"@type":"ImageObject","inLanguage":"ro-RO","@id":"https:\/\/roexit.info\/?p=752#primaryimage","url":"https:\/\/roexit.info\/wp-content\/uploads\/2024\/01\/markus-soder-cruce.jpg","contentUrl":"https:\/\/roexit.info\/wp-content\/uploads\/2024\/01\/markus-soder-cruce.jpg","width":1024,"height":682,"caption":"Foto: https:\/\/solidaritateeuropeana.wordpress.com\/"},{"@type":"BreadcrumbList","@id":"https:\/\/roexit.info\/?p=752#breadcrumb","itemListElement":[{"@type":"ListItem","position":1,"name":"Prima pagin\u0103","item":"https:\/\/roexit.info\/"},{"@type":"ListItem","position":2,"name":"Crucea poate s\u0103 r\u0103m\u00e2n\u0103 \u00een institu\u021biile publice din landul Bavaria, a decis o instan\u021b\u0103 superioar\u0103 chiar \u00eenainte de Cr\u0103ciun"}]},{"@type":"WebSite","@id":"https:\/\/roexit.info\/#website","url":"https:\/\/roexit.info\/","name":"RoExit","description":"UE la co\u0219ul de gunoi al istoriei","publisher":{"@id":"https:\/\/roexit.info\/#organization"},"potentialAction":[{"@type":"SearchAction","target":{"@type":"EntryPoint","urlTemplate":"https:\/\/roexit.info\/?s={search_term_string}"},"query-input":{"@type":"PropertyValueSpecification","valueRequired":true,"valueName":"search_term_string"}}],"inLanguage":"ro-RO"},{"@type":"Organization","@id":"https:\/\/roexit.info\/#organization","name":"RoExit","url":"https:\/\/roexit.info\/","logo":{"@type":"ImageObject","inLanguage":"ro-RO","@id":"https:\/\/roexit.info\/#\/schema\/logo\/image\/","url":"https:\/\/roexit.info\/wp-content\/uploads\/2023\/12\/cropped-logo-vsrianta-2.jpeg","contentUrl":"https:\/\/roexit.info\/wp-content\/uploads\/2023\/12\/cropped-logo-vsrianta-2.jpeg","width":358,"height":277,"caption":"RoExit"},"image":{"@id":"https:\/\/roexit.info\/#\/schema\/logo\/image\/"}},{"@type":"Person","@id":"https:\/\/roexit.info\/#\/schema\/person\/3822a7ccbd940791ab5628bbe51086c1","name":"P\u00e2r\u0103u Vlad","image":{"@type":"ImageObject","inLanguage":"ro-RO","@id":"https:\/\/roexit.info\/#\/schema\/person\/image\/","url":"https:\/\/secure.gravatar.com\/avatar\/14aff8b17897b19faac02aca2a116530d9e5c8912df6512c1bf3efb45f65a5f7?s=96&d=mm&r=g","contentUrl":"https:\/\/secure.gravatar.com\/avatar\/14aff8b17897b19faac02aca2a116530d9e5c8912df6512c1bf3efb45f65a5f7?s=96&d=mm&r=g","caption":"P\u00e2r\u0103u Vlad"},"description":"Redactor\/Editor at ROexit.info Redactor at Cerul, codrul \u0219i p\u00e2r\u0103ul Studied at Universitatea Lucian Blaga Sibiu","sameAs":["http:\/\/roexit.info"],"url":"https:\/\/roexit.info\/?author=3"}]}},"_links":{"self":[{"href":"https:\/\/roexit.info\/index.php?rest_route=\/wp\/v2\/posts\/752","targetHints":{"allow":["GET"]}}],"collection":[{"href":"https:\/\/roexit.info\/index.php?rest_route=\/wp\/v2\/posts"}],"about":[{"href":"https:\/\/roexit.info\/index.php?rest_route=\/wp\/v2\/types\/post"}],"author":[{"embeddable":true,"href":"https:\/\/roexit.info\/index.php?rest_route=\/wp\/v2\/users\/3"}],"replies":[{"embeddable":true,"href":"https:\/\/roexit.info\/index.php?rest_route=%2Fwp%2Fv2%2Fcomments&post=752"}],"version-history":[{"count":3,"href":"https:\/\/roexit.info\/index.php?rest_route=\/wp\/v2\/posts\/752\/revisions"}],"predecessor-version":[{"id":1321,"href":"https:\/\/roexit.info\/index.php?rest_route=\/wp\/v2\/posts\/752\/revisions\/1321"}],"wp:featuredmedia":[{"embeddable":true,"href":"https:\/\/roexit.info\/index.php?rest_route=\/wp\/v2\/media\/1320"}],"wp:attachment":[{"href":"https:\/\/roexit.info\/index.php?rest_route=%2Fwp%2Fv2%2Fmedia&parent=752"}],"wp:term":[{"taxonomy":"category","embeddable":true,"href":"https:\/\/roexit.info\/index.php?rest_route=%2Fwp%2Fv2%2Fcategories&post=752"},{"taxonomy":"post_tag","embeddable":true,"href":"https:\/\/roexit.info\/index.php?rest_route=%2Fwp%2Fv2%2Ftags&post=752"}],"curies":[{"name":"wp","href":"https:\/\/api.w.org\/{rel}","templated":true}]}}