{"id":939,"date":"2024-01-01T18:18:27","date_gmt":"2024-01-01T18:18:27","guid":{"rendered":"https:\/\/roexit.info\/?p=939"},"modified":"2025-10-21T15:41:45","modified_gmt":"2025-10-21T15:41:45","slug":"ce-va-mai-ramane-din-ideea-de-ue","status":"publish","type":"post","link":"https:\/\/roexit.info\/?p=939","title":{"rendered":"Ce va mai r\u0103m\u00e2ne din ideea de UE?"},"content":{"rendered":"<p style=\"text-align: right;\">de C\u0103lin Tudose<\/p>\n<p>Trebuie s\u0103 \u00een\u021belegem esen\u021ba colonialismului, anume toxicitatea sa. El fiin\u021beaz\u0103 ca doctrin\u0103 exclusiv pentru un singur demers, asigurarea domina\u021biei asupra oric\u0103rui mecanism generator de profit. Domina\u021bie care are ca unic scop, anume generarea posibilit\u0103\u021bii de a \u00eenf\u0103ptui jaful, de a-i s\u0103r\u0103ci pe cei slabi pentru ca apoi ace\u0219tia s\u0103 poat\u0103 fi mai u\u0219or extermina\u021bi, iar exterminarea, reducerea la nimic are zeci de chipuri, nu \u00eenseamn\u0103 neap\u0103rat lichidarea fizic\u0103, ci trecerea efectiv\u0103 \u00een derizoriu, \u00een neputin\u021b\u0103.<\/p>\n<p>Profitorii din v\u00e2rful piramidei capitalismului occidental au dat o lovitur\u0103 n\u0103ucitoare clasei sociale de mijloc, a\u0219a-zisa muncitorime sindicalizat\u0103 din SUA \u0219i Europa de Vest, prin externalizarea produc\u021biei \u00een Asia, destructur\u00e2nd complet puterea celor ce creau plusprodus, a celor care puteau avea preten\u021bii prentru o via\u021b\u0103 mai bun\u0103 de la sistemul de acumulare de avere.<\/p>\n<p>Dup\u0103 aceast\u0103 abomina\u021bie, hidra marilor jefuitori psihopa\u021bi occidentali, genereaz\u0103 alte apocalipse \u00eempotriva propriilor cet\u0103\u021beni de care se presupune c\u0103 ar trebui s\u0103 aib\u0103 grij\u0103.<\/p>\n<p>Una dintre aceste apocalipse, care ne prive\u0219te \u0219i pe noi, este SUS\u021aINEREA MIGRA\u021aIEI \u00ceN EUROPA, surs\u0103 de destructurare total\u0103 a deja pr\u0103bu\u0219itei civiliza\u021bii cre\u0219tin-occidentale.<\/p>\n<p>Scopul aceastei nebunii este controlul \u0219i terorizarea propriilor cet\u0103\u021beni de c\u0103tre arhitec\u021bii demen\u021bi ai jafului colonialist occidental pentru \u00eemplinirea singurului lor obiectiv, anume confiscarea \u00een timp a tuturor resurselor existen\u021biale a celor ce \u00een timp devin sclavi siguri, palpabili, la \u00eendem\u00e2n\u0103.<\/p>\n<p>\u00cen momentul de fa\u021b\u0103 apartenen\u021ba la UE este un \u0219arpe otr\u0103vitor a\u0219ezat de tr\u0103d\u0103tori \u0219i de naivi la s\u00e2nul \u021b\u0103rii nostre, un proiect dus \u00eempotriva a tot ceea ce poate fi definit ca na\u021biune, perenitate \u0219i suveranitate a Rom\u00e2niei.<\/p>\n<p style=\"text-align: right;\">preluare &#8211; https:\/\/telegra.ph\/Ce-va-mai-r%C4%83m%C3%A2ne-din-ideea-de-UE-01-01<\/p>\n<p>&nbsp;<\/p>\n<blockquote class=\"wp-embedded-content\" data-secret=\"shnuPST0BZ\"><p><a href=\"https:\/\/strategic-culture.su\/news\/2024\/01\/01\/what-will-be-left-out-of-eu\/\">What Will Be Left Out of the EU?<\/a><\/p><\/blockquote>\n<p><iframe loading=\"lazy\" class=\"wp-embedded-content\" sandbox=\"allow-scripts\" security=\"restricted\" style=\"position: absolute; clip: rect(1px, 1px, 1px, 1px);\" title=\"&#8220;What Will Be Left Out of the EU?&#8221; &#8212; Strategic Culture Foundation\" src=\"https:\/\/strategic-culture.su\/news\/2024\/01\/01\/what-will-be-left-out-of-eu\/embed\/#?secret=9pHNVwD9ey#?secret=shnuPST0BZ\" data-secret=\"shnuPST0BZ\" width=\"600\" height=\"338\" frameborder=\"0\" marginwidth=\"0\" marginheight=\"0\" scrolling=\"no\"><\/iframe><\/p>\n<p dir=\"auto\" style=\"text-align: right;\">tradus \u0219i adaptat de C\u0103lin Tudose<\/p>\n<p dir=\"auto\"><strong>Tendin\u021ba ca europenii s\u0103 devin\u0103 o minoritate \u00een Europa sub o majoritate musulman\u0103 pare imposibil de inversat \u0219i este larg recunoscut\u0103 \u0219i acceptat\u0103 ca fiind inevitabil\u0103.<\/strong><\/p>\n<p dir=\"auto\">Iat\u0103 ce declara Pre\u0219edintele Tunisiei, Kasir Saied, pe 21 februarie 2023:<\/p>\n<p dir=\"auto\">\u201eHoarde de migran\u021bi ilegali din Africa sub-saharian\u0103\u201d au venit \u00een Tunisia, \u201ecu toat\u0103 violen\u021ba, criminalitatea \u0219i practicile inacceptabile care implic\u0103 acest tip de evenimente\u201d. Aceasta este o situa\u021bie \u201enefireasc\u0103\u201d \u0219i face parte dintr-un plan criminal menit s\u0103 \u201eschimbe structura demografic\u0103\u201d \u0219i s\u0103 transforme Tunisia \u00eentr-un alt tip \u201ede \u021bar\u0103 african\u0103 care ajunge s\u0103 nu mai apar\u021bin\u0103 na\u021biunilor arabe \u0219i islamice\u201d.<\/p>\n<p dir=\"auto\"><br class=\"inline\" \/><strong>Privitor la mobilitatea cosmopolit\u0103 \u0219i migra\u021bie <\/strong><\/p>\n<p dir=\"auto\">Prima \u00eencercare decisiv\u0103 de a inunda Europa cu migran\u021bi veni\u021bi pe\u00a0 mare parte musulmani a avut loc \u00een 2012.<\/p>\n<p dir=\"auto\">\u00cen luna ianuarie a acelui an, conducerea cosmopolit\u0103 \u0219i nealeas\u0103 a UE a continuat integrarea programat\u0103 \u00een EUROMED. Mai \u00eent\u00e2i, un seminar de la Barcelona \u021binut sub sloganul gr\u0103itor de \u201eR\u0103zboi \u0219i pace \u00een secolul XXI\u201d.<\/p>\n<p dir=\"auto\">Iar prim\u0103vara arab\u0103 a avut loc, deloc surprinz\u0103tor, doar un an mai t\u00e2rziu.<\/p>\n<p dir=\"auto\">Reprezentantul Special al UE, Bernardino Leon a \u00eendemnat UE s\u0103 ofere \u201eo nou\u0103 rela\u021bie\u201d \u021b\u0103rilor arabe care au trecut prin Prim\u0103vara Arab\u0103. Aceast\u0103 nou\u0103 rela\u021bie urma s\u0103 se bazeze pe tratament egal \u00eentre Uniunea European\u0103 \u0219i partenerii arabi. \u00cen prezen\u021ba primului \u00cenalt Reprezentant pentru Politica Extern\u0103 \u0219i de Securitate Comun\u0103 \u00een Europa, Javier Solana, Leon a asigurat Tunisia c\u0103 va avea o rela\u021bie similar\u0103 cu alte \u021b\u0103ri europene din afara UE, cum ar fi Norvegia, Islanda sau Elve\u021bia.<\/p>\n<p dir=\"auto\">Acest impuls a fost \u00eent\u0103rit \u0219i mai mult \u00een februarie 2012 printr-un briefing de pres\u0103 la Bruxelles. Aceasta a avut loc pentru a da semnifica\u021bie politic\u0103 \u00eent\u00e2lnirii dintre Premierul Tunisiei, Hamadi Jebali, nimeni altul dec\u00e2t cel care \u0219i-a anun\u021bat compatrio\u021bii de na\u0219terea celui de-al \u0219aselea Califat, \u0219i Pre\u0219edintele Comisiei Europene, Jose Manuel Barroso. Acesta din urm\u0103 \u00een cadrul briefing-ului s\u0103u de pres\u0103 a men\u021bionat o serie de priorit\u0103\u021bi care trebuie tratate. \u00cen mod semnificativ, una dintre ele a presupus reluarea dialogului privind mobilitatea \u0219i migra\u021bia.<\/p>\n<p dir=\"auto\"><br class=\"inline\" \/><strong>Orban versus Soros<\/strong><\/p>\n<p dir=\"auto\">Evolu\u021biile ulterioare legate de afluxul de migran\u021bi musulmani \u00een Europa sunt legate de Cancelarul Angela Merkel. \u00cen ciuda faptului c\u0103 \u00eenc\u0103 \u00een 2010 ea a \u0219i-a pierdut controlul referidu-se la integrarea multi-cultural\u0103, numind-o un e\u0219ec total, decizia ei de a accepta peste un milion de refugia\u021bi, \u00een principal din Orientul Mijlociu, a marcat o schimbare profund\u0103 a politicii sale. Urm\u0103rind-o cu aten\u021bie, finan\u021batorul crizei migran\u021bilor din 2015, miliardarul George Soros, i-a salutat decizia.<\/p>\n<p dir=\"auto\">Acela\u0219i sus\u021bin\u0103tor al alter\u0103rii demografice \u00een Europa, George Soros \u0219i-a preg\u0103tit planul de a aduce anual p\u00e2n\u0103 la 1 milion de musulmani \u00een Europa.<\/p>\n<p dir=\"auto\">Planul i-a fost, printre altele, raportat pe 22 iulie 2017, la Tu\u015fnad, \u00een Rom\u00e2nia de c\u0103tre premierul Ungariei, Viktor Orban care s-a opus vehement acestuia. C\u00e2teva cuvinte despre acest plan cu adev\u0103rat dezintegrator al civilizatiei europene ar putea oferi o perspectiv\u0103 asupra g\u00e2ndirii lui Soros \u0219i a preg\u0103tirii Comisiei Europene de a coopera \u00een vederea acestui malefic deziderat.<\/p>\n<p dir=\"auto\">Planul cuprinde patru puncte, iar Imperiul Soros l-a publicat \u0219i a \u00eenceput recrutarea pentru implementarea acestuia. La al doilea punct acest plan prevede ca la sosirea fiec\u0103rui migrant musulman, acestuia s\u0103 i se acorde o sum\u0103 \u00een euro echivalent\u0103 a patru milioane \u0219i jum\u0103tate de forin\u021bi pe care autorul planului, Soros, ar fi bucuros s-o finan\u021beze.<\/p>\n<p dir=\"auto\">Esen\u021ba propunerii este a\u0219a-numitul \u201efactor de aducere\u201d pentru a men\u021bine un aflux continuu, ne\u00eentrerupt. La urma urmei, suma primit\u0103 \u00een euro de c\u0103tre fiecare migrant la sosirea \u00een Europa ar fi mai mare dec\u00e2t salariul mediu anual \u00een Ungaria. Al treilea punct al planului prevedea c\u0103 migran\u021bii care sosesc \u00een UE ar trebui s\u0103 fie repartiza\u021bi \u00eentre \u021b\u0103rile Europei, ca parte a unui mecanism obligatoriu \u0219i permanent. \u0218i, \u00een mod interesant, al patrulea punct este despre \u00eenfiin\u021barea unei Agen\u021bii Europene de Imigra\u021bie care s\u0103 aib\u0103 putere de decizie legat\u0103 de afacerile legate de migran\u021bii repartiza\u021bi \u00een statele na\u021bionale \u0219i toate aceste decizii s\u0103 fie centralizate \u0219i predate noii agen\u021bii de la Bruxelles.<\/p>\n<p dir=\"auto\">Opozi\u021bia lui Viktor Orban fa\u021b\u0103 de migra\u021bia masiv\u0103 \u0219i propunerile asem\u0103n\u0103toare venite din partea lui Soros, este puternic\u0103 \u0219i ferm\u0103. Declara\u021biile sale nu foarte mediatizate indic\u0103 clar ce este \u00een joc. Voi cita doar trei dintre ele:<\/p>\n<p dir=\"auto\"><strong>\u201e<em>\u00cen urm\u0103toarele c\u00e2teva decenii, primul lucru pe care trebuie s\u0103 \u00eel avem \u00een vedere, principala \u00eentrebare \u00een Europa va fi urm\u0103toarea: va r\u0103m\u00e2ne Europa continentul europenilor? Va r\u0103m\u00e2ne Ungaria \u021bara maghiarilor? Va r\u0103m\u00e2ne Germania \u021bara germanilor? Va r\u0103m\u00e2ne Fran\u021ba \u021bara francezilor? Va r\u0103m\u00e2ne Italia \u021bara italienilor? Cine va tr\u0103i \u00een viitor \u00een Europa?<\/em><\/strong><\/p>\n<p dir=\"auto\"><strong><em>Partidele social-democrate nu mai sunt ce-au fost c\u00e2ndva. S-au cuplat cu interesele afacerilor globale ce reprezint\u0103 politica economic\u0103 neoliberal\u0103, iar acum au un singur domeniu \u00een care mai practic\u0103 politica, se mai concentreaz\u0103 pe un singur domeniu: p\u0103strarea influen\u021bei neoliberale asupra culturii. Acesta este al doilea element important \u00een Europa de ast\u0103zi. Iar al treilea lucru important este c\u0103 Europa este \u00een prezent preg\u0103tit\u0103 \u0219i dornic\u0103 s\u0103-\u0219i predea teritoriul unei noi popula\u021bii mixte, islamizate. <\/em><\/strong><\/p>\n<p dir=\"auto\"><strong><em>Dac\u0103 e\u0219ti violat legal, for\u021bat s\u0103 accep\u021bi ceva ce nu-\u021bi place, cum ai vrea s\u0103 ajungi la un compromis \u0219i un acord cu o a\u0219a viziune? Este imposibil.<\/em>\u201d<\/strong><\/p>\n<p dir=\"auto\">La doar dou\u0103 luni dup\u0103 discursul lui Orban de la Tu\u0219nad \u00een Rom\u00e2nia, pentru a-i contracara lui Orban opozi\u021bia fa\u021b\u0103 de migra\u021bia musulman\u0103, Comisia European\u0103 a finan\u021bat \u0219i deschis o expozi\u021bie intitulat\u0103 \u201eIslamul este \u0219i istoria noastr\u0103\u201d.<\/p>\n<p dir=\"auto\">Comentariile cu privire la aceast\u0103 expozi\u021bie au fost diverse. Ceva \u00een genul c\u0103 europenii sus\u021bin coexisten\u021ba pa\u0219nic\u0103 a cre\u0219tinilor \u0219i musulmanilor. Dar apropo, \u00ee\u0219i poate imagina cineva finan\u021barea \u0219i organizarea de c\u0103tre musulmanii dintr-o \u021bar\u0103 cu majoritate musulman\u0103 a unei expozi\u021bii numit\u0103 \u201eCre\u0219tinismul este \u0219i istoria noastr\u0103\u201d?<\/p>\n<p dir=\"auto\"><br class=\"inline\" \/><strong>Imigra\u021bia domin\u0103 politica UE<\/strong><\/p>\n<p dir=\"auto\">Tendin\u021ba ca europenii s\u0103 devin\u0103 o minoritate \u00een Europa sub majoritatea musulman\u0103 pare imposibil de reversat \u0219i este larg recunoscut\u0103. Musulmanii, imposibil de a fi asimila\u021bi, cu ratele lor de fertilitate mai mari dec\u00e2t cele europene, num\u0103rul deja existent de musulmani din UE \u0219i num\u0103rul mare de musulmani care vin legal \u0219i ilegal \u00een Uniunea European\u0103 este evident c\u0103 valideaz\u0103 acest\u0103 tendin\u021b\u0103.<\/p>\n<p dir=\"auto\">Nu e de mirare, o mare parte din politica european\u0103 se refer\u0103 la imigra\u021bie. Exemplele abund\u0103, dar voi men\u021biona doar c\u00e2teva.<br class=\"inline\" \/>Pactul, care va duce la preluarea de c\u0103tre statele membre a unei cote de migran\u021bi, a fost blocat \u00eentr-o manier\u0103 neclintit\u0103 de guvernul polonez, care a plasat blocarea migra\u021biei \u00een prim-planul campaniei sale pentru Alegerile Generale din 15 octombrie 2023. Prim-Ministrul Mateusz Morawiecki a spus atunci c\u0103 \u201eEuropa se confrunt\u0103 ast\u0103zi cu o alegere esen\u021bial\u0103, anume s\u0103 aleag\u0103 fie securitatea, fie migra\u021bia ilegal\u0103 \u00een mas\u0103\u201d.<\/p>\n<p dir=\"auto\">\u00cen Olanda, \u00een alegerile din noiembrie 2023 migra\u021bia a fost problema cheie, iar Partidul Libert\u0103\u021bii (PVV) al lui Gert Wilder, a c\u00e2\u0219tigat 35 de locuri \u00een parlamentul olandez de 150 de locuri. Domnul Wilders a pledat \u00een campania sa pentru oprirea migra\u021biei musulmane \u0219i interzicerea construc\u021biei de noi moschei.<\/p>\n<p dir=\"auto\">\u00centr-o alt\u0103 evolu\u021bie, Guvernul Danemarcei a \u00eenchis \u021bara migran\u021bilor \u0219i se concentreaz\u0103 pe deportarea refugia\u021bilor \u00eenapoi, chiar \u0219i \u00een Siria traumatizat\u0103 de r\u0103zboi. \u00cen acest context, trebuie amintit c\u0103 \u00een 2019, social-democra\u021bii din Danemarca au fost primii care au promovat \u201esolu\u021bia Rwanda\u201d care pledeaz\u0103 pentru deport\u0103rile solicitan\u021bilor de azil presupus pentru propria lor protec\u021bie, cu op\u021biunea de a se stabili \u00een Rwanda. Imagina\u021bi-v\u0103 c\u0103 un refugiat care viseaz\u0103 la Danemarca, una dintre cele mai bune \u021b\u0103ri din lume din punct de vedere al nivelului de trai \u0219i al bun\u0103st\u0103rii \u0219i ajunge \u00een mod nea\u0219teptat \u00een Ruanda! Partidul Conservator Britanic a crezut c\u0103 este o modalitate eficient\u0103 de a descuraja migran\u021bii ilegali \u0219i imit\u00e2ndu-i pe danezi au propus \u0219i ei la r\u00e2ndul lor \u201eop\u021biunea ruandez\u0103\u201d.<\/p>\n<p dir=\"auto\">La 19 decembrie 2023, Parlamentul Fran\u021bei tocmai a \u00een\u0103sprit unele reguli \u0219i a introdus noi legi pentru migran\u021bi. Noua Lege a Imigra\u021biei a fost un compromis \u00eentre Guvernul pre\u0219edintelui Emmanuel Macron \u0219i partidul de dreapta Les R\u00e9publicains. Adoptarea noilor legi a fost descris\u0103 ca o \u201evictorie ideologic\u0103\u201d a liderului de extrem\u0103 dreapta, Marine Le Pen.<\/p>\n<p dir=\"auto\">Tabloul migra\u021biei \u00een politica european\u0103 este departe de a fi complet f\u0103r\u0103 a \u021bine cont de Germania. La urma urmei, cel mai mare num\u0103r de migran\u021bi n\u0103scu\u021bi \u00een str\u0103in\u0103tate, aproape 16 milioane, locuie\u0219te \u00een Germania, iar cel mai mare factor care conduce aleg\u0103torii germani \u00een bra\u021bele extremei drepte este afluxul solicitan\u021bilor de azil. Peste 200.000 de persoane au solicitat azil \u00een Germania \u00eentre ianuarie \u0219i august, o cre\u0219tere de 77% fa\u021b\u0103 de aceea\u0219i perioad\u0103 a anului trecut.<\/p>\n<p dir=\"auto\">\u00cen general, mul\u021bi aleg\u0103tori germani au sentimentul c\u0103 partidele lor principale nu \u00ee\u0219i reprezint\u0103 interesele \u00een mai multe domenii, mai ales \u00een chestiunile ce \u021bin de migra\u021bie.<\/p>\n<p dir=\"auto\">Av\u00e2nd \u00een vedere acest lucru, din ce \u00een ce mai mul\u021bi politicieni germani se pronun\u021b\u0103 \u00eempotriva solicitan\u021bilor de azil. De exemplu, \u00een 2020, \u00een Turingia, liderul CDU, Friedrich Merz, a declarat la o adunare c\u0103 sirienii nu pot fi accepta\u021bi\u00a0\u00een \u021bar\u0103. Aceasta a fost \u00een contradic\u021bie puternic\u0103 cu cuvintele de bun venit ale predecesoarei sale Angela Merkel, care a deschis pe scar\u0103 larg\u0103 u\u0219ile refugia\u021bilor \u00een 2015 \u0219i a spus textu\u00a0<strong><em>Wir Schaffen Das, <\/em><\/strong>adic\u0103 \u201eputem face asta\u201d. Anul acesta, Herr Mertz a f\u0103cut un pas \u0219i mai departe, sus\u021bin\u00e2nd cooperarea cu AFD. <br class=\"inline\" \/>Potrivit unui sondaj recent al <em>Deutschlandtrend<\/em>, peste 70% din germani au fost nemul\u021bumi\u021bi de distribu\u021bia refugia\u021bilor, aproape 80% au considerat c\u0103 solicitan\u021bii de azil nu sunt suficient de integra\u021bi, \u00een timp ce dou\u0103 treimi sunt \u00een favoarea limit\u0103rii num\u0103rului lor.<\/p>\n<p dir=\"auto\"><br class=\"inline\" \/><strong>Victor Orban \u00eempotriva Pactului Comisiei Europene<\/strong><\/p>\n<p dir=\"auto\">\u00cen momentul \u00een care Noul Pact privind Migra\u021bia \u0219i Azilul a fost aprobat \u0219i elaborat la 20 decembrie 2023, premierul Orban era singurul lider \u00een opozi\u021bie. Alia\u021bii s\u0103i polonezi nu mai erau al\u0103turi de el, deoarece Polonia avea un nou guvern al premierului Donald Tusk. Acesta din urm\u0103 a \u0219i facilitat formularea \u0219i aprobarea la nivel european a Pactului.<\/p>\n<p dir=\"auto\">Scurtul rezumat al Pactului propus de Comisia European\u0103:<\/p>\n<p dir=\"auto\">1) Regulamentul de luare \u00een eviden\u021b\u0103: crearea unor reguli uniforme privind identificarea cet\u0103\u021benilor din afara UE la sosirea acestora, sporind astfel securitatea \u00een spa\u021biul Schengen.<br class=\"inline\" \/>2) Regulamentul Eurodac: dezvoltarea unei baze de date comune care s\u0103 culeag\u0103 date mai exacte \u0219i mai complete pentru a detecta mi\u0219c\u0103rile neautorizate.<br class=\"inline\" \/>3) Regulamentul privind procedurile de azil: accelerarea \u0219i eficacitatea procedurilor de azil, de returnare \u0219i de proceduri la frontier\u0103.<br class=\"inline\" \/>4) Regulamentul de gestionare a migra\u021biei \u00een materie de azil: stabilirea unui nou mecanism de solidaritate \u00eentre statele membre pentru a echilibra sistemul actual \u00een care c\u00e2teva \u021b\u0103ri sunt responsabile pentru marea majoritate a cererilor de azil \u0219i reguli clare privind responsabilitatea cererilor de azil.<br class=\"inline\" \/>5) Regulamentul privind criza \u0219i for\u021ba major\u0103: asigurarea faptului c\u0103 UE este preg\u0103tit\u0103 \u00een viitor s\u0103 fac\u0103 fa\u021b\u0103 situa\u021biilor de criz\u0103, inclusiv instrumentalizarea migran\u021bilor.<\/p>\n<p dir=\"auto\">Punctele de mai sus sunt de tip general. Imaginea devine mai clar\u0103 atunci c\u00e2nd Comisia se adreseaz\u0103 obiectivelor. Scopul acordului este pretextul reducerii volumului migra\u021biei ilegale c\u0103tre Uniunea European\u0103. Reforma include prevederi pentru verificarea mai rapid\u0103 a sosirilor neregulamentare, crearea de centre de deten\u021bie la frontiere \u0219i deportarea mai rapid\u0103 a solicitan\u021bilor de azil ale c\u0103ror cereri sunt respinse. \u021a\u0103rile UE care refuz\u0103 s\u0103 le accepte vor aduce o contribu\u021bie financiar\u0103 sau material\u0103 celor care le accept\u0103.<\/p>\n<p dir=\"auto\">C\u00e2t de mare este fluxul a\u0219teptat de solicitan\u021bi de azil? P\u00e2n\u0103 la sf\u00e2r\u0219itul lunii noiembrie a acestui an, agen\u021bia de frontier\u0103 a UE Frontex \u00eenregistrase peste 355.000 de treceri neregulate a frontierei \u00een bloc, \u00eentr-o cre\u0219tere de 17%.<\/p>\n<p dir=\"auto\">Care a fost reac\u021bia lui Orban la Pact? El a spus c\u0103 pactul va e\u0219ua cu siguran\u021b\u0103. Nu s-a oprit prea mult asupra problemelor implicate, ci pur \u0219i simplu a sus\u021binut un principiu, anume ca cei care doresc s\u0103 intre \u00een UE pentru a r\u0103m\u00e2ne ca azilan\u021bi trebuie s\u0103 depun\u0103 o cerere de azil din afara grani\u021belor UE \u0219i s\u0103 a\u0219tepte acolo o decizie final\u0103. Toate acestea au p\u0103rut rezonabile. Modelul s\u0103u de acceptare a solicitan\u021bilor de azil politic poate fi descris ca fiind fiabil \u0219i ordonat.<\/p>\n<p dir=\"auto\">Ministrul de Externe maghiar P\u00e9ter Szijj\u00e1rt\u00f3 a fost foarte direct \u0219i a spus c\u0103 \u021bara sa respinge pactul privind migra\u021bia \u0219i azilul \u00een cei mai fermi termeni posibil. El a ad\u0103ugat c\u0103 nimeni nu ar putea for\u021ba Ungaria s\u0103 lase pe nimeni s\u0103 intre \u00een teritoriul ei. Din cei cel pu\u021bin 30.000 de refugia\u021bi pe an care urmeaz\u0103 s\u0103 fie repartiza\u021bi \u00eentre statele membre, pot veni doar cei care sunt invita\u021bi s\u0103 vin\u0103 \u00een Ungaria sau cei c\u0103rora le vor permite autorit\u0103\u021bile maghiare s\u0103 vin\u0103 \u0219i s\u0103 r\u0103m\u00e2n\u0103 \u00een Ungaria. Deci, de\u0219i pactul a fost aprobat, pozi\u021bia maghiar\u0103 este limpede.<\/p>\n<p dir=\"auto\">Partea pactului care se ocup\u0103 de deport\u0103rile obligatorii pare a fi cea mai discutabil\u0103. Pentru \u021b\u0103rile care ar fi dispuse s\u0103 nu coopereze cu solicitan\u021bii de azi, ei pot refuza pur \u0219i simplu s\u0103-i preia. \u0218i Uniunea European\u0103 nu poate face mare lucru. Situa\u021bia din multe \u021b\u0103ri-mam\u0103 este instabil\u0103, ca s\u0103 spunem asta u\u0219or \u0219i ceea ce \u00een Europa se numesc solicitan\u021bi de azil \u00een \u021b\u0103rile lor de origine sunt adesea considera\u021bi criminali \u0219i creatori de probleme de care regimurile aflate \u00een conflict sau instabile sunt bucuroase s\u0103 scape. Cu alte cuvinte, fluxul continuu de astfel de elemente din acele \u021b\u0103ri are rolul pentru respectivele autorit\u0103\u021bi asem\u0103n\u0103tor cu al unei supape de siguran\u021b\u0103.<\/p>\n<p dir=\"auto\">Ceea ce poate fi mai r\u0103u, unii dintre cei care sosesc pot fi persoane f\u0103r\u0103 acte.<br class=\"inline\" \/>Evident, \u00een aceste sute de mii de co-numi\u021bi solicitan\u021bi de azil, o majoritate cov\u00e2r\u0219itoare sunt persoane ademenite de promisiunea unei vie\u021bi mai bune \u201eacolo\u201d \u0219i \u00een unele cazuri, s\u0103 evite serviciul militar. C\u00e2nd \u00een 2015 am vizitat insula Lesbos din Grecia pentru a investiga sosirile incontrolabile ale refugia\u021bilor, niciunul dintre cei pe care i-am \u00eent\u00e2lnit nu a \u00eencercat s\u0103-\u0219i ascund\u0103 obiectivele, cum ar fi ob\u021binerea de apartamente \u0219i beneficii sociale decente. Nu am pomenit de niciun caz de persecu\u021bie, de\u0219i eram con\u0219tient de faptul c\u0103 \u00een alte grupuri sosite pot ap\u0103rea \u00eentr-adev\u0103r solicitan\u021bi de azil autentici, cu motive \u00eentemeiate.<\/p>\n<p dir=\"auto\">Cred c\u0103 unele elemente de g\u00e2ndire care confirm\u0103 corectitudinea punctelor de vedere ale lui Orban cu privire la Pact au ap\u0103rut \u00eenc\u0103 \u00eentr-o etap\u0103 anterioar\u0103 c\u00e2nd acesta a fost dezb\u0103tut. Apoi, Meloni, Morawiecki \u0219i Orban au sugerat c\u0103 accentul ar trebui s\u0103 nu fie pus pe distribuire, ci pe prevenirea venirii solicitan\u021bilor de azil. Au fost ignora\u021bi.<\/p>\n<p dir=\"auto\">Mai presus de toate, ceea ce este greu de \u00een\u021beles este \u00eencrederea \u00een acest pact a Ursulei von der Leyen. Pactul prevede: \u201eReforma include prevederi pentru verificarea mai rapid\u0103 a sosirilor neregulamentare, crearea de centre de deten\u021bie la frontier\u0103 \u0219i deportarea mai rapid\u0103 a solicitan\u021bilor de azil ale c\u0103ror cereri sunt respinse\u201d. Cuvintele care ridic\u0103 anumite \u00eendoieli sunt \u201eo verificare mai rapid\u0103 \u0219i o deportare mai rapid\u0103\u201d.<\/p>\n<p dir=\"auto\">Cum se poate crede c\u0103 aproape aceia\u0219i oameni care au fost responsabili de migra\u021bie inclusiv de deport\u0103ri, vor putea s\u0103 schimbe propor\u021biile extrem de mari din deport\u0103rile e\u0219uate? Nu este un secret faptul c\u0103 doar 21% din cei aproximativ 300.000 de migran\u021bi c\u0103rora li s-a spus s\u0103 p\u0103r\u0103seasc\u0103 UE \u00een fiecare an chiar au p\u0103r\u0103sit perimetrul european!<\/p>\n<p dir=\"auto\">C\u00e2t de dificile pot deveni negocierile despre deport\u0103ri, poate fi dat de discu\u021biile pe aceast\u0103 tem\u0103 \u00eentre Ursula von der Leyen \u0219i Pre\u0219edintele Tunisiei, Kasir Saied. Ea a zburat \u00een Tunisia \u00eenainte de a se \u00eentoarce \u00een Europa pentru semnarea Pactului. \u00cen \u00eent\u00e2lnirea cu Ursula von der Leyen \u0219i mai devreme cu Prim-Ministrul Italiei, Pre\u0219edintele Saied a ar\u0103tat clar c\u0103 \u021bara sa nu va fi un \u201ecentru de primire\u201d pentru \u00eentoarcerea migran\u021bilor subsaharieni din Italia sau din orice alt\u0103 \u021bar\u0103 din Europa.<\/p>\n<p dir=\"auto\">Toate acestea, \u00een ciuda unui acord de 1 miliard de euro semnat la 16 iulie 2023 \u0219i a promisiunilor de achizi\u021bie viitoare de energie solar\u0103 din Tunisia. Tot ceea ce Tunisia a fost gata s\u0103 accepte au fost strict cet\u0103\u0163enii tunisieni. Cifrele disponibile pentru aprilie 2023 au fost de aproximativ 8 mii de tunisieni reveni\u021bi \u00een Tunisia, \u00een aprilie 1.000 \u00een mai \u0219i 5.000 \u00een iunie.<\/p>\n<p dir=\"auto\"><br class=\"inline\" \/><strong>Sf\u00e2r\u0219itul UE, a\u0219a cum o cunoa\u0219tem<\/strong><\/p>\n<p dir=\"auto\">Dup\u0103 cum demonstreaz\u0103 evaluarea demografic\u0103 a Associated Press, rata natalit\u0103\u021bii albe sau native \u00een Fran\u021ba este de 1,4 copii per femeie, comparativ cu o rat\u0103 a femeilor musulmane de 3,4 p\u00e2n\u0103 la 4 copii. Av\u00e2nd \u00een vedere acest lucru, concluzioneaz\u0103 c\u0103 \u00een 35 de ani Fran\u021ba va deveni o \u021bar\u0103 cu majoritate musulman\u0103.<\/p>\n<p dir=\"auto\">Charles Gave, economist, manager de fond \u0219i comentator politic, a scris \u00een 2017 despre \u201edispari\u021bia popula\u021biilor europene pe m\u0103sur\u0103 ce popula\u021biile native se mic\u0219oreaz\u0103 \u0219i musulmanii continu\u0103 s\u0103 prezinte o rat\u0103 de fertilitate robust\u0103.<\/p>\n<p dir=\"auto\">Poate c\u0103 nu este \u00eent\u00e2mpl\u0103tor faptul c\u0103 este posibil\u0103 venirea la putere a Mariei Le Pen \u00een 2027. Articolul 6 din Constitu\u021bia Fran\u021bei precizeaz\u0103 c\u0103 pre\u0219edintele nu poate \u201eexercita mai mult dec\u00e2t dou\u0103 perioade consecutive \u00een func\u021bie.\u201d Prin urmare, Emmanuel Macron nu mai este eligibil s\u0103 candideze la alegeri pentru al treilea mandat consecutiv. Astfel ea nu-l va avea pe Macron drept adversar preziden\u021bial.<\/p>\n<p dir=\"auto\">C\u00e2te \u0219anse are ea s\u0103 c\u00e2\u0219tige? La sondajul \u0219oc realizat \u00een aprilie 2023, Le Pen l-ar \u00eenvinge pe Emmanuel Macron dac\u0103 alegerile preziden\u021biale de anul trecut s-ar repeta acum. Le Pen ar avea 55 la sut\u0103, iar pre\u0219edintele Macron 45 la sut\u0103 dac\u0103 s-ar confrunta \u00eentr-un tur de scrutin.<\/p>\n<p dir=\"auto\">Ar fi gre\u0219it s\u0103 presupunem c\u0103 ea va c\u00e2\u0219tiga cu siguran\u021b\u0103 \u00een 2027. C\u00e2\u0219tigarea unei curse preziden\u021biale depinde de mul\u021bi factori \u0219i circumstan\u021be \u0219i, mai ales, de dinamica schimb\u0103toare din politica francez\u0103. Lucrurile sunt sigure doar dup\u0103 ce se \u00eent\u00e2mpl\u0103. Ceea ce se poate spune \u00een aceast\u0103 etap\u0103 este c\u0103 ea are \u0219anse mari s\u0103 c\u00e2\u0219tige.<\/p>\n<p dir=\"auto\">Dar de ce at\u00e2ta aten\u021bie fa\u021b\u0103 de Marine Le Pen? S\u0103 arunc\u0103m o privire rapid\u0103 asupra unor p\u0103r\u021bi ale programului ei electoral care au suferit \u00een timp unele modific\u0103ri.<\/p>\n<p dir=\"auto\">Propunerile ei sunt, dac\u0103 nu revolu\u021bionare, sunt cel pu\u021bin nonconformiste. \u00cencep\u00e2nd cu suveranitatea, ea sus\u021bine c\u0103 \u201esuveranitatea Fran\u021bei nu poate coexista cu autoritatea UE, trebuie s\u0103 transcead\u0103 \u00eentotdeauna autorit\u0103\u021bii UE\u201d. Ea sus\u021bine ferm desfiin\u021barea Comisiei Europene \u0219i transformarea acesteia \u00eentr-un Secretariat de Legisla\u021bie agreat\u0103 de Consiliul \u0218efilor de Stat din UE. Ea va reduce imediat contribu\u021bia Fran\u021bei la bugetul UE cu 5 miliarde de euro pe an. Ce va r\u0103m\u00e2ne din Pact \u0219i din structura actual\u0103 a UE? Mai nimic, a\u0219a c\u0103 poate Ursula von der Leyen va trebui s\u0103 se pensioneze.<\/p>\n<p dir=\"auto\">Pomelnicul schimb\u0103rilor pe care vrea s\u0103 le introduc\u0103 este stufos. Este inclus\u0103 posibilitatea retragerii Fran\u021bei din NATO, introducerea unor restric\u021bii severe asupra migra\u021biei, controale la frontierele de stat \u0219i renun\u021barea la izolarea Rusiei. Dac\u0103 da, poate lumea va deveni mai ordonat\u0103 \u0219i mai pa\u0219nic\u0103? \u00cen plus, pre\u0219edintele Donald Trump ar putea alege s\u0103 o felicite pentru c\u0103 \u201ea f\u0103cut Fran\u021ba din nou mare\u201d!<\/p>\n<p dir=\"auto\">O alt\u0103 evolu\u021bie extrem de important\u0103 este legat\u0103 de afluxul puternic al popula\u021biilor africane din cauza demografiei \u0219i a decalajelor economice \u00een compara\u021bie cu Europa \u0219i alte \u021b\u0103ri foarte dezvoltate. Este imposibil de analizat \u00een cuvinte obi\u0219nuite. Impactul s\u0103u este nemaiauzit, aproape catastrofal \u0219i absolut masiv. Economistul s\u00e2rb Branco Milanovic descrie viitoarea dram\u0103 dup\u0103 cum urmeaz\u0103:<\/p>\n<p dir=\"auto\"><strong><em>Aceste tendin\u021be par \u0219i mai greu de gestionat pentru Europa atunci c\u00e2nd privim \u00een perspectiv\u0103 pe termen mai lung \u0219i realiz\u0103m c\u0103 popula\u021bia din Africa sub-saharian\u0103, care este \u00een prezent doar pu\u021bin mai mare dec\u00e2t cea a \u00eentregii Europe, este de a\u0219teptat s\u0103 fie de aproape \u0219ase ori mai mare p\u00e2n\u0103 \u00een 2100. \u00cen consecin\u021b\u0103, indiferent de diferen\u021bele culturale \u0219i religioase, migra\u021bia economic\u0103 va cre\u0219te implacabil.<\/em><\/strong><\/p>\n<p dir=\"auto\"><strong><em>Singura solu\u021bie la problem\u0103 ar fi direc\u021bionarea finan\u021belor \u0219i resurselor uria\u0219e c\u0103tre \u021b\u0103rile din Sahel pentru a-\u0219i construi economiile, infrastructura \u0219i sistemele educa\u021bionale. Dar niciuna dintre \u021b\u0103rile bogate nu ia \u00een considerare a\u0219a ceva sau nu este gata s\u0103 aloce resurse. Evident, dac\u0103 ceva de genul s-ar \u00eenf\u0103ptui, organizatorii ar trebui s\u0103 lupte \u00eempotriva corup\u021biei \u0219i s\u0103 conving\u0103 popula\u021biile s\u0103race s\u0103 aib\u0103 mult mai pu\u021bini copii. Dar principala problem\u0103 este c\u0103 nu se preg\u0103te\u0219te nimic de genul acesta.<\/em><\/strong><\/p>\n<p dir=\"auto\"><strong><em>Occidentul vrea s\u0103 p\u0103streze o lume unipolar\u0103 \u0219i s\u0103 pun\u0103 \u00een pericol securitatea unor \u021b\u0103ri precum Rusia \u0219i China. Ceea ce vedem \u00een ultima vreme este c\u0103, surprinz\u0103tor, exist\u0103 destule fonduri pentru extinderea militar\u0103 \u00een continuare a SUA \u00een Scandinavia.<\/em><\/strong><\/p>\n<p dir=\"auto\">Dup\u0103 cum raporteaz\u0103 jurnalistul norvegian Arne O. Holm, Norvegia, Suedia \u0219i Finlanda au deschis p\u00e2n\u0103 acum 36 de baze militare pentru for\u021bele \u0219i armamentul SUA. Acordurile sunt bilaterale, adic\u0103 \u00eentre SUA \u0219i fiecare \u021bar\u0103, \u00een mod individual, nu un acord semnat cu NATO.<\/p>\n<p dir=\"auto\">La ce sunt folositoare? La \u00eencercuirea\u00a0 Rusiei de Vest \u00eentr-un ritm c\u00e2t mai agresiv \u0219i exploziv?<\/p>\n<p dir=\"auto\">Cum folose\u0219te aceasta cet\u0103\u021beanului european? De ce anume \u00eel protejeaz\u0103?<\/p>\n<p dir=\"auto\">\n","protected":false},"excerpt":{"rendered":"<p>de C\u0103lin Tudose Trebuie s\u0103 \u00een\u021belegem esen\u021ba colonialismului, anume toxicitatea sa. El fiin\u021beaz\u0103 ca doctrin\u0103 exclusiv pentru un singur demers, asigurarea domina\u021biei asupra oric\u0103rui mecanism generator de profit. Domina\u021bie care are ca unic scop, anume generarea posibilit\u0103\u021bii de a \u00eenf\u0103ptui jaful, de a-i s\u0103r\u0103ci pe cei slabi pentru ca apoi ace\u0219tia s\u0103 poat\u0103 fi mai [&hellip;]<\/p>\n","protected":false},"author":1,"featured_media":941,"comment_status":"open","ping_status":"open","sticky":false,"template":"","format":"standard","meta":{"footnotes":""},"categories":[32,4],"tags":[],"class_list":["post-939","post","type-post","status-publish","format-standard","has-post-thumbnail","hentry","category-opinii","category-stil_de_viata"],"yoast_head":"<!-- This site is optimized with the Yoast SEO plugin v24.4 - https:\/\/yoast.com\/wordpress\/plugins\/seo\/ -->\n<title>Ce va mai r\u0103m\u00e2ne din ideea de UE? - RoExit<\/title>\n<meta name=\"robots\" content=\"index, follow, max-snippet:-1, max-image-preview:large, max-video-preview:-1\" \/>\n<link rel=\"canonical\" href=\"https:\/\/roexit.info\/?p=939\" \/>\n<meta property=\"og:locale\" content=\"ro_RO\" \/>\n<meta property=\"og:type\" content=\"article\" \/>\n<meta property=\"og:title\" content=\"Ce va mai r\u0103m\u00e2ne din ideea de UE? - RoExit\" \/>\n<meta property=\"og:description\" content=\"de C\u0103lin Tudose Trebuie s\u0103 \u00een\u021belegem esen\u021ba colonialismului, anume toxicitatea sa. El fiin\u021beaz\u0103 ca doctrin\u0103 exclusiv pentru un singur demers, asigurarea domina\u021biei asupra oric\u0103rui mecanism generator de profit. Domina\u021bie care are ca unic scop, anume generarea posibilit\u0103\u021bii de a \u00eenf\u0103ptui jaful, de a-i s\u0103r\u0103ci pe cei slabi pentru ca apoi ace\u0219tia s\u0103 poat\u0103 fi mai [&hellip;]\" \/>\n<meta property=\"og:url\" content=\"https:\/\/roexit.info\/?p=939\" \/>\n<meta property=\"og:site_name\" content=\"RoExit\" \/>\n<meta property=\"article:published_time\" content=\"2024-01-01T18:18:27+00:00\" \/>\n<meta property=\"article:modified_time\" content=\"2025-10-21T15:41:45+00:00\" \/>\n<meta property=\"og:image\" content=\"https:\/\/roexit.info\/wp-content\/uploads\/2024\/01\/What-is-left-of-the-EU.png\" \/>\n\t<meta property=\"og:image:width\" content=\"812\" \/>\n\t<meta property=\"og:image:height\" content=\"832\" \/>\n\t<meta property=\"og:image:type\" content=\"image\/png\" \/>\n<meta name=\"author\" content=\"admin\" \/>\n<meta name=\"twitter:card\" content=\"summary_large_image\" \/>\n<meta name=\"twitter:label1\" content=\"Scris de\" \/>\n\t<meta name=\"twitter:data1\" content=\"admin\" \/>\n\t<meta name=\"twitter:label2\" content=\"Timp estimat pentru citire\" \/>\n\t<meta name=\"twitter:data2\" content=\"21 de minute\" \/>\n<script type=\"application\/ld+json\" class=\"yoast-schema-graph\">{\"@context\":\"https:\/\/schema.org\",\"@graph\":[{\"@type\":\"Article\",\"@id\":\"https:\/\/roexit.info\/?p=939#article\",\"isPartOf\":{\"@id\":\"https:\/\/roexit.info\/?p=939\"},\"author\":{\"name\":\"admin\",\"@id\":\"https:\/\/roexit.info\/#\/schema\/person\/a8f9d854425e670d7be352f0eef6054b\"},\"headline\":\"Ce va mai r\u0103m\u00e2ne din ideea de UE?\",\"datePublished\":\"2024-01-01T18:18:27+00:00\",\"dateModified\":\"2025-10-21T15:41:45+00:00\",\"mainEntityOfPage\":{\"@id\":\"https:\/\/roexit.info\/?p=939\"},\"wordCount\":4081,\"commentCount\":0,\"publisher\":{\"@id\":\"https:\/\/roexit.info\/#organization\"},\"image\":{\"@id\":\"https:\/\/roexit.info\/?p=939#primaryimage\"},\"thumbnailUrl\":\"https:\/\/roexit.info\/wp-content\/uploads\/2024\/01\/What-is-left-of-the-EU.png\",\"articleSection\":[\"Opinii\",\"Via\u021ba \u00een secolul XXI\"],\"inLanguage\":\"ro-RO\",\"potentialAction\":[{\"@type\":\"CommentAction\",\"name\":\"Comment\",\"target\":[\"https:\/\/roexit.info\/?p=939#respond\"]}]},{\"@type\":\"WebPage\",\"@id\":\"https:\/\/roexit.info\/?p=939\",\"url\":\"https:\/\/roexit.info\/?p=939\",\"name\":\"Ce va mai r\u0103m\u00e2ne din ideea de UE? - RoExit\",\"isPartOf\":{\"@id\":\"https:\/\/roexit.info\/#website\"},\"primaryImageOfPage\":{\"@id\":\"https:\/\/roexit.info\/?p=939#primaryimage\"},\"image\":{\"@id\":\"https:\/\/roexit.info\/?p=939#primaryimage\"},\"thumbnailUrl\":\"https:\/\/roexit.info\/wp-content\/uploads\/2024\/01\/What-is-left-of-the-EU.png\",\"datePublished\":\"2024-01-01T18:18:27+00:00\",\"dateModified\":\"2025-10-21T15:41:45+00:00\",\"breadcrumb\":{\"@id\":\"https:\/\/roexit.info\/?p=939#breadcrumb\"},\"inLanguage\":\"ro-RO\",\"potentialAction\":[{\"@type\":\"ReadAction\",\"target\":[\"https:\/\/roexit.info\/?p=939\"]}]},{\"@type\":\"ImageObject\",\"inLanguage\":\"ro-RO\",\"@id\":\"https:\/\/roexit.info\/?p=939#primaryimage\",\"url\":\"https:\/\/roexit.info\/wp-content\/uploads\/2024\/01\/What-is-left-of-the-EU.png\",\"contentUrl\":\"https:\/\/roexit.info\/wp-content\/uploads\/2024\/01\/What-is-left-of-the-EU.png\",\"width\":812,\"height\":832},{\"@type\":\"BreadcrumbList\",\"@id\":\"https:\/\/roexit.info\/?p=939#breadcrumb\",\"itemListElement\":[{\"@type\":\"ListItem\",\"position\":1,\"name\":\"Prima pagin\u0103\",\"item\":\"https:\/\/roexit.info\/\"},{\"@type\":\"ListItem\",\"position\":2,\"name\":\"Ce va mai r\u0103m\u00e2ne din ideea de UE?\"}]},{\"@type\":\"WebSite\",\"@id\":\"https:\/\/roexit.info\/#website\",\"url\":\"https:\/\/roexit.info\/\",\"name\":\"RoExit\",\"description\":\"UE la co\u0219ul de gunoi al istoriei\",\"publisher\":{\"@id\":\"https:\/\/roexit.info\/#organization\"},\"potentialAction\":[{\"@type\":\"SearchAction\",\"target\":{\"@type\":\"EntryPoint\",\"urlTemplate\":\"https:\/\/roexit.info\/?s={search_term_string}\"},\"query-input\":{\"@type\":\"PropertyValueSpecification\",\"valueRequired\":true,\"valueName\":\"search_term_string\"}}],\"inLanguage\":\"ro-RO\"},{\"@type\":\"Organization\",\"@id\":\"https:\/\/roexit.info\/#organization\",\"name\":\"RoExit\",\"url\":\"https:\/\/roexit.info\/\",\"logo\":{\"@type\":\"ImageObject\",\"inLanguage\":\"ro-RO\",\"@id\":\"https:\/\/roexit.info\/#\/schema\/logo\/image\/\",\"url\":\"https:\/\/roexit.info\/wp-content\/uploads\/2023\/12\/cropped-logo-vsrianta-2.jpeg\",\"contentUrl\":\"https:\/\/roexit.info\/wp-content\/uploads\/2023\/12\/cropped-logo-vsrianta-2.jpeg\",\"width\":358,\"height\":277,\"caption\":\"RoExit\"},\"image\":{\"@id\":\"https:\/\/roexit.info\/#\/schema\/logo\/image\/\"}},{\"@type\":\"Person\",\"@id\":\"https:\/\/roexit.info\/#\/schema\/person\/a8f9d854425e670d7be352f0eef6054b\",\"name\":\"admin\",\"image\":{\"@type\":\"ImageObject\",\"inLanguage\":\"ro-RO\",\"@id\":\"https:\/\/roexit.info\/#\/schema\/person\/image\/\",\"url\":\"https:\/\/secure.gravatar.com\/avatar\/e92cad7c67ba83f7e12edafde57fd84c602c01df1bef81af56a3fdc0ee24777f?s=96&d=mm&r=g\",\"contentUrl\":\"https:\/\/secure.gravatar.com\/avatar\/e92cad7c67ba83f7e12edafde57fd84c602c01df1bef81af56a3fdc0ee24777f?s=96&d=mm&r=g\",\"caption\":\"admin\"},\"sameAs\":[\"https:\/\/roexit.info\"],\"url\":\"https:\/\/roexit.info\/?author=1\"}]}<\/script>\n<!-- \/ Yoast SEO plugin. -->","yoast_head_json":{"title":"Ce va mai r\u0103m\u00e2ne din ideea de UE? - RoExit","robots":{"index":"index","follow":"follow","max-snippet":"max-snippet:-1","max-image-preview":"max-image-preview:large","max-video-preview":"max-video-preview:-1"},"canonical":"https:\/\/roexit.info\/?p=939","og_locale":"ro_RO","og_type":"article","og_title":"Ce va mai r\u0103m\u00e2ne din ideea de UE? - RoExit","og_description":"de C\u0103lin Tudose Trebuie s\u0103 \u00een\u021belegem esen\u021ba colonialismului, anume toxicitatea sa. El fiin\u021beaz\u0103 ca doctrin\u0103 exclusiv pentru un singur demers, asigurarea domina\u021biei asupra oric\u0103rui mecanism generator de profit. Domina\u021bie care are ca unic scop, anume generarea posibilit\u0103\u021bii de a \u00eenf\u0103ptui jaful, de a-i s\u0103r\u0103ci pe cei slabi pentru ca apoi ace\u0219tia s\u0103 poat\u0103 fi mai [&hellip;]","og_url":"https:\/\/roexit.info\/?p=939","og_site_name":"RoExit","article_published_time":"2024-01-01T18:18:27+00:00","article_modified_time":"2025-10-21T15:41:45+00:00","og_image":[{"width":812,"height":832,"url":"https:\/\/roexit.info\/wp-content\/uploads\/2024\/01\/What-is-left-of-the-EU.png","type":"image\/png"}],"author":"admin","twitter_card":"summary_large_image","twitter_misc":{"Scris de":"admin","Timp estimat pentru citire":"21 de minute"},"schema":{"@context":"https:\/\/schema.org","@graph":[{"@type":"Article","@id":"https:\/\/roexit.info\/?p=939#article","isPartOf":{"@id":"https:\/\/roexit.info\/?p=939"},"author":{"name":"admin","@id":"https:\/\/roexit.info\/#\/schema\/person\/a8f9d854425e670d7be352f0eef6054b"},"headline":"Ce va mai r\u0103m\u00e2ne din ideea de UE?","datePublished":"2024-01-01T18:18:27+00:00","dateModified":"2025-10-21T15:41:45+00:00","mainEntityOfPage":{"@id":"https:\/\/roexit.info\/?p=939"},"wordCount":4081,"commentCount":0,"publisher":{"@id":"https:\/\/roexit.info\/#organization"},"image":{"@id":"https:\/\/roexit.info\/?p=939#primaryimage"},"thumbnailUrl":"https:\/\/roexit.info\/wp-content\/uploads\/2024\/01\/What-is-left-of-the-EU.png","articleSection":["Opinii","Via\u021ba \u00een secolul XXI"],"inLanguage":"ro-RO","potentialAction":[{"@type":"CommentAction","name":"Comment","target":["https:\/\/roexit.info\/?p=939#respond"]}]},{"@type":"WebPage","@id":"https:\/\/roexit.info\/?p=939","url":"https:\/\/roexit.info\/?p=939","name":"Ce va mai r\u0103m\u00e2ne din ideea de UE? - RoExit","isPartOf":{"@id":"https:\/\/roexit.info\/#website"},"primaryImageOfPage":{"@id":"https:\/\/roexit.info\/?p=939#primaryimage"},"image":{"@id":"https:\/\/roexit.info\/?p=939#primaryimage"},"thumbnailUrl":"https:\/\/roexit.info\/wp-content\/uploads\/2024\/01\/What-is-left-of-the-EU.png","datePublished":"2024-01-01T18:18:27+00:00","dateModified":"2025-10-21T15:41:45+00:00","breadcrumb":{"@id":"https:\/\/roexit.info\/?p=939#breadcrumb"},"inLanguage":"ro-RO","potentialAction":[{"@type":"ReadAction","target":["https:\/\/roexit.info\/?p=939"]}]},{"@type":"ImageObject","inLanguage":"ro-RO","@id":"https:\/\/roexit.info\/?p=939#primaryimage","url":"https:\/\/roexit.info\/wp-content\/uploads\/2024\/01\/What-is-left-of-the-EU.png","contentUrl":"https:\/\/roexit.info\/wp-content\/uploads\/2024\/01\/What-is-left-of-the-EU.png","width":812,"height":832},{"@type":"BreadcrumbList","@id":"https:\/\/roexit.info\/?p=939#breadcrumb","itemListElement":[{"@type":"ListItem","position":1,"name":"Prima pagin\u0103","item":"https:\/\/roexit.info\/"},{"@type":"ListItem","position":2,"name":"Ce va mai r\u0103m\u00e2ne din ideea de UE?"}]},{"@type":"WebSite","@id":"https:\/\/roexit.info\/#website","url":"https:\/\/roexit.info\/","name":"RoExit","description":"UE la co\u0219ul de gunoi al istoriei","publisher":{"@id":"https:\/\/roexit.info\/#organization"},"potentialAction":[{"@type":"SearchAction","target":{"@type":"EntryPoint","urlTemplate":"https:\/\/roexit.info\/?s={search_term_string}"},"query-input":{"@type":"PropertyValueSpecification","valueRequired":true,"valueName":"search_term_string"}}],"inLanguage":"ro-RO"},{"@type":"Organization","@id":"https:\/\/roexit.info\/#organization","name":"RoExit","url":"https:\/\/roexit.info\/","logo":{"@type":"ImageObject","inLanguage":"ro-RO","@id":"https:\/\/roexit.info\/#\/schema\/logo\/image\/","url":"https:\/\/roexit.info\/wp-content\/uploads\/2023\/12\/cropped-logo-vsrianta-2.jpeg","contentUrl":"https:\/\/roexit.info\/wp-content\/uploads\/2023\/12\/cropped-logo-vsrianta-2.jpeg","width":358,"height":277,"caption":"RoExit"},"image":{"@id":"https:\/\/roexit.info\/#\/schema\/logo\/image\/"}},{"@type":"Person","@id":"https:\/\/roexit.info\/#\/schema\/person\/a8f9d854425e670d7be352f0eef6054b","name":"admin","image":{"@type":"ImageObject","inLanguage":"ro-RO","@id":"https:\/\/roexit.info\/#\/schema\/person\/image\/","url":"https:\/\/secure.gravatar.com\/avatar\/e92cad7c67ba83f7e12edafde57fd84c602c01df1bef81af56a3fdc0ee24777f?s=96&d=mm&r=g","contentUrl":"https:\/\/secure.gravatar.com\/avatar\/e92cad7c67ba83f7e12edafde57fd84c602c01df1bef81af56a3fdc0ee24777f?s=96&d=mm&r=g","caption":"admin"},"sameAs":["https:\/\/roexit.info"],"url":"https:\/\/roexit.info\/?author=1"}]}},"_links":{"self":[{"href":"https:\/\/roexit.info\/index.php?rest_route=\/wp\/v2\/posts\/939","targetHints":{"allow":["GET"]}}],"collection":[{"href":"https:\/\/roexit.info\/index.php?rest_route=\/wp\/v2\/posts"}],"about":[{"href":"https:\/\/roexit.info\/index.php?rest_route=\/wp\/v2\/types\/post"}],"author":[{"embeddable":true,"href":"https:\/\/roexit.info\/index.php?rest_route=\/wp\/v2\/users\/1"}],"replies":[{"embeddable":true,"href":"https:\/\/roexit.info\/index.php?rest_route=%2Fwp%2Fv2%2Fcomments&post=939"}],"version-history":[{"count":7,"href":"https:\/\/roexit.info\/index.php?rest_route=\/wp\/v2\/posts\/939\/revisions"}],"predecessor-version":[{"id":967,"href":"https:\/\/roexit.info\/index.php?rest_route=\/wp\/v2\/posts\/939\/revisions\/967"}],"wp:featuredmedia":[{"embeddable":true,"href":"https:\/\/roexit.info\/index.php?rest_route=\/wp\/v2\/media\/941"}],"wp:attachment":[{"href":"https:\/\/roexit.info\/index.php?rest_route=%2Fwp%2Fv2%2Fmedia&parent=939"}],"wp:term":[{"taxonomy":"category","embeddable":true,"href":"https:\/\/roexit.info\/index.php?rest_route=%2Fwp%2Fv2%2Fcategories&post=939"},{"taxonomy":"post_tag","embeddable":true,"href":"https:\/\/roexit.info\/index.php?rest_route=%2Fwp%2Fv2%2Ftags&post=939"}],"curies":[{"name":"wp","href":"https:\/\/api.w.org\/{rel}","templated":true}]}}