{"id":972,"date":"2024-01-01T22:30:04","date_gmt":"2024-01-01T22:30:04","guid":{"rendered":"https:\/\/roexit.info\/?p=972"},"modified":"2025-10-21T15:41:44","modified_gmt":"2025-10-21T15:41:44","slug":"este-green-deal-ul-european-atat-de-important-ca-sa-justifice-iesirea-din-ue-opinia-lui-chiazna","status":"publish","type":"post","link":"https:\/\/roexit.info\/?p=972","title":{"rendered":"Este Green Deal-ul european at\u00e2t de important ca s\u0103 justifice ie\u0219irea din UE? Opinia lui Chiazna"},"content":{"rendered":"<p><em>Un articol de G. Chiazna preluat cu acordul autorului de pe site-ul <a href=\"https:\/\/chiazna.ro\/2023\/12\/este-green-deal-ul-european-atat-de-important-ca-sa-justifice-iesirea\/\">Chiazna.ro<\/a><\/em><\/p>\n<p>Da! Voi explica de ce. Dar Green Deal-ul este doar o parte, ar fi justificat\u0103 ie\u015firea \u015fi f\u0103r\u0103 acesta, de asemenea voi explica.<\/p>\n<p>Pentru melteanul care nu are idee pe ce lume tr\u0103ie\u015fte, e suficient poate s\u0103 spun c\u0103 actuala infla\u0163ie e cauzat\u0103 de Green Deal. Tip\u0103rirea de bani \u00een toiul pandemiei cu scopul de a \u00eencepe mar\u015ful accelerat c\u0103tre \u201cemisii zero\u201d \u00een ditamai criz\u0103 medical\u0103 cu ni\u015fte m\u0103suri tembele luate \u00een prip\u0103, care s-au dovedit ulterior inutile \u015fi foarte proaste chiar pe baza informa\u0163iilor de atunci este Green Deal. \u00cencercarea de a reduce masiv emisiile printr-o carantin\u0103 perpetu\u0103 cu interdic\u0163ii de circula\u0163ie, cu blocajul turismului \u015fi al traficului interna\u0163ional, cu oprirea de fabrici \u00een multe \u0163\u0103ri membre, este Green Deal.<\/p>\n<p>Dar \u201cm\u0103surile\u201d abia au \u00eenceput, anul de na\u015ftere al \u201cprogramului\u201d fiind 2020. Deja vedem ce mult a realizat \u00een 3 ani de la lansare, prin prisma obiectivelor discutate la\u00a0<a href=\"https:\/\/chiazna.ro\/2023\/12\/iesirea-din-ue-benefica-indiferent-de-scenariu\/\">articolul anterior<\/a>. \u00cen paralel cu plandemia, \u00een aceast\u0103 perioad\u0103 a fost aproape distrus\u0103 \u015fi industria auto care dac\u0103 m\u00e2ine se scot subven\u0163iile pentru ma\u015finile \u201cverzi\u201d va avea un crash masiv care oricum se pare c\u0103 nu poate fi evitat oricum.<\/p>\n<p>Voi \u00eencepe deja acest articol cu punct ochit punct \u0163intit: nu toate m\u0103surile pentru atingerea obiectivului de \u201cemisiil zero\u201d sunt luate pe fa\u0163\u0103, discutate \u00een Parlamentul European, publicate pe site-ul Comisiei \u015fi asumate de liderii neale\u015fi. Cea mai mare parte din m\u0103suri sunt \u00een spatele u\u015filor \u015fi exist\u0103 mai multe \u201cagen\u0163ii\u201d care \u00eemping agenda \u00een fa\u0163\u0103. Tot acest angrenaj are un singur motto, mo\u015ftenit din filosofia de cucerire a Bisericii Catolice: \u201cscopul scuz\u0103 mijloacele\u201d. Nu conteaz\u0103 dac\u0103 vom fi obliga\u0163i s\u0103 folosim mijloace perverse \u015fi medievale de controlul popula\u0163iei, emisiile zero scuz\u0103 m\u0103surile de carantin\u0103. Nu conteaz\u0103 dac\u0103 turismul European conteaz\u0103 doar 0.00000001 \u00een emisiile de CO2 la nivel mondial: pa\u015faportul de vaccinare este un bun \u00eenceput \u015fi dup\u0103 UE \u00eel vom b\u0103ga pe g\u00e2t \u015fi altor cet\u0103\u0163eni.<\/p>\n<p>Dar de\u015fi \u00een acest articol m\u0103 voi referi doar la UE, Green Deal este evident global \u015fi agenda \u015fi organizarea are evident amplitudine global\u0103. Prefer \u00eens\u0103 s\u0103 disec pe buc\u0103\u0163i\u00a0<a href=\"https:\/\/chiazna.ro\/2021\/12\/chiar-traim-apocalipsa\/\">fiara apocalipsei<\/a>\u00a0pentru c\u0103 este mai simplu a\u015fa \u015fi deoarece pentru a ne salva obiectivul urgent al rom\u00e2nilor este con\u015ftientizarea importan\u0163ei independen\u0163ei care ne poate salva m\u0103car par\u0163ial de influen\u0163a acestei kabale pe care o vedem c\u0103 \u00eencepe s\u0103 lucreze \u015fi ideologic chiar la\u00a0<a href=\"https:\/\/www.youtube.com\/watch?v=tuH4YMxADSw&amp;ab_channel=Canal33\">nivel local<\/a>.<\/p>\n<p><strong>Ce este Green Deal \u015fi de ce \u00eei e lui Ciolacu at\u00e2t de mult fric\u0103 de el?<\/strong><\/p>\n<p>Green Deal este practic o nou\u0103 Constitu\u0163ie a UE sau poate mai bine zis un nou program de guvernare pe termen de peste 30 de ani. A votat poporul aceast\u0103 constitu\u0163ie sau program de guvernare? Nu! Poporul a votat un pre\u015fedinte \u015fi un partid, care a pus la putere un guvern, care \u00ee\u015fi trimite c\u00e2nd \u015fi c\u00e2nd la Bruxelles un om doi ca s\u0103 participe la deciziile Comisiei Europene, o organiza\u0163ie de conducere supra-statal\u0103, care are putere mai mare dec\u00e2t guvernele de\u015fi nu este aleas\u0103 direct de cet\u0103\u0163eni ci apare \u201cca prin minune\u201d din \u201cnegocierile\u201d \u00eentre diversele \u0163\u0103ri, care negocieri \u00eens\u0103 nu ni se spune prin cine se fac, deoarece se fac prin \u201cdiploma\u0163i numi\u0163i\u201d. Evident c\u0103 la TV vedem c\u0103 \u015fi zmeul nostru de pre\u015fedinte particip\u0103 poate la unele sedin\u0163e unde \u201cse decide\u201d cutare lucru, dar deciziile cine le elaboreaz\u0103, cine vine cu ideea, ce scop au, nu ni se spune. Tot ce trebuie noi s\u0103 t\u0103cem \u015fi s\u0103 accept\u0103m ca pro\u015ftii este iluzia c\u0103 aceste programe \u201ceuropene\u201d pe termen lung sunt luate \u015fi de ai no\u015ftri \u015fi nu ni le bag\u0103 nimeni pe g\u00e2t deoarece e \u015fi omul nostru acolo, particip\u0103 \u015fi el ca Mo\u015f Ion Roat\u0103 la Unire. Zic programe, la plural, deoarece Green Deal este unul dintre pilonii politicii europene c\u0103ci alminteri, planurile de ac\u0163iune sunt multiple \u015fi poate o dat\u0103 o s\u0103 \u00eemi fac timp s\u0103 scriu \u015fi despre planul de \u201crestructurare a procesului decizional din UE\u201d \u2013 o denumire frumoas\u0103 pentru o etap\u0103 nou\u0103 din m\u0103surile concrete care se iau pentru \u00eent\u0103rirea autocra\u0163iei \u015fi a unei dictaturi soft \u00een UE, unde deciziile unanime m\u0103car ca aparen\u0163\u0103 nu vor mai fi tolerate ci o formul\u0103 \u201coptimizat\u0103\u201d de \u201cluare a deciziilor rapide\u201d va fi proiectat\u0103 \u00een mentalul colectiv ca \u201cprogres politic\u201d adaptat unor \u201crealit\u0103\u0163i actuale\u201d \u00een care evenimentele sunt rapide \u015fi decizia trebuie luat\u0103 rapid de o cabal\u0103 secret\u0103 nu prin procese laborioase \u015fi stresante \u00een care turba\u0163i ca Orban poate s\u0103 pun\u0103 fr\u00e2ne \u015fi s\u0103 cear\u0103 un morcov de ar\u0103tat la prostimea de acas\u0103 \u00een schimbul \u201cunanimit\u0103\u0163ii\u201d \u2013 cum a fost cazul recent la votarea ajutorului pentru Ucraina pe care Orban nu l-a votat dar nici nu l-a vetoat cum a amenin\u0163at, cer\u00e2nd \u00een schimb pentru ascunderea veto-ului un mizilic de fonduri pe care UE \u00eel blocase pentru Ungaria pentru chestiuni de \u201cdemocra\u0163ie\u201d.<\/p>\n<p>Ca fapt amuzant, UE renun\u0163\u0103 la procesul democratic al unanimit\u0103\u0163ii (fie ea aparent\u0103 c\u0103ci \u00een realitate este oricum ireal\u0103) pentru a putea lua decizii controversate \u015fi evident nedemocratice care nu vor fi nu doar contrare voin\u0163ei popoarelor (cum oricum se \u00eent\u00e2mpl\u0103 acum) dar chiar \u015fi a guvernelor popoarelor (cam cum era \u00een Evul Mediu \u00een imperii unde uneori \u00cemp\u0103ratul c\u0103lca pe nervi un supus local \u015fi \u00eel obliga s\u0103 m\u0103reasc\u0103 presiunea pe plebe pentru a suge mai multe d\u0103ri).<\/p>\n<p>Pe scurt, pe fa\u0163\u0103, principalul obiectiv al Green Deal European este reducerea emisiilor gazelor de ser\u0103 la 50% fa\u0163\u0103 de nivelul din 1990. Prin gaze de ser\u0103 se \u00een\u0163elege aproape orice gaze, de la respira\u0163ia omului p\u00e2n\u0103 la gazele de e\u015fapament ale ma\u015finilor, gazele centralelor de apartament, gazele sobelor, gazele fabricilor care nu func\u0163ioneaz\u0103 exclusiv pe panouri solare, gazele gropilor de gunoi, ale oilor, ale vacilor \u015fi chiar ale animalelor de companie. Totul din astea trebuie redus la 50%, motivul fiind c\u0103 astfel reducem \u00eenc\u0103lzirea global\u0103. Dar UE e responsabil\u0103 doar cu 9% din emisiile globale de gaze \u015fi dup\u0103 cum \u015ftim China cre\u015fte de la an la an ca F\u0103t Frumos, peste 5 ani e posibil ca chiar \u015fi nereduse, acest procent s\u0103 scad\u0103 de la 9% la 3% din cauza cre\u015fterii chinezilor. Chiar dac\u0103 nu am reduce emisiile, e posibil ca UE \u00een 2050, pe proiec\u0163iile actuale economice \u00een care UE se compar\u0103 cu China cum se comparau pe vremea Epocii de Aur Rom\u00e2nia cu Germania, este posibil ca procentul de emisii totale al UE din emisiile globale s\u0103 fie sub 1%. \u00cens\u0103 noi europenii avem \u201cvalori\u201d \u015fi nu conteaz\u0103 aceast\u0103 realitate, noi vrem \u201cs\u0103 d\u0103m exemplu\u201d chiar cu riscul ca mul\u0163i s\u0103 fie l\u0103sa\u0163i \u00een urm\u0103, adic\u0103 extermina\u0163i, a\u015fa cum se enun\u0163\u0103 \u00een obiectivul 3 discutat \u00een articolul anterior. \u201cDaune colaterale\u201d ale \u201cm\u0103surilor\u201d.<\/p>\n<p><strong>\u201cMan on the Moon Moment\u201d<\/strong><\/p>\n<p>A\u015fa a numit Ursula von der Leyen\u00a0proiectul Green Deal. \u015ei dup\u0103 mine are cel pu\u0163in c\u00e2teva asem\u0103n\u0103ri cu proiectul americanilor din anii 50: este inutil, va toci bugete imense aiurea, nu va avea niciun impact real \u00een via\u0163a cet\u0103\u0163eanului. Un proiect mult mai ambi\u0163ios ar fi reducerea s\u0103r\u0103ciei prin stimularea produc\u0163iei economice din UE \u00een vederea reducerii dependen\u0163ei de China. \u00cens\u0103 dup\u0103 cum vedem, se dore\u015fte ca emi\u0163\u0103torii de emisii s\u0103 fie redu\u015fi la 50%, prin urmare, la ce bun\u0103 at\u00e2ta produc\u0163ie? Din contr\u0103, UE vrea ca \u015fi produc\u0163ia actual\u0103, dac\u0103 nu e \u201cverde\u201d mai bine s\u0103 fie distrus\u0103 deoarece \u201cverde\u201d este principalul obiectiv.<\/p>\n<p>Poate o alt\u0103 compara\u0163ie cu proiectul american este termenul pe care ace\u015fti neale\u015fi arogan\u0163i care decid soarta popoarelor au tupeul s\u0103 \u00eel propun\u0103 pentru astfel de proiecte: 20-30 de ani. Este clar cred eu c\u0103 de\u015fi programul este pe 30 de ani, fiecare calculeaz\u0103 cam c\u00e2t trebuie s\u0103 reduc\u0103 \u00een mandatul s\u0103u \u015fi face tot ce poate, ca ba printr-o plandemie, ba printr-un black-out, obiectivele s\u0103 fie atinse, chiar dac\u0103 pe partea de \u201cm\u0103suri\u201d \u015fi \u201ctargeturi\u201d \u00een plan economic \u015fi al politicilor comune fiecare mai fenteaz\u0103 cum poate, a\u015fa cum vedem c\u0103 de exemplu nici Rom\u00e2nia nu \u015fi-a atins \u0163intele de deficit setate de UE \u015fi prin aceste \u0163inte nici obiectivele de reducere a emisiilor deoarece banii cheltui\u0163i aiurea \u00een proiecte de investi\u0163ii au dus la cre\u015fterea consumului de gaze \u015fi astfel emisiile \u00een loc s\u0103 se reduc\u0103 au fost elevate din nou. Dar Rom\u00e2nia a pl\u0103tit cu v\u00e2rf \u015fi \u00eendesat \u00een plandemie c\u00e2nd datorit\u0103 \u201cordonan\u0163elor\u201d sanitare, lumea a fost obligat\u0103 s\u0103 stea acas\u0103 \u015fi astfel consumul de benzin\u0103 \u015fi motorin\u0103 a fost drastic redus.<\/p>\n<p><strong>Fr\u00e2neaz\u0103 Green Deal-ul economia?<\/strong><\/p>\n<p>Evident \u015fi deja se resimte \u00een domeniul auto tembelismul verde care suprataxeaz\u0103 aiurea companiile, ofer\u0103 subven\u0163ii pentru motoriz\u0103ri ineficiente \u015fi nedorite de oameni dar mai ales fr\u00e2neaz\u0103 progresul tehnic care ar fi men\u0163inut UE pentru \u00eenc\u0103 100 de ani \u00een pole-position pe singurul domeniu unde \u00eenc\u0103 mai avem \u015ftafeta de lider, anume produc\u0163ia auto.<\/p>\n<p>Iat\u0103 un exemplu de interven\u0163ionism care este paralel cu normele deja aiuristice din domeniu, anume \u201ccarbon credits\u201d care dup\u0103 mine sunt un mecanism global de tranfer bani c\u0103tre Tesla \u015fi Elon Musk care pe l\u00e2ng\u0103 subven\u0163iile guvernamentale oferite punctual \u015fi f\u0103r\u0103 condi\u0163ionare, prime\u015fte periodic miliarde din faptul c\u0103 vinde \u201ccredite de carbon\u201d deoarece face doar ma\u015fini electrice \u015fi prin urmare, poate s\u0103 v\u00e2nd\u0103 aceste \u201ccertificate\u201d [1]<\/p>\n<p>Exemplul pe care doresc s\u0103 \u00eel dau este urm\u0103torul. Fiecare produc\u0103tor auto european trebuie s\u0103 fac\u0103 la finalul anului (sau poate pe termene mai scurte, nu \u015ftiu procedura 100% deoarece am aflat-o intr-o discu\u0163ie informal\u0103 cu un expert din industrie) o medie ponderat\u0103 a emisiilor de carbon. Dac\u0103 media sa dep\u0103\u015fe\u015fte o anumit\u0103 limit\u0103 (sau poate dac\u0103 se afl\u0103 peste media mediilor, mai probabil) va fi penalizat \u015fi va pl\u0103ti amenzi. Care amenzi sunt at\u00e2t de mari \u00eenc\u00e2t se justific\u0103 financiar pentru o companie auto chiar s\u0103 scoat\u0103 din ofert\u0103 un model vandabil \u015fi scump de motorizare relativ puternic\u0103. V\u0103 invit de exemplu s\u0103 \u00eencerca\u0163i s\u0103 cump\u0103ra\u0163i \u00een Rom\u00e2nia un Hyundai N performance, fie I30, fie I20, fie FastBack. Sau o Yaris GR, un model spectaculos realizat ca demonstra\u0163ie \u015fi care s-au v\u00e2ndut \u00een acest an \u00een Rom\u00e2nia doar 2 modele, deoarece Toyota nu prime\u015fte comenzi. Am ajuns la vremurile c\u00e2nd ma\u015finile bune se dau pe sub m\u00e2n\u0103 \u015fi \u00een c\u00e2\u0163iva ani, ma\u015finile care nu sunt electrice se vor da pe sub m\u00e2n\u0103, inclusiv pseudo-hibridele din ziua de azi, deoarece un efect pervers al acestor reglement\u0103ri tembele este c\u0103 din cauza legisla\u0163iei favorizante pentru modelele \u201chibride\u201d, cum normele sunt relativ laxe \u015fi nu prea \u0163in cont de parametrii, fiecare produc\u0103tor a introdus la mai toate motoriz\u0103rile un mic motor electric cu rol aproape vax pentru a putea clasifica modelul la \u201chibride\u201d \u015fi pentru a putea astfel oferi clien\u0163ilor anumite beneficii fiscale.<\/p>\n<p>\u00cen schimb, chinezii fac motoare puternice \u015fi progreseaz\u0103 rapid \u015fi pe electrice pentru a le b\u0103ga pe g\u00e2t europenilor [2]. Dar deoarece fac bani din v\u00e2nzarea de termince de putere europenilor (dar nu numai), chinezii \u00ee\u015fi permit s\u0103 investeasc\u0103 masiv \u00een platforme de ma\u015fini electrice \u015fi guvernul ofer\u0103 aceast\u0103 platform\u0103 tuturor produc\u0103torilor stimul\u00e2nd astfel competitivitatea \u015fi t\u0103ind drastic costurile. \u00cen vechea Europ\u0103 \u00eens\u0103, unde competi\u0163ia \u00eentre branduri este feroce, a\u015fa ceva este imposibil. Evident c\u0103 problemele nu au ap\u0103rut de ieri de azi, tembelismul verde afect\u00e2nd companiile auto cu mult \u00eenainte de acest Green Deal. Green Deal va fi \u00eens\u0103 doar cuiul \u00een co\u015fciug, produc\u0103torii f\u0103c\u00e2nd deja apeluri ca acest program s\u0103 fie oprit \u00eenc\u0103 din fa\u015f\u0103 [3]. R\u0103spunsul UE este \u00eens\u0103 cu ac\u0163iuni de\u00a0<em>investigare<\/em>\u00a0\u015fi\u00a0<em>intimidare<\/em>\u00a0a chinezilor [4] ceea ce evident nu duce dec\u00e2t la un r\u0103zboi tit for tat care afecteaz\u0103 eventualii investitori europeni \u00een China \u015fi le fac via\u0163a grea acolo. Liderii UE, cu lumini\u0163e la cap, nu au sim\u0163ul realit\u0103\u0163ii economice \u015fi cred c\u0103 pot men\u0163ine un astfel de r\u0103zboi cu China.<\/p>\n<p>Evident c\u0103 nu au nicio \u015fans\u0103 deoarece nu po\u0163i lupta cu steagul verde \u00eempotriva furnalelor care au \u00een v\u00e2rf steagul ro\u015fu. Chinezii r\u00e2d \u015fi \u00eei ignor\u0103 pe europeni ai c\u0103ror lideri \u00een afara m\u0103c\u0103niturilor \u00een presa continental\u0103 nu pot face nimic \u015fi nu realizeaz\u0103 niciun obiectiv de politic\u0103 extern\u0103 \u015fi economic\u0103 \u00een rela\u0163ia cu China. Practic, UE este la fel de impotent\u0103 \u00een lupta economic\u0103 cu China, cum este Rom\u00e2nia \u00een cadrul UE cu Germania. Cel mai clar indicator este deficitul care cre\u015fte drastic pe m\u0103sur\u0103 ce chinezii aplic\u0103 tit-for-tat pentru fiecare m\u0103sur\u0103 tembel\u0103 a europenilor care se aga\u0163\u0103 de idio\u0163enia ecologic\u0103 cu religiozitate [5].<\/p>\n<p><strong>Care ar fi \u201cplanul\u201d?<\/strong><\/p>\n<p>S\u0103 intr\u0103m pu\u0163in \u00eens\u0103 \u00een\u00a0<em>meandrele concretului<\/em>, anume \u00een m\u0103surile concrete pe care UE le ia \u00een vederea realiz\u0103rii acestor obiective. Din start, industria c\u0103rbunelui este deja aproape interzis\u0103. Minele trebuie pot fi \u00eenlocuite \u00eens\u0103 cu proiecte de extrac\u0163ie de gaze naturale care \u00eens\u0103 nu pot fi finan\u0163ate dac\u0103 nu \u00eenlocuiesc capacit\u0103\u0163i miniere de c\u0103rbune.<\/p>\n<p>Ca fapt divers, gazele naturale \u015fi petrolul sunt resurse OMNIPREZENTE \u00een tot p\u0103m\u00e2ntul, singurul fapt pentru care nu vedem PESTE TOT sonde care s\u0103 extrag\u0103 este c\u0103 \u00een unele locuri extrac\u0163ia este mai ieftin\u0103 \u015fi de asemenea, dac\u0103 anumite \u0163\u0103ri \u00ee\u015fi permit s\u0103 \u00ee\u015fi polueze natura prin scurgerile \u015fi accidentele inevitabile procesului de extrac\u0163ie (cum ar fi Rusia), altele mai cu bani, prefer\u0103 ca for\u0163a de munc\u0103 pe care o au s\u0103 o foloseasc\u0103 pentru a produce bunuri mult mai scumpe, cum ar fi automobile de lux (Germania). SUA de exemplu, de\u015fi o bun\u0103 perioad\u0103 s-a bazat pe petrolul din Orientul Mijlociu, av\u00e2nd la \u00eendem\u00e2n\u0103 puterea dolarului \u015fi puterea creditului, au investit \u00een capacit\u0103\u0163ile locale astfel \u00eenc\u0103t extrac\u0163ia a devenit fezabil\u0103 prin simplul fapt c\u0103 av\u00e2nd bani la \u00eendem\u00e2n\u0103 \u015fi tehnologie suficient\u0103, a ajuns ca petrolul extras local s\u0103 fie mai ieftin dec\u00e2t cel importat, de unde \u00een prezent SUA nu se mai bazeaz\u0103 pe alte \u0163\u0103ri exportatoare ci din contr\u0103 a devenit ea exportatoare. \u015ei nu doar de petrol, ci \u015fi de gaze! Culmea e c\u0103 SUA a folosit pretextul sanc\u0163iunilor pentru a-\u015fi extinde capacit\u0103\u0163ile de produc\u0163ie \u015fi a b\u0103ga pe g\u00e2t europenilor gaze scumpe lichide cu al c\u0103ror pre\u0163 noi europenii sponsoriz\u0103m indirect industria care nu e verde a extrac\u0163iei americane, \u00een loc s\u0103 finan\u0163\u0103m capacit\u0103\u0163ile locale care evident ne-ar oferi un avantaj imens prin costul redus \u015fi disponibilitatea local\u0103. Cel pu\u0163in \u00een domeniul gazelor naturale, un mare cost ala cestora este costul de stocare. Fluctua\u0163ia cererii \u015fi a ofertei are o dinamic\u0103 at\u00e2t de complex\u0103 \u00eenc\u00e2t mare parte din costul final al gazelor naturale, chiar pe vremea importului de la ru\u015fi era dat de prognosticarea realistic\u0103 a consumului deoarece stocarea \u00een exces cost\u0103 imens, iar lipsa continuit\u0103\u0163ii, prin puseurile de cerere \u00een momente importante ale produc\u0163iei, poate duce la cre\u015fteri de costuri ale produc\u0163iei imense. De aceea \u015fi ru\u015fii au pus mereu accent foarte mare pe stabilitatea contractelor de gaze cu europenii, de unde p\u00e2n\u0103 ast\u0103zi, \u00een ditamai r\u0103zboiul, gazele curg pe conducte at\u00e2t spre ucrainieni (care \u00eei pl\u0103tesc pe ru\u015fi cu banii primi\u0163i de la europeni!) c\u00e2t \u015fi spre nem\u0163i, prin intermediul ungurilor care au primit \u201cexcep\u0163ie\u201d de la sanc\u0163iuni cu scopul de a redistribui gazele ruse\u015fti pe \u015fustache, departe de ochii presei \u015fi ai boporului idiot care crede c\u0103 Putin \u00ee\u015fi roade din\u0163ii de ciud\u0103 c\u0103 nu mai export\u0103 gaze la europeni c\u00e2nd de fapt el export\u0103!<\/p>\n<p>De altfel, \u201cdragostea\u201d nem\u0163ilor pentru ru\u015fi vine tocmai din real-politikul economic al nem\u0163ilor care av\u00e2nd nevoie de resurse au realizat c\u0103 nu pot cre\u015fte f\u0103r\u0103 energie ieftin\u0103 \u015fi constant\u0103, de unde \u015fi conductele din ce \u00een ce mai mari care s\u0103 asigure fluxul continue, dinamice \u015fi care s\u0103 permit\u0103 fluctua\u0163ii masive at\u00e2t \u00een jos c\u00e2d \u015fi \u00een sus, din ra\u0163ionamente de pre\u0163 deoarece repet, stocarea este foarte scump\u0103. Delegarea c\u0103tre Rusia nu s-a f\u0103cut deoarece Germania nu ar avea gazele \u015fi resursele necesare acestei locomotive ci din motive pure de pre\u0163 \u2013 for\u0163a de munc\u0103 fizic\u0103 este mult mai mic\u0103 \u00een Rusia dec\u00e2t \u00een Germania \u015fi prin urmare nu se justific\u0103 aceast\u0103 industrie a\u015fa cum de exemplu pentru un ITist care c\u00e2\u015ftig\u0103 mii de euro lunar nu se justific\u0103 s\u0103 \u00ee\u015fi taie singur lemnele din curte, de\u015fi poate ar putea, deoarece timpul lui valoreaz\u0103 poate sute de euro pe ora pe c\u00e2nd un muncitor necalificat care s\u0103 \u00eei taie lemnele \u00eel cost\u0103 150 de lei pe zi.<\/p>\n<p>Rezultatul tembelismului sanc\u0163iunilor cuplat cu interzicerea c\u0103rbunelui, nu va duce dec\u00e2t la noi scheme de scumpire a energiei care \u00een cele din urm\u0103, sub o form\u0103 sau alta va veni tot de unde a venit \u00eenainte, doar c\u0103 la alt pre\u0163 [6].<\/p>\n<p><strong>Realit\u0103\u0163i \u015fi penalit\u0103\u0163i<\/strong><\/p>\n<p>Realitatea este c\u0103 foarte probabil nem\u0163ii cel pu\u0163in nu vor lua parte la acest plan \u015fi va exista un moment de fractur\u0103. De altfel, planul \u00een sine nu este dec\u00e2t o cea\u0163\u0103 de aceea pe care o arunc\u0103 solda\u0163ii \u00een armat\u0103 ca s\u0103 nu vad\u0103 inamicul ce mi\u015fc\u0103ri fac. \u00cen spatele sloganurilor \u015fi a planurilor cincinale tembele oferite ca gogo\u015fi de marketing presei dar mai ales fraierilor gen Ciolacu, marile puteri europene \u00ee\u015fi trage fiecare c\u00e2te o felie din marele tort comun la care contribuim \u015fi noi \u015fi de unde ne lu\u0103m doar firimituri. Bun\u0103oar\u0103, de exemplu, de\u015fi Germania are de suferit pe sectorul auto sau al energiei care este acum mai scump\u0103, c\u00e2\u015ftig\u0103 pe sectorul produc\u0163iei \u015fi v\u00e2nz\u0103rii de echipamente \u201csolare\u201d. Toat\u0103 Rom\u00e2nia \u015fi ca noi toat\u0103 Europa, este \u00eemp\u00e2nzit\u0103 de panouri solare produse \u00een Germania. Chiar dac\u0103 nu toate panourile sunt produse \u00een Germania, toate trec prin Germania, fiind importate de nem\u0163i de la chinezi. Toate celelalte echipamente, gen invertoare, cabluri \u015fi alte prostii solare sunt de asemenea nem\u0163e\u015fti. Dac\u0103 ma\u015fin\u0103 nem\u0163easc\u0103 second are tot rom\u00e2nul \u015fi deja cererea a sc\u0103zut c\u0103ci avem to\u0163i ma\u015fini mai multe dec\u00e2t avem nevoie, o nou\u0103 pia\u0163\u0103 se deschide pentru industria German\u0103 care nemaifiind competitiv\u0103 pe alte domenii din cauza lipsei de inova\u0163ie \u015fi a reglement\u0103rilor UE, a g\u0103sit o porti\u0163\u0103 prin care s\u0103 profite \u015fi ei de acest flux de miliarte pe domeniul Green Deal.<\/p>\n<p>Astfel, guvernul Rom\u00e2niei finan\u0163eaz\u0103 proiecte, ofer\u0103 garan\u0163ii la credite \u015fi ofer\u0103 deduceri investi\u0163iilor \u00een parcuri solare care devin fesabile economic abia dup\u0103 20 de ani c\u00e2nd costurile, chiar \u015fi subven\u0163ionate vor fi amorzizate. Ele sunt \u00eens\u0103 acum rentabile foarte rapid pentru tot lan\u0163ul deoarece banii vin de la guvern, care face credite. Creditarea \u00eens\u0103 se bazeaz\u0103 pe deficite, care sunt rezolvate cu tip\u0103rirea de bani, care a produs infla\u0163ia pe care o avem acum \u015fi o va alimenta \u00een continuare. Dar \u00een infla\u0163ie, mai ales cei care \u015ftiu s\u0103 \u00eenoate \u2013 \u015fi evident exist\u0103 o clas\u0103 de exper\u0163i \u00een fonduri \u015fi proiecte europene \u2013 vor prospera \u015fi \u00eempreun\u0103 cu ei \u015fi politicienii care aplaud\u0103 \u015fi pomeaz\u0103 aceste finan\u0163\u0103ri \u015fi aceste reglement\u0103ri total anti-economice dar care au acoperirea moral\u0103 a \u201creligiei verzi\u201d care este acum religia UE \u015fi pentru ale c\u0103rei dogme trebuie s\u0103 renun\u0163\u0103m la orice minim bun sim\u0163 economic.<\/p>\n<p>Printre c\u00e2\u015ftig\u0103tor sunt \u00eens\u0103 \u015fi al\u0163ii, nu doar nem\u0163ii, deoarece uniunea trebuie s\u0103 fie \u201cunit\u0103\u201d, altfel sclavii se r\u0103scoal\u0103 \u015fi regii r\u0103m\u00e2n \u00een fundul gol. De exemplu Fran\u0163a. Deoarece are multe centrale nucleare, Fran\u0163a a reu\u015fit ca prin acest pact s\u0103 introduc\u0103 \u015fi energia nuclear\u0103 la energie verde, de\u015fi evident gazele naturale sunt la fel de pu\u0163in poluante, poate chiar mai pu\u0163in malefice prin efectul pe termen lung dec\u00e2t de\u015feurile nucleare. Dar o m\u00e2n\u0103 spal\u0103 pe alta, \u015fi Germania a acceptat acest Green Deal, chiar dac\u0103 interzice (deocamdat\u0103 ipotetic) c\u0103rbunele doar pentru c\u0103 mare parte din electricitatea consumat\u0103 o folose\u015fte de la centralele nucleare ale francezilor.<\/p>\n<p>De\u015fi sunt pe finalul articolului \u015fi m-am plictisit de scris, poate e momentul aici de un mic offtopic. Mult\u0103 vreme \u00een presa noastr\u0103 c\u00e2nd se amintea de Germania, c\u0103 a renun\u0163at la produc\u0163ia de energie nuclear\u0103, formula clasic\u0103 era: \u201c\u00een urma presiunii ecologi\u015ftilor, Merkel a oprit centralele nucleare din Germania\u201d. Bun\u0103 vreme m-am mirat deoarece evident Germania are nevoie de energie \u015fi energia nuclear\u0103 este cea mai ieftin\u0103 \u015fi relativ destul de curat\u0103. Este adev\u0103rat c\u0103 reglement\u0103rile aiuristice fac costurile autoriz\u0103rilor foarte mari dar tehnologia a avansat at\u00e2t de mult \u00eenc\u00e2t reactoarele nucleare ar putea \u00eenlocui complet toate sursele de energie \u015fi dac\u0103 s-ar investi \u015fi mai mult \u00een stocarea de\u015feurilor \u015fi securizarea reactoarelor, cu siguran\u0163\u0103 c\u0103 de departe ar fi un salt istoric din punctul de vedere al costului \u015fi disponibilit\u0103\u0163ii energiei electrice. \u00cens\u0103 partea proast\u0103 este c\u0103 c\u00e2teva centrale nucleare ar face inutile miliarde de panouri solare \u015fi finan\u0163area lor, ar face de asemenea inutile, mii de kilometrii de conducte de gaze \u015fi industria din spate, de asemenea ar face inutile minele de c\u0103rbune \u015fi milioanele de votan\u0163i din landurile germane etc.<\/p>\n<p>Anul acesta, cu ocazia decupl\u0103ri de Fran\u0163a a coloniei Nigeria\/Niger (negri), am aflat c\u0103 francezii \u201cimportau\u201d uraniu din Nigeria\/Niger la pre\u0163uri modice prin varii scheme (\u201ccolabor\u0103ri\u201d, \u201cinvesti\u0163ii\u201d dar mai ales control armat). [7]. Iat\u0103 deci de ce Germania prefera s\u0103 importe electricitate de la francezi care \u015fi-au construit \u00eentreaga industrie nuclear\u0103 pe spinarea uraniului ieftin \u201cimportat\u201d din Niger\/Nigeria: nu avea sens economic pentru nem\u0163i s\u0103 concureze cu francezii deoarece distribu\u0163ia energiei electrice se face local \u015fi dac\u0103 tu ai l\u00e2ng\u0103 tine ditamai lan\u0163ul de reactoare care au costuri infime de materie prim\u0103, ce sens mai are s\u0103 ai propriile centrale nucleare care ar putea produce electricitate care \u00eens\u0103 ar avea pre\u0163 mult mai mare dec\u00e2t cea produs\u0103 de francezi.<\/p>\n<p>Aceea\u015fi logic\u0103 economic\u0103 este valabil\u0103 \u015fi \u00een cazul externaliz\u0103rii produc\u0163iei de ulei din Germania c\u0103tre Ucraina. Dup\u0103 cum \u015ftim, a fost o perioad\u0103 dup\u0103 \u00eenceperea r\u0103zboiului din Ucraina c\u00e2nd rom\u00e2na\u015fii no\u015ftri ne informau c\u0103 la nem\u0163i e criz\u0103 de ulei \u015fi se d\u0103 cu bucata. Ne-am umflat \u00een pene atunci, deoarece la noi rafturile erau pline de uleie. Explica\u0163ia a fost c\u0103 fiind o opera\u0163iune cu beneficii economice foarte mici, produc\u0163ia de ulei nu renta s\u0103 fie f\u0103cut\u0103 \u00een Germania unde mai utile sunt aeroporturile \u015fi fabricile auto \u00een locul c\u00e2mpurilor de gr\u00e2u care oricum nu au randamentul terenurilor din c\u00e2mpiile Ucrainei, la care din nou se adaug\u0103 costul muncii. Iat\u0103 deci, c\u0103 doar din acest artiol a\u0163i aflat c\u0103 Germania a externalizat aproape total unele industrii cum ar fi extrac\u0163ia de resurse (c\u0103tre ru\u015fi, de\u015fi au \u015fi ei gaze), centralele nucleare (c\u0103tre francezi deoarece aveau uraniu ieftin de la negri), ulei \u015fi probabil alte produse alimentare (c\u0103tre ucrainieni). Nem\u0163ii au \u00een schimb b\u0103nci (mari chiar dac\u0103 sunt zombie), sedii de mari lan\u0163uri de produc\u0163ie \u015fi mici sec\u0163ii unde finalizeaz\u0103 produc\u0163ia la diverse produse pe ultima sut\u0103 de metri pentru a putea pune pe ele \u015ftampila de Made in Germany, care vinde la pre\u0163 dublu indiferent de brand.<\/p>\n<p>\u00centorc\u00e2ndu-ne la titlul acestui subcapitol, anume al realit\u0103\u0163ilor, realitatea principal\u0103 este c\u0103 politica european\u0103 este politica celor puternici care \u00ee\u015fi ap\u0103r\u0103 drepturile \u015fi interesurile. Noi rom\u00e2nii, \u00een UE, vom fi mereu la coad\u0103, mereu cer\u015fetori ai drepturilor noastre. Mereu vom da c\u0103tre Imperiu, fie resurse, fie for\u0163\u0103 de munc\u0103, at\u00e2t preg\u0103tit\u0103 (doctori, it-i\u015fti, ingineri), c\u00e2t \u015fi for\u0163a brut\u0103 de \u201cjos\u201d (constructori, sp\u0103l\u0103tori de vase, mecanici etc).<\/p>\n<p>Ni se spune mereu c\u0103 UE este o elit\u0103 la nivel mondial, c\u0103 este un lider moral. Dar realitatea este c\u0103 UE este blocul economic cu cea mai slab\u0103 \u201ccre\u015ftere economic\u0103\u201d (vezi\u00a0<a href=\"https:\/\/chiazna.ro\/2023\/12\/iesirea-din-ue-benefica-indiferent-de-scenariu\/\">articolul anterior<\/a>\u00a0apropos de \u201ccrestere negativ\u0103\u201d). Realitatea este \u00eens\u0103 c\u0103 UE este \u00een c\u0103dere continu\u0103 \u00eenc\u0103 din anii 80, 90, dac\u0103 sunt luate la comun cifrele \u0163\u0103rilor componente. At\u00e2t SUA c\u00e2t mai ales Asia sau America Latin\u0103 sunt cu mult deasupra UE la cre\u015ftere economic\u0103.<\/p>\n<figure class=\"wp-block-image size-full\"><img loading=\"lazy\" decoding=\"async\" class=\"wp-image-26039\" src=\"https:\/\/i0.wp.com\/chiazna.ro\/wp-content\/uploads\/2023\/12\/Screenshot-2023-12-28-085628-1.png?resize=860%2C375&amp;ssl=1\" sizes=\"auto, (max-width: 860px) 100vw, 860px\" srcset=\"https:\/\/i0.wp.com\/chiazna.ro\/wp-content\/uploads\/2023\/12\/Screenshot-2023-12-28-085628-1.png?w=913&amp;ssl=1 913w, https:\/\/i0.wp.com\/chiazna.ro\/wp-content\/uploads\/2023\/12\/Screenshot-2023-12-28-085628-1.png?resize=300%2C131&amp;ssl=1 300w, https:\/\/i0.wp.com\/chiazna.ro\/wp-content\/uploads\/2023\/12\/Screenshot-2023-12-28-085628-1.png?resize=768%2C335&amp;ssl=1 768w\"  alt=\"Screenshot-2023-12-28-085628-1 Este Green Deal-ul european at\u00e2t de important ca s\u0103 justifice ie\u0219irea din UE? Opinia lui Chiazna\"  width=\"823\" height=\"359\" data-attachment-id=\"26039\" data-permalink=\"https:\/\/chiazna.ro\/2023\/12\/este-green-deal-ul-european-atat-de-important-ca-sa-justifice-iesirea\/screenshot-2023-12-28-085628-1\/\" data-orig-file=\"https:\/\/i0.wp.com\/chiazna.ro\/wp-content\/uploads\/2023\/12\/Screenshot-2023-12-28-085628-1.png?fit=913%2C398&amp;ssl=1\" data-orig-size=\"913,398\" data-comments-opened=\"1\" data-image-meta=\"{&quot;aperture&quot;:&quot;0&quot;,&quot;credit&quot;:&quot;&quot;,&quot;camera&quot;:&quot;&quot;,&quot;caption&quot;:&quot;&quot;,&quot;created_timestamp&quot;:&quot;0&quot;,&quot;copyright&quot;:&quot;&quot;,&quot;focal_length&quot;:&quot;0&quot;,&quot;iso&quot;:&quot;0&quot;,&quot;shutter_speed&quot;:&quot;0&quot;,&quot;title&quot;:&quot;&quot;,&quot;orientation&quot;:&quot;0&quot;}\" data-image- title=\"RoExit\"  data-image-description=\"\" data-image-caption=\"\" data-medium-file=\"https:\/\/i0.wp.com\/chiazna.ro\/wp-content\/uploads\/2023\/12\/Screenshot-2023-12-28-085628-1.png?fit=300%2C131&amp;ssl=1\" data-large-file=\"https:\/\/i0.wp.com\/chiazna.ro\/wp-content\/uploads\/2023\/12\/Screenshot-2023-12-28-085628-1.png?fit=860%2C375&amp;ssl=1\" \/><figcaption class=\"wp-element-caption\">Ro\u015fu:SUA, Portocaliu: UE, Albastru: CHINA \u2013 Sursa chart:\u00a0<a href=\"https:\/\/www.imf.org\/external\/datamapper\/PPPSH@WEO\/EU\/CHN\/USA\">FMI<\/a><\/figcaption><\/figure>\n<p>Deseori, gogoa\u015fa care ni se bag\u0103 pe g\u00e2t este c\u0103 tr\u0103im \u00eentr-o lume global\u0103 unde competi\u0163ia e foarte mare \u015fi e nevoie s\u0103 facem parte dintr-un bloc pentru a face fa\u0163\u0103. O minciun\u0103 mai mare ca asta nu exist\u0103! A fi parte dintr-un bloc este bine dac\u0103 tu e\u015fti puternic \u00een acel bloc \u015fi iei parte la decizii deoarece dup\u0103 cum \u015ftim\u00a0<strong>cine \u00eemparte, parte-\u015fi face<\/strong>. Niciodat\u0103 fermierii rom\u00e2ni nu vor avea de c\u00e2\u015ftigat \u00een lupta cu gr\u00e2narii ucrainieni, \u00een politica UE! Dac\u0103 e nevoie s\u0103 d\u0103m doar un exemplu ca s\u0103 spargem acest motto pervers folosit de manipulatori ca s\u0103 spele creierele pe meleaguri mioritice, poate ar fi suficient s\u0103 zicem Taiwan.<\/p>\n<p>C\u00e2t despre argumentele ra\u0163ionale c\u0103 apartenen\u0163a la un bloc e mai bun\u0103 dec\u00e2t solu\u0163ia individual\u0103, aceasta este o falsitate logic\u0103 din nenum\u0103rate puncte de vedere. \u00cen principal varianta blocului este din start mai dificil\u0103 deoarece \u00eentr-un bloc tu e\u015fti cumva dependent de ceilal\u0163i \u015fi ar fi bine s\u0103 \u015ftii cu cine te aliezi ca s\u0103 nu intri la ap\u0103. Dup\u0103 cum cred c\u0103 am explicat suficient, acest Green Deal nu este deloc un deal pentru noi rom\u00e2nii deoarece dup\u0103 ce c\u0103 oricum eram coda\u015fi \u00een competi\u0163ia global\u0103 prin faptul c\u0103 industria rom\u00e2neasc\u0103 lipse\u015fte cu des\u0103v\u00e2r\u015fire, perspectiva dezvolt\u0103rii unei produc\u0163ii este \u015fi mai nasoal\u0103. Iar \u00een cazul \u00een care aceste m\u0103suri draconice chiar vor fi puse \u00een aplicare, m\u0103car bog\u0103\u0163iile p\u0103m\u00e2ntului pe care le aveam, nu le putem folosi \u015fi vom fi nevoi\u0163i efectiv s\u0103 muncim ca sclavii \u00een viitor pentru a putea avea o bucat\u0103 de firimitur\u0103 aruncat\u0103 de la importatorii \u015fi distribuitorii de panouri solare care vor face big $$$ din acest \u201cdeal\u201d ca \u015fi din urm\u0103toarele.<\/p>\n<p>~ ~ ~ ~ ~ ~ ~ ~ ~ ~ ~ ~ ~ ~ ~ ~<\/p>\n<p>NOTE<\/p>\n<p>[1]\u00a0<a href=\"https:\/\/www.green.earth\/news\/teslas-carbon-credit-sales-soared-to-1.78-billion-in-2022\">Tesla\u2019s carbon credit sales soared to $1.78 billion in 2022<\/a><\/p>\n<p>[2]\u00a0<a href=\"https:\/\/autolatest.ro\/stiri\/totul-despre-motorizarea-1-5-mpi-vanduta-de-mg-motor-in-romania-motor-saic-15s4u-productie-opel-general-motors\/\">Totul despre motorizarea 1.5 MPI vanduta de MG Motor in Romania! Motor SAIC 15S4U productie Opel General Motors<\/a><\/p>\n<p>&lt;&lt; la inceput de an 2024 putem spune ca europenii NU MAI CONSTRUIESC motoare pe benzina fiabile pentru ca te forteaza sa cumperi masini electrice, intreg procesul tehnologic al motoarelor cu aprindere prin scanteie fiind oprit undeva in anul 2018 cand #DieselGate a dat lovitura de gratie industrie auto germane. &gt;&gt;<\/p>\n<p>[3]\u00a0<a href=\"https:\/\/www.acea.auto\/press-release\/auto-industry-calls-on-eu-leaders-to-act-on-eroding-industry-competitiveness\/\">Auto industry calls on EU leaders to act on eroding industry competitiveness<\/a><\/p>\n<p>[4]\u00a0<a href=\"https:\/\/www.npr.org\/2023\/09\/16\/1199963909\/eu-launches-investigation-into-chinese-evs-to-protect-european-automakers\">EU launches investigation into Chinese EVs to protect European automakers<\/a><\/p>\n<p>[5]\u00a0<a href=\"https:\/\/www.ft.com\/content\/f18ffa64-0528-429d-8483-5e7c709e6108\">China dismisses EU trade deficit concerns as leaders meet<\/a><\/p>\n<p>&lt;&lt; Von der Leyen told reporters after the summit the root causes of China\u2019s trade surplus with the EU were \u201cwell-known\u201d \u2014 a lack of market access for European companies and Beijing\u2019s preferential treatment of domestic companies &gt;&gt;<\/p>\n<p>[6]\u00a0<a href=\"https:\/\/en.wikipedia.org\/wiki\/2022%E2%80%932023_Russia%E2%80%93European_Union_gas_dispute\">2022\u20132023 Russia\u2013European Union gas dispute<\/a><\/p>\n<p>&lt;&lt; In 2022, Turkish President\u00a0Recep Tayyip Erdo\u011fan\u00a0and Russian President\u00a0Vladimir Putin\u00a0planned for\u00a0Turkey\u00a0to become an energy hub for all of Europe.\u00a0According to Aura S\u0103b\u0103du\u0219, a senior energy journalist focusing on the Black Sea region, \u201cTurkey would accumulate gas from various producers \u2014 Russia, Iran and Azerbaijan, [liquefied natural gas] and its own Black Sea gas \u2014 and then whitewash it and relabel it as Turkish. European buyers wouldn\u2019t know the origin of the gas. &gt;&gt;<\/p>\n<p>[7]<a href=\"https:\/\/www.aljazeera.com\/news\/2023\/8\/1\/uranium-price-hike-projected-after-niger-coup-spurs-slight-rise\">\u00a0Uranium price hike projected after Niger coup spurs slight rise<\/a><\/p>\n","protected":false},"excerpt":{"rendered":"<p>Un articol de G. Chiazna preluat cu acordul autorului de pe site-ul Chiazna.ro Da! Voi explica de ce. Dar Green Deal-ul este doar o parte, ar fi justificat\u0103 ie\u015firea \u015fi f\u0103r\u0103 acesta, de asemenea voi explica. Pentru melteanul care nu are idee pe ce lume tr\u0103ie\u015fte, e suficient poate s\u0103 spun c\u0103 actuala infla\u0163ie e [&hellip;]<\/p>\n","protected":false},"author":3,"featured_media":817,"comment_status":"open","ping_status":"open","sticky":false,"template":"","format":"standard","meta":{"footnotes":""},"categories":[267,32,290,4],"tags":[310,72,319,323,324,196,312,144,248,132,105,66,321,12,316],"class_list":["post-972","post","type-post","status-publish","format-standard","has-post-thumbnail","hentry","category-economie","category-opinii","category-politica","category-stil_de_viata","tag-chiazna-ro","tag-comisia-ue","tag-dioxid-de-carbon","tag-eonomie","tag-fmi","tag-gigel-chiazna","tag-green-deal","tag-marcel-ciolacu","tag-minciuna-ca-politica-de-stat","tag-parlamentul-ue","tag-razboi-ucraina","tag-roexit","tag-turism","tag-ue","tag-zero-emisii-de-carbon"],"yoast_head":"<!-- This site is optimized with the Yoast SEO plugin v24.4 - https:\/\/yoast.com\/wordpress\/plugins\/seo\/ -->\n<title>Este Green Deal-ul european at\u00e2t de important ca s\u0103 justifice ie\u0219irea din UE? Opinia lui Chiazna - RoExit<\/title>\n<meta name=\"robots\" content=\"index, follow, max-snippet:-1, max-image-preview:large, max-video-preview:-1\" \/>\n<link rel=\"canonical\" href=\"https:\/\/roexit.info\/?p=972\" \/>\n<meta property=\"og:locale\" content=\"ro_RO\" \/>\n<meta property=\"og:type\" content=\"article\" \/>\n<meta property=\"og:title\" content=\"Este Green Deal-ul european at\u00e2t de important ca s\u0103 justifice ie\u0219irea din UE? Opinia lui Chiazna - RoExit\" \/>\n<meta property=\"og:description\" content=\"Un articol de G. Chiazna preluat cu acordul autorului de pe site-ul Chiazna.ro Da! Voi explica de ce. Dar Green Deal-ul este doar o parte, ar fi justificat\u0103 ie\u015firea \u015fi f\u0103r\u0103 acesta, de asemenea voi explica. Pentru melteanul care nu are idee pe ce lume tr\u0103ie\u015fte, e suficient poate s\u0103 spun c\u0103 actuala infla\u0163ie e [&hellip;]\" \/>\n<meta property=\"og:url\" content=\"https:\/\/roexit.info\/?p=972\" \/>\n<meta property=\"og:site_name\" content=\"RoExit\" \/>\n<meta property=\"article:published_time\" content=\"2024-01-01T22:30:04+00:00\" \/>\n<meta property=\"article:modified_time\" content=\"2025-10-21T15:41:44+00:00\" \/>\n<meta property=\"og:image\" content=\"https:\/\/roexit.info\/wp-content\/uploads\/2023\/12\/propaganda-UE-.jpg\" \/>\n\t<meta property=\"og:image:width\" content=\"960\" \/>\n\t<meta property=\"og:image:height\" content=\"1280\" \/>\n\t<meta property=\"og:image:type\" content=\"image\/jpeg\" \/>\n<meta name=\"author\" content=\"P\u00e2r\u0103u Vlad\" \/>\n<meta name=\"twitter:card\" content=\"summary_large_image\" \/>\n<meta name=\"twitter:label1\" content=\"Scris de\" \/>\n\t<meta name=\"twitter:data1\" content=\"P\u00e2r\u0103u Vlad\" \/>\n\t<meta name=\"twitter:label2\" content=\"Timp estimat pentru citire\" \/>\n\t<meta name=\"twitter:data2\" content=\"24 de minute\" \/>\n<script type=\"application\/ld+json\" class=\"yoast-schema-graph\">{\"@context\":\"https:\/\/schema.org\",\"@graph\":[{\"@type\":\"Article\",\"@id\":\"https:\/\/roexit.info\/?p=972#article\",\"isPartOf\":{\"@id\":\"https:\/\/roexit.info\/?p=972\"},\"author\":{\"name\":\"P\u00e2r\u0103u Vlad\",\"@id\":\"https:\/\/roexit.info\/#\/schema\/person\/3822a7ccbd940791ab5628bbe51086c1\"},\"headline\":\"Este Green Deal-ul european at\u00e2t de important ca s\u0103 justifice ie\u0219irea din UE? Opinia lui Chiazna\",\"datePublished\":\"2024-01-01T22:30:04+00:00\",\"dateModified\":\"2025-10-21T15:41:44+00:00\",\"mainEntityOfPage\":{\"@id\":\"https:\/\/roexit.info\/?p=972\"},\"wordCount\":4864,\"commentCount\":2,\"publisher\":{\"@id\":\"https:\/\/roexit.info\/#organization\"},\"image\":{\"@id\":\"https:\/\/roexit.info\/?p=972#primaryimage\"},\"thumbnailUrl\":\"https:\/\/roexit.info\/wp-content\/uploads\/2023\/12\/propaganda-UE-.jpg\",\"keywords\":[\"chiazna.ro\",\"Comisia UE\",\"dioxid de carbon\",\"eonomie\",\"FMI\",\"Gigel Chiazna\",\"Green Deal\",\"Marcel Ciolacu\",\"minciuna ca politic\u0103 de stat\",\"Parlamentul UE\",\"r\u0103zboi Ucraina\",\"ROexit\",\"turism\",\"UE\",\"zero emisii de carbon\"],\"articleSection\":[\"Economie\",\"Opinii\",\"Politic\u0103\",\"Via\u021ba \u00een secolul XXI\"],\"inLanguage\":\"ro-RO\",\"potentialAction\":[{\"@type\":\"CommentAction\",\"name\":\"Comment\",\"target\":[\"https:\/\/roexit.info\/?p=972#respond\"]}]},{\"@type\":\"WebPage\",\"@id\":\"https:\/\/roexit.info\/?p=972\",\"url\":\"https:\/\/roexit.info\/?p=972\",\"name\":\"Este Green Deal-ul european at\u00e2t de important ca s\u0103 justifice ie\u0219irea din UE? Opinia lui Chiazna - RoExit\",\"isPartOf\":{\"@id\":\"https:\/\/roexit.info\/#website\"},\"primaryImageOfPage\":{\"@id\":\"https:\/\/roexit.info\/?p=972#primaryimage\"},\"image\":{\"@id\":\"https:\/\/roexit.info\/?p=972#primaryimage\"},\"thumbnailUrl\":\"https:\/\/roexit.info\/wp-content\/uploads\/2023\/12\/propaganda-UE-.jpg\",\"datePublished\":\"2024-01-01T22:30:04+00:00\",\"dateModified\":\"2025-10-21T15:41:44+00:00\",\"breadcrumb\":{\"@id\":\"https:\/\/roexit.info\/?p=972#breadcrumb\"},\"inLanguage\":\"ro-RO\",\"potentialAction\":[{\"@type\":\"ReadAction\",\"target\":[\"https:\/\/roexit.info\/?p=972\"]}]},{\"@type\":\"ImageObject\",\"inLanguage\":\"ro-RO\",\"@id\":\"https:\/\/roexit.info\/?p=972#primaryimage\",\"url\":\"https:\/\/roexit.info\/wp-content\/uploads\/2023\/12\/propaganda-UE-.jpg\",\"contentUrl\":\"https:\/\/roexit.info\/wp-content\/uploads\/2023\/12\/propaganda-UE-.jpg\",\"width\":960,\"height\":1280,\"caption\":\"Propaganda UE pe banii contribuabilului\"},{\"@type\":\"BreadcrumbList\",\"@id\":\"https:\/\/roexit.info\/?p=972#breadcrumb\",\"itemListElement\":[{\"@type\":\"ListItem\",\"position\":1,\"name\":\"Prima pagin\u0103\",\"item\":\"https:\/\/roexit.info\/\"},{\"@type\":\"ListItem\",\"position\":2,\"name\":\"Este Green Deal-ul european at\u00e2t de important ca s\u0103 justifice ie\u0219irea din UE? Opinia lui Chiazna\"}]},{\"@type\":\"WebSite\",\"@id\":\"https:\/\/roexit.info\/#website\",\"url\":\"https:\/\/roexit.info\/\",\"name\":\"RoExit\",\"description\":\"UE la co\u0219ul de gunoi al istoriei\",\"publisher\":{\"@id\":\"https:\/\/roexit.info\/#organization\"},\"potentialAction\":[{\"@type\":\"SearchAction\",\"target\":{\"@type\":\"EntryPoint\",\"urlTemplate\":\"https:\/\/roexit.info\/?s={search_term_string}\"},\"query-input\":{\"@type\":\"PropertyValueSpecification\",\"valueRequired\":true,\"valueName\":\"search_term_string\"}}],\"inLanguage\":\"ro-RO\"},{\"@type\":\"Organization\",\"@id\":\"https:\/\/roexit.info\/#organization\",\"name\":\"RoExit\",\"url\":\"https:\/\/roexit.info\/\",\"logo\":{\"@type\":\"ImageObject\",\"inLanguage\":\"ro-RO\",\"@id\":\"https:\/\/roexit.info\/#\/schema\/logo\/image\/\",\"url\":\"https:\/\/roexit.info\/wp-content\/uploads\/2023\/12\/cropped-logo-vsrianta-2.jpeg\",\"contentUrl\":\"https:\/\/roexit.info\/wp-content\/uploads\/2023\/12\/cropped-logo-vsrianta-2.jpeg\",\"width\":358,\"height\":277,\"caption\":\"RoExit\"},\"image\":{\"@id\":\"https:\/\/roexit.info\/#\/schema\/logo\/image\/\"}},{\"@type\":\"Person\",\"@id\":\"https:\/\/roexit.info\/#\/schema\/person\/3822a7ccbd940791ab5628bbe51086c1\",\"name\":\"P\u00e2r\u0103u Vlad\",\"image\":{\"@type\":\"ImageObject\",\"inLanguage\":\"ro-RO\",\"@id\":\"https:\/\/roexit.info\/#\/schema\/person\/image\/\",\"url\":\"https:\/\/secure.gravatar.com\/avatar\/14aff8b17897b19faac02aca2a116530d9e5c8912df6512c1bf3efb45f65a5f7?s=96&d=mm&r=g\",\"contentUrl\":\"https:\/\/secure.gravatar.com\/avatar\/14aff8b17897b19faac02aca2a116530d9e5c8912df6512c1bf3efb45f65a5f7?s=96&d=mm&r=g\",\"caption\":\"P\u00e2r\u0103u Vlad\"},\"description\":\"Redactor\/Editor at ROexit.info Redactor at Cerul, codrul \u0219i p\u00e2r\u0103ul Studied at Universitatea Lucian Blaga Sibiu\",\"sameAs\":[\"http:\/\/roexit.info\"],\"url\":\"https:\/\/roexit.info\/?author=3\"}]}<\/script>\n<!-- \/ Yoast SEO plugin. -->","yoast_head_json":{"title":"Este Green Deal-ul european at\u00e2t de important ca s\u0103 justifice ie\u0219irea din UE? Opinia lui Chiazna - RoExit","robots":{"index":"index","follow":"follow","max-snippet":"max-snippet:-1","max-image-preview":"max-image-preview:large","max-video-preview":"max-video-preview:-1"},"canonical":"https:\/\/roexit.info\/?p=972","og_locale":"ro_RO","og_type":"article","og_title":"Este Green Deal-ul european at\u00e2t de important ca s\u0103 justifice ie\u0219irea din UE? Opinia lui Chiazna - RoExit","og_description":"Un articol de G. Chiazna preluat cu acordul autorului de pe site-ul Chiazna.ro Da! Voi explica de ce. Dar Green Deal-ul este doar o parte, ar fi justificat\u0103 ie\u015firea \u015fi f\u0103r\u0103 acesta, de asemenea voi explica. Pentru melteanul care nu are idee pe ce lume tr\u0103ie\u015fte, e suficient poate s\u0103 spun c\u0103 actuala infla\u0163ie e [&hellip;]","og_url":"https:\/\/roexit.info\/?p=972","og_site_name":"RoExit","article_published_time":"2024-01-01T22:30:04+00:00","article_modified_time":"2025-10-21T15:41:44+00:00","og_image":[{"width":960,"height":1280,"url":"https:\/\/roexit.info\/wp-content\/uploads\/2023\/12\/propaganda-UE-.jpg","type":"image\/jpeg"}],"author":"P\u00e2r\u0103u Vlad","twitter_card":"summary_large_image","twitter_misc":{"Scris de":"P\u00e2r\u0103u Vlad","Timp estimat pentru citire":"24 de minute"},"schema":{"@context":"https:\/\/schema.org","@graph":[{"@type":"Article","@id":"https:\/\/roexit.info\/?p=972#article","isPartOf":{"@id":"https:\/\/roexit.info\/?p=972"},"author":{"name":"P\u00e2r\u0103u Vlad","@id":"https:\/\/roexit.info\/#\/schema\/person\/3822a7ccbd940791ab5628bbe51086c1"},"headline":"Este Green Deal-ul european at\u00e2t de important ca s\u0103 justifice ie\u0219irea din UE? Opinia lui Chiazna","datePublished":"2024-01-01T22:30:04+00:00","dateModified":"2025-10-21T15:41:44+00:00","mainEntityOfPage":{"@id":"https:\/\/roexit.info\/?p=972"},"wordCount":4864,"commentCount":2,"publisher":{"@id":"https:\/\/roexit.info\/#organization"},"image":{"@id":"https:\/\/roexit.info\/?p=972#primaryimage"},"thumbnailUrl":"https:\/\/roexit.info\/wp-content\/uploads\/2023\/12\/propaganda-UE-.jpg","keywords":["chiazna.ro","Comisia UE","dioxid de carbon","eonomie","FMI","Gigel Chiazna","Green Deal","Marcel Ciolacu","minciuna ca politic\u0103 de stat","Parlamentul UE","r\u0103zboi Ucraina","ROexit","turism","UE","zero emisii de carbon"],"articleSection":["Economie","Opinii","Politic\u0103","Via\u021ba \u00een secolul XXI"],"inLanguage":"ro-RO","potentialAction":[{"@type":"CommentAction","name":"Comment","target":["https:\/\/roexit.info\/?p=972#respond"]}]},{"@type":"WebPage","@id":"https:\/\/roexit.info\/?p=972","url":"https:\/\/roexit.info\/?p=972","name":"Este Green Deal-ul european at\u00e2t de important ca s\u0103 justifice ie\u0219irea din UE? Opinia lui Chiazna - RoExit","isPartOf":{"@id":"https:\/\/roexit.info\/#website"},"primaryImageOfPage":{"@id":"https:\/\/roexit.info\/?p=972#primaryimage"},"image":{"@id":"https:\/\/roexit.info\/?p=972#primaryimage"},"thumbnailUrl":"https:\/\/roexit.info\/wp-content\/uploads\/2023\/12\/propaganda-UE-.jpg","datePublished":"2024-01-01T22:30:04+00:00","dateModified":"2025-10-21T15:41:44+00:00","breadcrumb":{"@id":"https:\/\/roexit.info\/?p=972#breadcrumb"},"inLanguage":"ro-RO","potentialAction":[{"@type":"ReadAction","target":["https:\/\/roexit.info\/?p=972"]}]},{"@type":"ImageObject","inLanguage":"ro-RO","@id":"https:\/\/roexit.info\/?p=972#primaryimage","url":"https:\/\/roexit.info\/wp-content\/uploads\/2023\/12\/propaganda-UE-.jpg","contentUrl":"https:\/\/roexit.info\/wp-content\/uploads\/2023\/12\/propaganda-UE-.jpg","width":960,"height":1280,"caption":"Propaganda UE pe banii contribuabilului"},{"@type":"BreadcrumbList","@id":"https:\/\/roexit.info\/?p=972#breadcrumb","itemListElement":[{"@type":"ListItem","position":1,"name":"Prima pagin\u0103","item":"https:\/\/roexit.info\/"},{"@type":"ListItem","position":2,"name":"Este Green Deal-ul european at\u00e2t de important ca s\u0103 justifice ie\u0219irea din UE? Opinia lui Chiazna"}]},{"@type":"WebSite","@id":"https:\/\/roexit.info\/#website","url":"https:\/\/roexit.info\/","name":"RoExit","description":"UE la co\u0219ul de gunoi al istoriei","publisher":{"@id":"https:\/\/roexit.info\/#organization"},"potentialAction":[{"@type":"SearchAction","target":{"@type":"EntryPoint","urlTemplate":"https:\/\/roexit.info\/?s={search_term_string}"},"query-input":{"@type":"PropertyValueSpecification","valueRequired":true,"valueName":"search_term_string"}}],"inLanguage":"ro-RO"},{"@type":"Organization","@id":"https:\/\/roexit.info\/#organization","name":"RoExit","url":"https:\/\/roexit.info\/","logo":{"@type":"ImageObject","inLanguage":"ro-RO","@id":"https:\/\/roexit.info\/#\/schema\/logo\/image\/","url":"https:\/\/roexit.info\/wp-content\/uploads\/2023\/12\/cropped-logo-vsrianta-2.jpeg","contentUrl":"https:\/\/roexit.info\/wp-content\/uploads\/2023\/12\/cropped-logo-vsrianta-2.jpeg","width":358,"height":277,"caption":"RoExit"},"image":{"@id":"https:\/\/roexit.info\/#\/schema\/logo\/image\/"}},{"@type":"Person","@id":"https:\/\/roexit.info\/#\/schema\/person\/3822a7ccbd940791ab5628bbe51086c1","name":"P\u00e2r\u0103u Vlad","image":{"@type":"ImageObject","inLanguage":"ro-RO","@id":"https:\/\/roexit.info\/#\/schema\/person\/image\/","url":"https:\/\/secure.gravatar.com\/avatar\/14aff8b17897b19faac02aca2a116530d9e5c8912df6512c1bf3efb45f65a5f7?s=96&d=mm&r=g","contentUrl":"https:\/\/secure.gravatar.com\/avatar\/14aff8b17897b19faac02aca2a116530d9e5c8912df6512c1bf3efb45f65a5f7?s=96&d=mm&r=g","caption":"P\u00e2r\u0103u Vlad"},"description":"Redactor\/Editor at ROexit.info Redactor at Cerul, codrul \u0219i p\u00e2r\u0103ul Studied at Universitatea Lucian Blaga Sibiu","sameAs":["http:\/\/roexit.info"],"url":"https:\/\/roexit.info\/?author=3"}]}},"_links":{"self":[{"href":"https:\/\/roexit.info\/index.php?rest_route=\/wp\/v2\/posts\/972","targetHints":{"allow":["GET"]}}],"collection":[{"href":"https:\/\/roexit.info\/index.php?rest_route=\/wp\/v2\/posts"}],"about":[{"href":"https:\/\/roexit.info\/index.php?rest_route=\/wp\/v2\/types\/post"}],"author":[{"embeddable":true,"href":"https:\/\/roexit.info\/index.php?rest_route=\/wp\/v2\/users\/3"}],"replies":[{"embeddable":true,"href":"https:\/\/roexit.info\/index.php?rest_route=%2Fwp%2Fv2%2Fcomments&post=972"}],"version-history":[{"count":1,"href":"https:\/\/roexit.info\/index.php?rest_route=\/wp\/v2\/posts\/972\/revisions"}],"predecessor-version":[{"id":973,"href":"https:\/\/roexit.info\/index.php?rest_route=\/wp\/v2\/posts\/972\/revisions\/973"}],"wp:featuredmedia":[{"embeddable":true,"href":"https:\/\/roexit.info\/index.php?rest_route=\/wp\/v2\/media\/817"}],"wp:attachment":[{"href":"https:\/\/roexit.info\/index.php?rest_route=%2Fwp%2Fv2%2Fmedia&parent=972"}],"wp:term":[{"taxonomy":"category","embeddable":true,"href":"https:\/\/roexit.info\/index.php?rest_route=%2Fwp%2Fv2%2Fcategories&post=972"},{"taxonomy":"post_tag","embeddable":true,"href":"https:\/\/roexit.info\/index.php?rest_route=%2Fwp%2Fv2%2Ftags&post=972"}],"curies":[{"name":"wp","href":"https:\/\/api.w.org\/{rel}","templated":true}]}}